{"id":18752,"date":"2025-12-28T21:39:16","date_gmt":"2025-12-28T20:39:16","guid":{"rendered":"https:\/\/fedelnelkul.hu\/?p=18752"},"modified":"2025-12-28T21:39:16","modified_gmt":"2025-12-28T20:39:16","slug":"interju-pincz-petraval","status":"publish","type":"post","link":"https:\/\/fedelnelkul.hu\/en\/2025\/12\/28\/interju-pincz-petraval\/","title":{"rendered":"Interj\u00fa Pincz Petr\u00e1val, az \u00c1thidal\u00f3 Iskola El\u0151k\u00e9sz\u00edt\u0151 Program alap\u00edt\u00f3j\u00e1val"},"content":{"rendered":"<p><b>Csillagsodr\u00e1s<\/b><\/p>\n<p>&nbsp;<\/p>\n<p><i><span style=\"font-weight: 400;\">Interj\u00fa Pincz Petr\u00e1val, az \u00c1thidal\u00f3 Iskola El\u0151k\u00e9sz\u00edt\u0151 Program alap\u00edt\u00f3j\u00e1val<\/span><\/i><\/p>\n<p>&nbsp;<\/p>\n<p><b><i>Mit kell azon \u00e9rteni, hogy \u201e\u00c1thidal\u00f3 Program\u201d?\u00a0\u00a0<\/i><\/b><\/p>\n<p><span style=\"font-weight: 400;\">Nem gerend\u00e1kra \u00e9s bolt\u00edvekre kell gondolni. Nagycsoportos \u00f3vod\u00e1sokat k\u00e9sz\u00edt\u00fcnk fel az iskol\u00e1ra. Az a c\u00e9lunk, hogy azok a gyerekek, akik ebben a tan\u00e9vben nagycsoportba j\u00e1rnak, min\u00e9l magabiztosabban, min\u00e9l t\u00f6bb tud\u00e1ssal kezdhess\u00e9k el szeptemberben az els\u0151 oszt\u00e1lyt. Akkor v\u00e9gezz\u00fck j\u00f3l a munk\u00e1nkat, ha a gyerekek lelkes izgalommal, felk\u00e9sz\u00fclten v\u00e1rj\u00e1k az iskol\u00e1t.\u00a0<\/span><\/p>\n<p>&nbsp;<\/p>\n<p><b><i>A csoportjaitokba olyan gyerekeket v\u00e1rtok, akik valamilyen k\u00e9szs\u00e9g ter\u00e9n nagyon lemaradtak?\u00a0<\/i><\/b><\/p>\n<p><span style=\"font-weight: 400;\">\u00dagy gondolom, annak a gyerk\u0151cnek is hasznos lehet a programunk, akivel semmilyen probl\u00e9ma nem mer\u00fclt fel, hiszen mindenkinek vannak fejleszt\u00e9sre v\u00e1r\u00f3 k\u00e9szs\u00e9gei. Mivel komplex programmal v\u00e1rjuk \u0151ket, \u00e9s nem csak egy-k\u00e9t r\u00e9szk\u00e9pess\u00e9gre f\u00f3kusz\u00e1lunk, hamar megtal\u00e1ljuk, kinek mi az er\u0151ss\u00e9ge \u00e9s miben kellene egy kicsit fejl\u0151dni. P\u00e9ld\u00e1ul fontosnak tartjuk az olvas\u00e1s \u00e9s az \u00edr\u00e1s alapjainak megtanul\u00e1s\u00e1t, vannak, akiknek ez nem okoz neh\u00e9zs\u00e9get, m\u00edg m\u00e1soknak a logikai alap\u00fa j\u00e1t\u00e9kok mennek jobban. A matematika ter\u00e9n arra t\u00f6reksz\u00fcnk, hogy a program v\u00e9g\u00e9re t\u00edzes sz\u00e1mk\u00f6rben \u00f6sszeadjanak \u00e9s kivonjanak, mindezt j\u00e1t\u00e9kosan, \u00e9s b\u00e1r bet\u0171ket \u00edrni \u00e9s olvasni nem tanulunk, de az \u00f6sszes olyan \u00edr\u00e1selemmel megismerkednek, amelyek k\u00e9s\u0151bb az \u00edr\u00e1shoz sz\u00fcks\u00e9gesek.\u00a0<\/span><\/p>\n<p>&nbsp;<\/p>\n<p><b><i>Hogyan tal\u00e1ltok \u00faj jelentkez\u0151kre?\u00a0<\/i><\/b><\/p>\n<p><span style=\"font-weight: 400;\">Manaps\u00e1g a sz\u00fcl\u0151k t\u00e1j\u00e9koz\u00f3dnak az interneten, milyen krit\u00e9riumai vannak az iskola\u00e9retts\u00e9gnek, hogyan tudn\u00e1k gyermek\u00fcket seg\u00edteni, \u00e9s nem kell bizonygatnunk, mennyire hasznos lehet a munk\u00e1nk. Sokan teh\u00e1t \u00edgy tal\u00e1lnak r\u00e1nk. Az is el\u0151fordul, hogy az \u00f3vodapedag\u00f3gus h\u00edvja fel a figyelmet arra, ha egy gyerekn\u00e9l valamilyen k\u00e9szs\u00e9g ter\u00e9n kiemelked\u0151 teljes\u00edtm\u00e9nyt vagy lemarad\u00e1st tapasztal \u00e9s hozz\u00e1nk ir\u00e1ny\u00edtja a sz\u00fcl\u0151t.\u00a0<\/span><\/p>\n<p>&nbsp;<\/p>\n<p><b><i>Ma m\u00e1r 58 telep\u00fcl\u00e9sen el\u00e9rhet\u0151 franchise h\u00e1l\u00f3zat vagytok. Hogyan j\u00f6tt az \u00f6tlet, hogy erre a szolg\u00e1ltat\u00e1sra ekkora kereslet lehet?\u00a0<\/i><\/b><\/p>\n<p><span style=\"font-weight: 400;\">A gondolat, hogy \u00e9n ilyesmivel szeretn\u00e9k foglalkozni, az \u00f3vodapedag\u00f3gusi tanulm\u00e1nyaim v\u00e9ge fel\u00e9, m\u00e1r a szakdolgozatom \u00edr\u00e1sa k\u00f6zben megfogalmaz\u00f3dott bennem. Tan\u00edt\u00f3 \u00e9s \u00f3vodapedag\u00f3gus diplom\u00e1t szereztem egy \u00e9v k\u00fcl\u00f6nbs\u00e9ggel, \u00edgy val\u00f3ban volt ismeretem az \u00f3voda-iskola \u00e1tmenetr\u0151l. Akkor m\u00e9g nem gondoltam \u00fczletre, h\u00e1l\u00f3zatra, k\u00e9pz\u00e9sekre, csak azt d\u00f6nt\u00f6ttem el, hogy az \u00f3vod\u00e1b\u00f3l az iskol\u00e1ba t\u00f6rt\u00e9n\u0151 \u00e1tmenettel kapcsolatban sok olyan probl\u00e9ma mer\u00fclhet fel, amelynek megold\u00e1s\u00e1ban seg\u00edteni tudn\u00e9k. \u00d3voda ut\u00e1ni d\u00e9lut\u00e1ni \u00e9s h\u00e9tv\u00e9gi foglalkoz\u00e1sokat szerveztem a gyerekeknek, \u00e9s mik\u00f6zben egyre ink\u00e1bb a sz\u00edv\u00fcgyemm\u00e9 v\u00e1lt ez a munka, a h\u00edre is terjedt \u00e9s j\u00f6ttek az \u00e9rdekl\u0151d\u0151k, mit is csin\u00e1lok, milyen m\u00f3dszerekkel. 2014-15-ben kaptam meg a diplom\u00e1imat, s r\u00e1 h\u00e1rom \u00e9vvel m\u00e1r azt k\u00e9rdezgett\u00e9k t\u0151lem a koll\u00e9g\u00e1k, hogyan lehetne mindazt, amit n\u00e1lam l\u00e1ttak, be\u00e9p\u00edteni a munk\u00e1jukba. \u00c9n is folyamatosan j\u00e1rtam k\u00e9pz\u00e9sekre, \u00edgy mer\u00fclt fel az \u00f6tlet, hogy mindazt, amit \u00e9n m\u00e1r elm\u00e9letben \u00e9s gyakorlatban is megtanultam, valamilyen oktat\u00e1s sor\u00e1n tov\u00e1bb adhatn\u00e1m az \u00e9rdekl\u0151d\u0151knek. A pedag\u00f3gus tov\u00e1bbk\u00e9pz\u00e9sek 2018-19-ben indultak el, \u00e9s b\u00e1r a kezdetn\u00e9l m\u00e9g nem gondoltunk erre, de k\u00e9s\u0151bb orsz\u00e1gos franchise h\u00e1l\u00f3zat n\u0151tt ki bel\u0151le.\u00a0<\/span><\/p>\n<p>&nbsp;<\/p>\n<p><b><i>Hogyan keltitek fel a gyerekek \u00e9rdekl\u0151d\u00e9s\u00e9t?\u00a0<\/i><\/b><\/p>\n<p><span style=\"font-weight: 400;\">Annyira j\u00e1t\u00e9kosak a foglalkoz\u00e1saink, olyan sok \u00f6tletet, annyi saj\u00e1t fejleszt\u00e9s\u0171 eszk\u00f6zt haszn\u00e1lunk, hogy alig v\u00e1rj\u00e1k a k\u00f6vetkez\u0151 alkalmat, \u00e9s sz\u00edvesen maradn\u00e1nak m\u00e9g, ha nem j\u00f6nne a k\u00f6vetkez\u0151 csoport. Vannak nagym\u00e9ret\u0171 t\u00e1bl\u00e1ink, amin az \u00edr\u00e1selemeket tanuljuk \u00e9s gyakoroljuk, k\u00e1rty\u00e1ink, amiket a \u201ematematika\u201d tanul\u00e1s\u00e1ra, az \u00e9rzelmi intelligencia fejleszt\u00e9s\u00e9re tal\u00e1ltunk ki. Az is \u00e9rdekess\u00e9 teszi az \u00f3r\u00e1inkat, hogy nem egyf\u00e9le k\u00e9szs\u00e9get fejleszt\u00fcnk, hanem minden foglalkoz\u00e1son igyeksz\u00fcnk v\u00e1ltozatoss\u00e1gra t\u00f6rekedni.\u00a0<\/span><\/p>\n<p>&nbsp;<\/p>\n<p><b><i>Mik a h\u00e1l\u00f3zat jellemz\u0151i?<\/i><\/b><\/p>\n<p><span style=\"font-weight: 400;\">A franchise szigor\u00fa szab\u00e1lyaiban csak annyiban vagyunk megenged\u0151bbek, hogy most m\u00e9g nem tudunk egys\u00e9ges helysz\u00edneket kialak\u00edtani, b\u00e1r nagyon szeretn\u00e9nk. Amikor a sz\u00fcl\u0151 be\u00edratja a gyerek\u00e9t az \u00c1thidal\u00f3 programba, akkor egy hat-nyolc h\u00f3napos foglalkoz\u00e1s-sorozatban ugyanazzal a tematik\u00e1val haladnak az oktat\u00f3k valamennyi helysz\u00edn\u00fcnk\u00f6n, ugyanazokkal a saj\u00e1t gy\u00e1rt\u00e1s\u00fa eszk\u00f6z\u00f6kkel tal\u00e1lkoznak a gyerekek. Minden koll\u00e9g\u00e1nk k\u00e9theti rendszeress\u00e9ggel vesz r\u00e9szt megbesz\u00e9l\u00e9sen \u00e9s szakmai el\u0151ad\u00e1son, illetve \u00e9vi k\u00e9t alkalommal olyan szakmai napot tartunk, amelyre neves el\u0151ad\u00f3kat h\u00edvunk meg, hogy tanulhassunk t\u0151l\u00fck. Fontos, hogy minden munkat\u00e1rsunk egys\u00e9ges szeml\u00e9lettel \u00e9s egys\u00e9ges tud\u00e1ssal rendelkezzen. Alaposan megn\u00e9zz\u00fck, kivel szeretn\u00e9nk egy\u00fctt dolgozni, tavaly 279 jelentkez\u0151b\u0151l 21 embert vett\u00fcnk fel koll\u00e9g\u00e1ink k\u00f6z\u00e9. Egy \u00e9ves szerz\u0151d\u00e9seket k\u00f6t\u00fcnk, az \u00e9v v\u00e9gi teljes\u00edtm\u00e9ny\u00e9rt\u00e9kel\u00e9sben pedig a sz\u00fcl\u0151k k\u00e9rd\u0151\u00edven t\u00f6rt\u00e9n\u0151 visszajelz\u00e9seit is figyelembe vessz\u00fck.<\/span><\/p>\n<p>&nbsp;<\/p>\n<p><b><i>Hogyan v\u00e1lasztod ki a k\u00f6zvetlen seg\u00edt\u0151idet?\u00a0<\/i><\/b><\/p>\n<p><span style=\"font-weight: 400;\">Saj\u00e1t tapasztatb\u00f3l is tudom, hogy m\u00e1s szakmailag j\u00f3nak lenni \u00e9s m\u00e1s vezet\u0151k\u00e9nt is hat\u00e9konyan dolgozni. Hi\u00e1ba remek \u00f3vodapedag\u00f3gus valaki, ha a v\u00e1llalkoz\u00e1s-fejleszt\u00e9sben, a marketingben, a vezet\u0151i kommunik\u00e1ci\u00f3ban komoly hi\u00e1nyoss\u00e1gai vannak. A feln\u0151tt emberek seg\u00edt\u00e9se, k\u00e9pz\u00e9se, ir\u00e1ny\u00edt\u00e1sa, motiv\u00e1l\u00e1sa eg\u00e9szen m\u00e1sf\u00e9le k\u00e9pess\u00e9geket k\u00edv\u00e1n, mint a gyermekek fejleszt\u00e9se. Megold\u00e1sf\u00f3kusz\u00fa igyekszem lenni. Ha valamir\u0151l azt l\u00e1tom, hogy nem m\u0171k\u00f6dik, akkor nem ragaszkodhatom egy-k\u00e9t \u00e9ve m\u00e9g remek\u00fcl bev\u00e1lt \u00f6tletemhez, ilyenkor strat\u00e9gi\u00e1t kell v\u00e1ltani. B\u00e1rmennyire is franchise vagyunk, fontos k\u00e9rd\u00e9sekben nem egyed\u00fcl d\u00f6nt\u00f6k, hanem k\u00f6r\u00fclbel\u00fcl t\u00edz olyan munkat\u00e1rsam van a csapatban, akikkel minden komoly k\u00e9rd\u00e9st megbesz\u00e9l\u00fcnk. A d\u00f6nt\u00e9s joga \u00e9s felel\u0151ss\u00e9ge \u00edgy is az eny\u00e9m, de nyilv\u00e1n figyelembe veszem az \u0151 tan\u00e1csaikat is.\u00a0<\/span><\/p>\n<p>&nbsp;<\/p>\n<p><b><i>Akkor te m\u00e1r csak a szervez\u00e9ssel, a c\u00e9g ir\u00e1ny\u00edt\u00e1s\u00e1val foglalkozol?<img loading=\"lazy\" decoding=\"async\" class=\" wp-image-18754 alignright\" src=\"https:\/\/fedelnelkul.hu\/wp-content\/uploads\/2025\/12\/pinczpetra_1-683x1024.jpg\" alt=\"\" width=\"389\" height=\"584\" srcset=\"https:\/\/fedelnelkul.hu\/wp-content\/uploads\/2025\/12\/pinczpetra_1-683x1024.jpg 683w, https:\/\/fedelnelkul.hu\/wp-content\/uploads\/2025\/12\/pinczpetra_1-200x300.jpg 200w, https:\/\/fedelnelkul.hu\/wp-content\/uploads\/2025\/12\/pinczpetra_1-768x1151.jpg 768w, https:\/\/fedelnelkul.hu\/wp-content\/uploads\/2025\/12\/pinczpetra_1-1025x1536.jpg 1025w, https:\/\/fedelnelkul.hu\/wp-content\/uploads\/2025\/12\/pinczpetra_1-1367x2048.jpg 1367w, https:\/\/fedelnelkul.hu\/wp-content\/uploads\/2025\/12\/pinczpetra_1-scaled.jpg 1709w\" sizes=\"auto, (max-width: 389px) 100vw, 389px\" \/><\/i><\/b><\/p>\n<p><span style=\"font-weight: 400;\">Dehogyis! Im\u00e1dok a gyerekeknek \u00f3r\u00e1t tartani \u00e9s ebb\u0151l nem vagyok hajland\u00f3 engedni. Hetente 4-5 napon vannak foglalkoz\u00e1saim a gyerekekkel, p\u00e9ld\u00e1ul vas\u00e1rnap is, amikor reggelt\u0151l estig sorban j\u00f6nnek a csoportok. A marad\u00e9k 2-3 nap koordin\u00e1lom a koll\u00e9g\u00e1k munk\u00e1j\u00e1t, megbesz\u00e9l\u00e9seket szervez\u00fcnk, ilyenkor jut id\u0151 az adminisztr\u00e1ci\u00f3ra \u00e9s minden olyan dologra, amit kev\u00e9sb\u00e9 szeretek a munk\u00e1mban.\u00a0<\/span><\/p>\n<p>&nbsp;<\/p>\n<p><b><i>Mennyire jellemz\u0151 a lemorzsol\u00f3d\u00e1s?\u00a0<\/i><\/b><\/p>\n<p><span style=\"font-weight: 400;\">A sz\u00fcl\u0151k nagy r\u00e9sze m\u00e1r gy\u0171jt\u00f6tt inform\u00e1ci\u00f3kat vagy aj\u00e1nlottak minket, \u00e9s lelkesen hozza a gyerek\u00e9t, tiszt\u00e1ban van vele, mit v\u00e1llal. Elv\u00e9tve olyan is akad, aki f\u00e9l\u00faton kisz\u00e1ll. Ez nem j\u00f3 sem a gyereknek, sem az 5-6 f\u0151s csoportnak, hiszen \u00f6sszeszokott kis csapatr\u00f3l van sz\u00f3. Azt is megtanultuk, hogy r\u00e9szletes, teljes k\u00f6r\u0171 t\u00e1j\u00e9koztat\u00e1st kell adnunk, \u00edgy menet k\u00f6zben semmi sem \u00e9ri v\u00e1ratlanul a sz\u00fcl\u0151ket. Mennyi ideig fog tartani, mennyi plusz elfoglalts\u00e1ggal j\u00e1r, mennyit kell fizetni, mit t\u00f6rt\u00e9nik, ha megbetegszik a gyerek, mi van, ha nem tudnak elj\u00f6nni\u2026 Mindent el\u0151re tiszt\u00e1zni kell, k\u00fcl\u00f6nben sok konfliktus ad\u00f3dhatna.\u00a0<\/span><\/p>\n<p>&nbsp;<\/p>\n<p><b><i>Olyan terveitek is vannak, amelyek nem kiz\u00e1r\u00f3lag a k\u00e9pess\u00e9gfejleszt\u00e9sr\u0151l sz\u00f3lnak?\u00a0<\/i><\/b><\/p>\n<p><span style=\"font-weight: 400;\">Gyereknapra megjelenik egy mesek\u00f6nyv\u00fcnk, a sz\u00f6veg\u00edr\u00f3val \u00e9s az illusztr\u00e1torral temp\u00f3san dogozunk rajta, t\u00f6bbnyire \u00e9jszak\u00e1nk\u00e9nt. Csillagsodr\u00e1s lesz a c\u00edme \u00e9s t\u00edz k\u00fcl\u00f6nb\u00f6z\u0151 t\u00edpus\u00fa gyerk\u0151cr\u0151l sz\u00f3l. Olyanokr\u00f3l, akik kicsit kil\u00f3gnak a sorb\u00f3l, de nagyon \u00e9rt\u00e9kesek.\u00a0<\/span><\/p>\n<p><span style=\"font-weight: 400;\">K\u00e9sz\u00fcl a webshopunk is, ahol f\u0151k\u00e9nt olyan fejleszt\u0151 j\u00e1t\u00e9kokat \u00e1rulunk majd, amelyeket mi tervezt\u00fcnk, mi gy\u00e1rtunk. M\u00e1sik fontos terv\u00fcnk, hogy fejleszt\u0151 b\u00f6lcs\u0151d\u00e9t nyitunk szeptemberben Zugl\u00f3ban, ahol a mozg\u00e1s \u00e9s besz\u00e9dfejleszt\u00e9s \u00e1ll majd a f\u00f3kuszban, term\u00e9szetesen a sok-sok j\u00e1t\u00e9k mellett.\u00a0<\/span><\/p>\n<p>&nbsp;<\/p>\n<p><b><i>Te milyen gyerek volt\u00e1l?\u00a0<\/i><\/b><\/p>\n<p><span style=\"font-weight: 400;\">Probl\u00e9m\u00e1s. Nehezen bar\u00e1tkoz\u00f3, szorong\u00f3, \u00e1lmodoz\u00f3. A sz\u00fcleim v\u00e1l\u00e1sa sem k\u00f6nny\u00edtette meg a helyzetemet, \u00e9s akadtak egy\u00e9b gondok k\u00e9s\u0151bb, ennek k\u00f6vetkezt\u00e9ben kamasz koromban m\u00e1r a gyermekpszichi\u00e1tria \u201evend\u00e9ge\u201d voltam. Egy ideig kit\u0171n\u0151 tanul\u00f3k\u00e9nt, igazi str\u00e9berk\u00e9nt tanultam, azt\u00e1n amikor nem tudtam mindenb\u0151l maxim\u00e1lisan teljes\u00edteni, mindent elengedtem, nem \u00e9rdekelt a tanul\u00e1s. Ennek is megvolt az oka.\u00a0<\/span><\/p>\n<p>&nbsp;<\/p>\n<p><b><i>Neked is van olyan \u00e9lm\u00e9nyed, amelyben \u201eakasztj\u00e1k a h\u00f3h\u00e9rt\u201d?\u00a0<\/i><\/b><\/p>\n<p><span style=\"font-weight: 400;\">Elv\u00e1ltam, \u00e9s b\u00e1r k\u00f6z\u00f6s gyermek\u00fcnk nem sz\u00fcletett, a f\u00e9rjemnek m\u00e9g a v\u00e1l\u00e1shoz kapcsol\u00f3d\u00f3 pap\u00edrok al\u00e1\u00edr\u00e1sa el\u0151tt megsz\u00fcletett a gyereke. T\u00f6bb ok miatt is hossz\u00fa ideig tart\u00f3, nem k\u00f6nnyen megegyez\u0151s, el\u00e9g ideg\u0151rl\u0151 v\u00e1l\u00e1shoz vezetett. Szerettem volna \u00f6r\u00f6kbe fogadni, de a j\u00e1rv\u00e1nyra val\u00f3 hivatkoz\u00e1ssal a Ter\u00fcleti Gyermekv\u00e9delmi Szolg\u00e1latn\u00e1l n\u00e9gyszer mondt\u00e1k le az egyeztetett id\u0151pontomat, \u00edgy azt\u00e1n ezt az utat elengedtem. \u00dagy gondoltam, a sors azt akarja, hogy ink\u00e1bb m\u00e1sok gyerekeit seg\u00edtsem. P\u00e1r h\u00f3nappal ezut\u00e1n viszont megismertem a mostani p\u00e1romat, aki t\u00f6bb \u00e9ve egyed\u00fcl neveli a hat \u00e9ves kisl\u00e1ny\u00e1t. Gy\u00farunk az iskol\u00e1ra, j\u00e1r is az egyik csoportunkba, d\u00e9lut\u00e1nonk\u00e9nt pedig sokat j\u00e1tszunk, \u00edgy azt\u00e1n sok munk\u00e1m \u00e1ttol\u00f3dik az \u00e9jszakai \u00f3r\u00e1kra. Nem is gondoltam, hogy a gyermeknevel\u00e9s ilyen kem\u00e9ny kih\u00edv\u00e1s, de mivel \u00f6r\u00f6mteli, boldogan v\u00e1llalom.\u00a0\u00a0<\/span><\/p>\n<p>&nbsp;<\/p>\n<p><b><i>Ha egy sz\u00fcl\u0151 m\u00e9g t\u00f6bb r\u00e9szletre k\u00edv\u00e1ncsi a munk\u00e1tokr\u00f3l, hol t\u00e1j\u00e9koz\u00f3dhat?\u00a0<\/i><\/b><\/p>\n<p><span style=\"font-weight: 400;\">Legc\u00e9lszer\u0171bb a honlapunkon: athidalo.com.<\/span><\/p>\n<p>&nbsp;<\/p>\n<p><em><span style=\"font-weight: 400;\">szerz\u0151: (-odorik-)<\/span><\/em><\/p>\n<p><em>fot\u00f3: Csan\u00e1di G\u00e1bor<\/em><\/p>\n<div class='watch-action'><div class='watch-position align-left'><div class='action-like'><a class='lbg-style1 like-18752 jlk' href='javascript:void(0)' data-task='like' data-post_id='18752' data-nonce='807cc292ff' rel='nofollow'><img class='wti-pixel' src='https:\/\/fedelnelkul.hu\/wp-content\/plugins\/wti-like-post\/images\/pixel.gif' title='Like' \/><span class='lc-18752 lc'>0<\/span><\/a><\/div><\/div> <div class='status-18752 status align-left'><\/div><\/div><div class='wti-clear'><\/div>","protected":false},"excerpt":{"rendered":"<p>Csillagsodr\u00e1s &nbsp; Interj\u00fa Pincz Petr\u00e1val, az \u00c1thidal\u00f3 Iskola El\u0151k\u00e9sz\u00edt\u0151 Program alap\u00edt\u00f3j\u00e1val &nbsp; Mit kell azon \u00e9rteni, hogy \u201e\u00c1thidal\u00f3 Program\u201d?\u00a0\u00a0 Nem gerend\u00e1kra \u00e9s bolt\u00edvekre kell gondolni. Nagycsoportos \u00f3vod\u00e1sokat k\u00e9sz\u00edt\u00fcnk fel az iskol\u00e1ra. Az a c\u00e9lunk, hogy azok a gyerekek, akik ebben a tan\u00e9vben nagycsoportba j\u00e1rnak, min\u00e9l magabiztosabban, min\u00e9l t\u00f6bb tud\u00e1ssal kezdhess\u00e9k el szeptemberben az els\u0151 oszt\u00e1lyt. &hellip; <a href=\"https:\/\/fedelnelkul.hu\/en\/2025\/12\/28\/interju-pincz-petraval\/\" class=\"more-link\">Continue reading <span class=\"screen-reader-text\">Interj\u00fa Pincz Petr\u00e1val, az \u00c1thidal\u00f3 Iskola El\u0151k\u00e9sz\u00edt\u0151 Program alap\u00edt\u00f3j\u00e1val<\/span><\/a><\/p>\n","protected":false},"author":9101,"featured_media":18755,"comment_status":"closed","ping_status":"open","sticky":false,"template":"","format":"standard","meta":{"footnotes":""},"categories":[577,8,276],"tags":[],"class_list":["post-18752","post","type-post","status-publish","format-standard","has-post-thumbnail","hentry","category-577","category-interju","category-sztarinterju"],"_links":{"self":[{"href":"https:\/\/fedelnelkul.hu\/en\/wp-json\/wp\/v2\/posts\/18752","targetHints":{"allow":["GET"]}}],"collection":[{"href":"https:\/\/fedelnelkul.hu\/en\/wp-json\/wp\/v2\/posts"}],"about":[{"href":"https:\/\/fedelnelkul.hu\/en\/wp-json\/wp\/v2\/types\/post"}],"author":[{"embeddable":true,"href":"https:\/\/fedelnelkul.hu\/en\/wp-json\/wp\/v2\/users\/9101"}],"replies":[{"embeddable":true,"href":"https:\/\/fedelnelkul.hu\/en\/wp-json\/wp\/v2\/comments?post=18752"}],"version-history":[{"count":3,"href":"https:\/\/fedelnelkul.hu\/en\/wp-json\/wp\/v2\/posts\/18752\/revisions"}],"predecessor-version":[{"id":18757,"href":"https:\/\/fedelnelkul.hu\/en\/wp-json\/wp\/v2\/posts\/18752\/revisions\/18757"}],"wp:featuredmedia":[{"embeddable":true,"href":"https:\/\/fedelnelkul.hu\/en\/wp-json\/wp\/v2\/media\/18755"}],"wp:attachment":[{"href":"https:\/\/fedelnelkul.hu\/en\/wp-json\/wp\/v2\/media?parent=18752"}],"wp:term":[{"taxonomy":"category","embeddable":true,"href":"https:\/\/fedelnelkul.hu\/en\/wp-json\/wp\/v2\/categories?post=18752"},{"taxonomy":"post_tag","embeddable":true,"href":"https:\/\/fedelnelkul.hu\/en\/wp-json\/wp\/v2\/tags?post=18752"}],"curies":[{"name":"wp","href":"https:\/\/api.w.org\/{rel}","templated":true}]}}