{"id":18637,"date":"2025-12-28T20:32:56","date_gmt":"2025-12-28T19:32:56","guid":{"rendered":"https:\/\/fedelnelkul.hu\/?p=18637"},"modified":"2025-12-28T20:32:56","modified_gmt":"2025-12-28T19:32:56","slug":"orvos-toth-noemi-szabad-akarat-igazi-autentikus-letezes","status":"publish","type":"post","link":"https:\/\/fedelnelkul.hu\/en\/2025\/12\/28\/orvos-toth-noemi-szabad-akarat-igazi-autentikus-letezes\/","title":{"rendered":"Orvos-T\u00f3th No\u00e9mi:  Szabad akarat \u2013 igazi autentikus l\u00e9tez\u00e9s"},"content":{"rendered":"<p><i><span style=\"font-weight: 400;\">Orvos-T\u00f3th No\u00e9mi klinikai szakpszichol\u00f3gusk\u00e9nt arra tette fel az \u00e9let\u00e9t, hogy seg\u00edtsen nek\u00fcnk meg\u00e9rteni, hogy mi\u00e9rt \u00e9rezz\u00fck rosszul magukat a saj\u00e1t \u00e9let\u00fcnkben. Nagyhat\u00e1s\u00fa k\u00f6nyvei is seg\u00edtenek megtal\u00e1lni igazi \u00e9n\u00fcnket, \u00e9s vezetnek a f\u00e1jdalmas, neh\u00e9z \u00faton a gy\u00f3gyul\u00e1s fel\u00e9.\u00a0<\/span><\/i><\/p>\n<p>&nbsp;<\/p>\n<p><b><i>Hogyan \u00e9s mi\u00e9rt v\u00e1lasztottad ezt a szakm\u00e1t?<\/i><\/b><\/p>\n<p><span style=\"font-weight: 400;\">Mindig visszah\u00faz\u00f3d\u00f3, introvert\u00e1lt gyerek voltam, aki ink\u00e1bb figyelte az esem\u00e9nyeket, mintsem r\u00e9szt vett volna benne. Ez a figyelem id\u0151vel seg\u00edtett abban, hogy olyan dolgokat is \u00e9szrevegyek az emberi kapcsolatok m\u0171k\u00f6d\u00e9s\u00e9b\u0151l, amit \u00e1ltal\u00e1ban a gyerekek nem szoktak. R\u00e1j\u00f6ttem, hogy ebb\u0151l a figyelemb\u0151l k\u00f6rvonalaz\u00f3dik t\u00f6bb olyan t\u00e9ma, amiben seg\u00edteni tudn\u00e9k az embereknek. \u00c9desany\u00e1m gyerekkori bar\u00e1tj\u00e1nak a f\u00e9rje N\u00e9metorsz\u00e1gban volt pszichol\u00f3gus. Amikor alkalmunk volt tal\u00e1lkozni, mindig mes\u00e9lt az eseteir\u0151l, a munk\u00e1j\u00e1r\u00f3l. \u00c1mulva hallgattam. K\u00fcl\u00f6n\u00f6sen az fogott meg, amikor bemutatta, hogyan lehet egy szorong\u00f3, p\u00e1nikrohamokkal k\u00fczd\u0151 emberen seg\u00edteni. Azt gondoltam, ha valaminek van \u00e9rtelme az \u00e9letben, akkor ez az. K\u00fcl\u00f6nb\u00f6z\u0151 vargabet\u0171k ut\u00e1n, 30 \u00e9ves koromban egy p\u00e1lyam\u00f3dos\u00edt\u00e1ssal mertem belev\u00e1gni ebbe a szakm\u00e1ba. Els\u0151 perct\u0151l \u00e9reztem, hogy v\u00e9gre a helyemen vagyok. Nem munk\u00e1nak, hanem a hivat\u00e1somnak tekintem.\u00a0<\/span><\/p>\n<p>&nbsp;<\/p>\n<p><b><i>Hogyan sz\u00fcletett az els\u0151 k\u00f6nyved az \u00d6r\u00f6k\u00f6lt sors, ami h\u00e1rom \u00e9ve folyamatosan hihetetlen\u00fcl n\u00e9pszer\u0171?<\/i><\/b><\/p>\n<p><span style=\"font-weight: 400;\">Mire a k\u00f6nyv meg\u00edr\u00e1s\u00e1ra felk\u00e9r\u00e9st kaptam, szinte az eg\u00e9sz k\u00f6nyv ott volt a fejemben. Az a rengeteg tud\u00e1sr\u00e9szecske, amikre a k\u00fcl\u00f6nb\u00f6z\u0151 k\u00e9pz\u00e9sek sor\u00e1n szert tettem, m\u00e1r kerek eg\u00e9ssz\u00e9 v\u00e1lt, \u00edgy szinte, kibuggyantak bel\u0151lem a fejezetek. Eml\u00e9kszem, hogy sokszor amikor tudom\u00e1nyos cikket olvastam vagy el\u0151ad\u00e1son \u00fcltem, \u00e9s egyszer csak meg\u00e9rtettem az \u00f6sszef\u00fcgg\u00e9seket, alig b\u00edrtam magammal, azt \u00e9reztem, nekem ezt m\u00e1sokkal is meg kell osztanom. Ilyenkor \u00e1ltal\u00e1ban felh\u00edvtam a bar\u00e1taimat vagy \u00e9desany\u00e1mat \u00e9s hatalmas lelkesed\u00e9ssel magyar\u00e1ztam nekik a \u201efelfedez\u00e9seimet\u201d.\u00a0<\/span><\/p>\n<p>&nbsp;<\/p>\n<p><b><i>Szerinted miben rejlik a k\u00f6nyveid hatalmas sikere?<\/i><\/b><\/p>\n<p><span style=\"font-weight: 400;\">A siker kapcs\u00e1n mindenki a receptre k\u00edv\u00e1ncsi, \u00e1m azt pontosan \u00e9n sem ismerem. Biztosan sz\u00e1m\u00edtott a t\u00e9ma, az id\u0151z\u00edt\u00e9s \u00e9s az is, hogy siker\u00fclt \u00e9rzelmileg is nagyon m\u00e9lyen megsz\u00f3l\u00edtani az olvas\u00f3kat. Racion\u00e1lisan is, \u00e9s \u00e9rzelmileg is tudnak kapcsol\u00f3dni ahhoz, amikr\u0151l \u00edrok.<\/span><\/p>\n<p>&nbsp;<\/p>\n<p><b><i>Mennyire tudnak, mernek az emberek seg\u00edts\u00e9get k\u00e9rni, felismerik-e, hogy sz\u00fcks\u00e9g\u00fck van r\u00e1?<\/i><\/b><\/p>\n<p><span style=\"font-weight: 400;\">Egyre ink\u00e1bb, egyre t\u00f6bben felismerik, hogy sz\u00fcks\u00e9g\u00fck van seg\u00edts\u00e9gre, hiszen azok a hagyom\u00e1nyos keretrendszerek, amik seg\u00edtettek egy embernek eligazodni a saj\u00e1t \u00e9let\u00e9ben \u00e9s a vil\u00e1gban, megsz\u0171ntek l\u00e9tezni. Ott \u00e1ll az egy\u00e9n mag\u00e1ra hagyva, kv\u00e1zi tan\u00e1cstalanul, rengeteg k\u00e9rd\u00e9ssel. Mit\u00e9v\u0151 legyek az \u00e9letemmel? Milyen p\u00e1ly\u00e1t v\u00e1lasszak? Menjek vagy maradjak egy p\u00e1rkapcsolatban? Egy\u00e1ltal\u00e1n \u00e9rdemes-e p\u00e1rkapcsolatban \u00e9lni? V\u00e1llaljak vagy ne v\u00e1llaljak gyereket? Milyen c\u00e9lokat k\u00f6vessek az \u00e9letemben? Mi\u00e9rt \u00fagy alakult az eddigi \u00e9letem, ahogy? Hogyan lehetn\u00e9k el\u00e9gedettebb a sorsommal? Mennyi az \u00e9n felel\u0151ss\u00e9gem abban, ami velem t\u00f6rt\u00e9nik? Ezek nagyon fontos k\u00e9rd\u00e9sek, amikre, ha nincs v\u00e1lasz, v\u00e9gtelen\u00fcl nyomoszt\u00f3 tud lenni. Ha m\u00e1r az el\u0151bb a siker okair\u00f3l volt sz\u00f3, tal\u00e1n az is k\u00f6zrej\u00e1tszhatott a k\u00f6nyveim siker\u00e9ben, hogy ezekre a gy\u00f6tr\u0151 dilemm\u00e1kra v\u00e1laszokat, magyar\u00e1zatokat tudnak adni. Az elm\u00falt \u00e9vtizedekben, a sz\u00fcleink, nagysz\u00fcleink gener\u00e1ci\u00f3j\u00e1ban \u2013 \u00e9s persze azt megel\u0151z\u0151en is \u2013 rengeteg egy\u00e9ni \u00e9s t\u00f6rt\u00e9nelmi, t\u00e1rsadalmi trauma \u00e9rte az embereket. A 20. sz\u00e1zad v\u00e9rzivatarai rettenetesen meggy\u00f6t\u00f6rt\u00e9k a csal\u00e1dokat. Nincs olyan csal\u00e1d, ahol a felmen\u0151k valamilyen form\u00e1ban ne szenvedtek volna. \u00dcld\u00f6ztet\u00e9s, deport\u00e1l\u00e1s, kitelep\u00edt\u00e9s, vagyonelkobz\u00e1s, alkoholizmus, szerettek elveszt\u00e9se, \u00e1rvas\u00e1g \u2013 ilyen \u00e9s ehhez hasonl\u00f3 \u00e9lm\u00e9nyekt\u0151l hemzsegnek a csal\u00e1dt\u00f6rt\u00e9netek. Ezek, mivel \u00e1ltal\u00e1ban feldolgozatlanul, kibesz\u00e9letlen\u00fcl maradtak, hiszen mindenki jobbnak l\u00e1tta, ha hallgat, a mai napig keser\u00edtik az \u00e9let\u00fcnket. Az ut\u00f3dok, b\u00e1r nem is ismerik a konkr\u00e9t t\u00f6rt\u00e9n\u00e9seket, a f\u00e9lelmet, a bizonytalans\u00e1got, a rem\u00e9nytelens\u00e9get m\u00e9gis a sejtjeikben is \u00e9rzik. \u00c9n mindenkit arra biztatok, hogy kezdje el felt\u00e1rni a csal\u00e1dja m\u00faltj\u00e1t, mert \u00edgy \u00f6nmag\u00e1hoz ker\u00fcl majd k\u00f6zelebb.\u00a0<\/span><\/p>\n<p>&nbsp;<\/p>\n<p><b><i>Az \u00faj k\u00f6nyved, a Szabad akarat, az \u00d6r\u00f6k\u00f6lt sors folytat\u00e1sa?<\/i><\/b><\/p>\n<p><span style=\"font-weight: 400;\">Egyr\u00e9szt lehet az <\/span><i><span style=\"font-weight: 400;\">\u00d6r\u00f6k\u00f6lt sors<\/span><\/i><span style=\"font-weight: 400;\"> folytat\u00e1s\u00e1nak tekinteni, hisz tov\u00e1bbra is a transzgener\u00e1ci\u00f3s szeml\u00e9letben gondolkodom, viszont k\u00e9t nagyobb t\u00e9m\u00e1t m\u00e9lyebben is bemutat az \u00faj k\u00f6nyv. Az egyik t\u00e9ma, hogy hogyan alak\u00edtottunk ki magunknak egy olyan embertelen, karrierista, materialista vil\u00e1got, amiben most \u00e9l\u00fcnk. Szerintem ennek oka \u00e9s gy\u00f6kere is az egy\u00e9ni traum\u00e1kra vezethet\u0151 vissza. Az az ember, aki \u00e9lete kezdet\u00e9n nem kapja meg a kell\u0151 min\u0151s\u00e9g\u0171 szeretetet \u00e9s t\u00f6r\u0151d\u00e9st, \u00f3hatatlanul is elfordulhat az emberi kapcsolatokt\u00f3l \u00e9s m\u00e1shol, p\u00e9ld\u00e1ul az anyagi el\u0151rejut\u00e1sban keresi a boldogul\u00e1s \u00e9s \u00f6nbecs\u00fcl\u00e9s forr\u00e1s\u00e1t, l\u00e9t\u00e9nek igazol\u00e1s\u00e1t. Mi mindannyian arra v\u00e1gyunk, hogy \u00e9rezz\u00fck, \u00e9rt\u00e9k az \u00e9let\u00fcnk. Ha kisgyermekk\u00e9nt a sz\u00fcleink a maguk hi\u00e1nyai miatt nem tudj\u00e1k \u00e1tadni nek\u00fcnk ezt az \u00e9rz\u00e9st, akkor k\u00e9s\u0151bb megpr\u00f3b\u00e1ljuk m\u00e1sk\u00e9pp igazolni, hogy \u00e9rt\u00e9kesek vagyunk. Elkezd\u00fcnk hajtani, anyagi \u00e9rt\u00e9keket hajszolni, k\u00f6zben meg nem \u00e9rtj\u00fck, mi\u00e9rt tekerj\u00fck a m\u00f3kuskereket, mi\u00e9rt \u00e1ldozzuk fel a szabadid\u0151nket, az eg\u00e9szs\u00e9g\u00fcnket, a csal\u00e1dunkat, a szeretteinket.<\/span><\/p>\n<p>&nbsp;<\/p>\n<p><b><i>Hogyan gy\u00f3gyulhatunk?<\/i><\/b><\/p>\n<p><span style=\"font-weight: 400;\">Az els\u0151 l\u00e9p\u00e9s mindig a felismer\u00e9s, r\u00e1 kell n\u00e9zn\u00fcnk az \u00e9let\u00fcnkre, szem\u00fcgyre venni, elemezni, hogy mi t\u00f6rt\u00e9nt vel\u00fcnk. Ez el\u0151sz\u00f6r racion\u00e1lis szinten t\u00f6rt\u00e9nik. Ezut\u00e1n k\u00f6vetkezik az \u00e9rzelmi \u00e1tdolgoz\u00e1s, vagyis az a folyamat, melynek sor\u00e1n elkezdem \u00e1t\u00edrni a ber\u00f6gz\u0151d\u00e9seimet, valahogy feldolgozni a hi\u00e1nyaimat, az \u00f6nkorl\u00e1toz\u00f3 gondolataimat, az \u00f6nsorsront\u00f3 m\u0171k\u00f6d\u00e9semet, hogy v\u00e9gre a min\u0151s\u00e9gi kapcsolatok, a val\u00f3di \u00e9rt\u00e9kek fel\u00e9 tudjak fordulni, \u00e9s k\u00e9pes legyek megval\u00f3s\u00edtani a bennem rejl\u0151 lehet\u0151s\u00e9geket.<\/span><\/p>\n<p><span style=\"font-weight: 400;\">A k\u00f6nyv m\u00e1sik nagy t\u00e9m\u00e1ja az \u00f6nfelad\u00e1s, hogy az \u00e9let\u00fcnk kezdet\u00e9n megtapasztalt rosszul szeretetts\u00e9g k\u00f6vetkezt\u00e9ben hogyan vesz\u00edtj\u00fck el a lehet\u0151s\u00e9get arra, hogy kibontakoztassuk a val\u00f3di \u00e9n\u00fcnket. Hogy a szeretethi\u00e1ny hogyan torz\u00edtja a szem\u00e9lyis\u00e9g\u00fcnket, hogyan vesz\u00fcnk fel \u00e1larcokat \u00e9s olyan viselked\u00e9si mint\u00e1kat, szem\u00e9lyis\u00e9gjegyeket, amik nem mi vagyunk, ezeken kereszt\u00fcl csup\u00e1n alkalmazkodni pr\u00f3b\u00e1lunk a k\u00f6rnyezet elv\u00e1r\u00e1saihoz. Egy kisbaba egy ideig szabadon kifejezi az \u00e9rz\u00e9seit, de nagyon hamar le lehet \u0151t szoktatni arr\u00f3l, hogy merjen s\u00edrni, merjen k\u00e9rni, hiszen, ha azt \u00e9rzi, hogy a spont\u00e1n reakci\u00f3ra, nem a megfelel\u0151 v\u00e1lasz \u00e9rkezik, elkezdi mag\u00e1t a m\u00e1sikban l\u00e9v\u0151 elv\u00e1r\u00e1sokhoz torz\u00edtani.<\/span><\/p>\n<p>&nbsp;<\/p>\n<p><b><i>A k\u00f6nyv c\u00edm\u00e9nek, mint fogalomnak sokf\u00e9le \u00e9rtelmez\u00e9se l\u00e9tezik. Sz\u00e1modra mit jelent?<img loading=\"lazy\" decoding=\"async\" class=\" wp-image-18639 alignright\" src=\"https:\/\/fedelnelkul.hu\/wp-content\/uploads\/2025\/12\/IMG_2883bwscopy-673x1024.jpg\" alt=\"\" width=\"335\" height=\"510\" \/><\/i><\/b><\/p>\n<p><span style=\"font-weight: 400;\">Sz\u00e1momra a szabad akarat egy eredm\u00e9ny. Az \u00f6nismeretnek, az \u00f6nmunk\u00e1nak az eredm\u00e9nye. A szabad akarat az a l\u00e9tez\u00e9si forma, amikor m\u00e1r k\u00e9pesek vagyunk levenni az \u00e1larcainkat, \u00e9s eljutottunk az igazi, bels\u0151 \u00e9n\u00fcnkig, mert megdolgoztuk azokat a traum\u00e1kat, amiket ak\u00e1r gener\u00e1ci\u00f3k \u00f3ta a csal\u00e1dunk az \u00fajabb tagoknak \u00f6r\u00f6k\u00edt. Amikor le tudtuk tenni azokat a korl\u00e1toz\u00f3 hiedelmeket, amiket pici korunkt\u00f3l sz\u00edvunk magunkba. A szabad akarat sz\u00e1momra az igazi autentikus l\u00e9tez\u00e9st jelenti.<\/span><\/p>\n<p>&nbsp;<\/p>\n<p><b><i>Minden ember traum\u00e1kat hordoz \u00e9s ad \u00e1t?<\/i><\/b><\/p>\n<p><span style=\"font-weight: 400;\">Mindannyian traumatiz\u00e1lt \u0151s\u00f6k lesz\u00e1rmazottai vagyunk, amiket sajnos tov\u00e1bb is adunk. Tal\u00e1n a k\u00f6nyvek is az\u00e9rt sz\u00f3l\u00edtanak meg annyi embert, mert a t\u00f6rt\u00e9neteket olvasva mindenki mag\u00e1ra ismer vagy r\u00e1ismer valaki m\u00e1sra a csal\u00e1dj\u00e1b\u00f3l, k\u00f6rnyezet\u00e9b\u0151l. A traum\u00e1k feldolgoz\u00e1sa elengedhetetlen lenne, hogy igaz\u00e1n \u00f6nmagunkk\u00e1 tudjunk v\u00e1lni.\u00a0<\/span><\/p>\n<p>&nbsp;<\/p>\n<p><b><i>Lehetne tan\u00edtani, hogy hogyan tal\u00e1ljuk meg a saj\u00e1t \u00e9n\u00fcnket?<\/i><\/b><\/p>\n<p><span style=\"font-weight: 400;\">Nemcsak lehetne, hanem kellene. Azt gondolom, hogy az eg\u00e9sz \u00e9let\u00faton kereszt\u00fcl kellene tan\u00edtani az \u00f6nismeretet, az \u00e9rzelmi \u00f6nszab\u00e1lyoz\u00e1st, a mentaliz\u00e1ci\u00f3s k\u00e9pess\u00e9get, vagyis azt a k\u00e9pess\u00e9get, hogy magunkat k\u00edv\u00fclr\u0151l, m\u00e1sok szem\u00e9n kereszt\u00fcl l\u00e1ssuk, mik\u00f6zben k\u00edv\u00fclr\u0151l, m\u00e1sok bels\u0151 vil\u00e1g\u00e1ra is legyen r\u00e1l\u00e1t\u00e1sunk. A sz\u00fcl\u0151ket m\u00e9g a sz\u00fcl\u0151v\u00e9 v\u00e1l\u00e1s el\u0151tt el kellene kezdeni felk\u00e9sz\u00edteni a j\u00f3l szeret\u00e9s m\u0171v\u00e9szet\u00e9re. Azt\u00e1n az \u00f3vod\u00e1ban is nagyon fontos lenne megtan\u00edtani a gyereknek, hogyan ismerj\u00e9k fel az \u00e9rzelmeiket, hogy meg tudj\u00e1k nevezni, illetve k\u00e9pesek legyenek kontroll\u00e1lni azokat. Ugyanilyen fontos lenne az \u00e9rem m\u00e1sik oldala is, vagyis hogy m\u00e1sok \u00e9rzelmi megnyilv\u00e1nul\u00e1sait is megtanulj\u00e1k felismerni \u00e9s kezelni. H\u00e1nyszor el\u0151fordul, hogy mik\u00f6zben valaki nagyon d\u00fch\u00f6snek l\u00e1tszik, az indulat m\u00f6g\u00f6tt val\u00f3j\u00e1ban f\u00e9lelem, sz\u00e9gyen, f\u00e1jdalom lapul. Egyszer\u0171en az emberl\u00e9t nyelv\u00e9t kellene megtan\u00edtani.<\/span><\/p>\n<p>&nbsp;<\/p>\n<p><b><i>Mi az oka annak, hogy valakit l\u00e1tsz\u00f3lag kev\u00e9sb\u00e9 visel meg ez a traumatiz\u00e1lt l\u00e9t, m\u00e1sok pedig ak\u00e1r a teljes kitasz\u00edtotts\u00e1gig, hajl\u00e9ktalans\u00e1gig vagy \u00f6ngyilkoss\u00e1gig is eljutnak?<\/i><\/b><\/p>\n<p><span style=\"font-weight: 400;\">Ez nagyon sok mindenen m\u00falik. Az egyik legfontosabb, hogy milyen volt az egy\u00e9n\u00a0 \u00fagynevezett premorbid szem\u00e9lyis\u00e9ge, vagyis a trauma vagy megpr\u00f3b\u00e1ltat\u00e1s el\u0151tti \u00e9nje. Nagyon fontos, hogy l\u00e1tott-e maga k\u00f6r\u00fcl olyan mint\u00e1kat, p\u00e9ld\u00e1kat, megold\u00f3kulcsokat, amelyek seg\u00edtenek egy probl\u00e9m\u00e1t feldolgozni? Nagyon sok esetben gener\u00e1ci\u00f3s hi\u00e1ny van a csal\u00e1dokban az adapt\u00edv megold\u00f3kulcsok ter\u00e9n. Az alkoholizmus p\u00e9ld\u00e1ul egy tipikus, gener\u00e1ci\u00f3r\u00f3l gener\u00e1ci\u00f3ra \u00f6r\u00f6kl\u0151d\u0151 rossz v\u00e1lasz a f\u00e1jdalomra, a f\u00e9lelemre, a szorong\u00e1sra, a kil\u00e1t\u00e1stalans\u00e1gra. Ugyan\u00edgy az \u00f6ngyilkoss\u00e1g is, mint egy elhib\u00e1zott megold\u00f3kulcs \u00f6r\u00f6kl\u0151dik egyik nemzed\u00e9kr\u0151l a m\u00e1sikra.\u00a0<\/span><\/p>\n<p><span style=\"font-weight: 400;\">\u00c9ppen ez\u00e9rt nagyon fontos, hogy l\u00e1ssuk az eg\u00e9sz csal\u00e1di rendszert, amiben feln\u0151 egy ember, \u00e9s azt a t\u00e1rsadalmi, t\u00f6rt\u00e9nelmi, kultur\u00e1lis k\u00f6zeget is, ami k\u00f6r\u00fclveszi, miel\u0151tt lustas\u00e1ggal, tehetetlens\u00e9ggel vagy t\u00fal\u00e9rz\u00e9kenys\u00e9ggel v\u00e1doln\u00e1nk. Manaps\u00e1g t\u00fals\u00e1gosan nagy felel\u0151ss\u00e9get tesz\u00fcnk az egy\u00e9n v\u00e1ll\u00e1ra, azt gondoljuk, minden csak rajta m\u00falik, mik\u00f6zben megfeledkez\u00fcnk r\u00f3la, milyen szerepet j\u00e1tszott sorsa alakul\u00e1s\u00e1ban az a k\u00f6z\u00f6ss\u00e9g, ami mikro- vagy makroszinten k\u00f6r\u00fclvette, mit seg\u00edtett vagy seg\u00edtett-e egy\u00e1ltal\u00e1n a probl\u00e9m\u00e1i megold\u00e1s\u00e1ban vagy \u00e9ppen akad\u00e1lyozta a halad\u00e1s\u00e1t. Sokszor egy leszakadt t\u00e1rsadalmi csoportb\u00f3l val\u00f3 kit\u00f6r\u00e9s az\u00e9rt megy nehezen, mert az a k\u00f6z\u00f6ss\u00e9g amiben az egy\u00e9n \u00e9l, rossz szemmel n\u00e9zi, ha valaki ki akar t\u00f6rni. Nem egyszer hallottam p\u00e9ld\u00e1ul roma fiatalokt\u00f3l, akik szerettek volna tanulni, hogy a t\u00e1rsaik vagy a csal\u00e1djuk h\u00fazta \u0151ket vissza: \u201eUgyan m\u00e1r mi\u00e9rt tanulsz, mi\u00e9rt str\u00e9berkedsz? Ne akarj k\u00fcl\u00f6nb lenni, mint any\u00e1d meg ap\u00e1d volt\u201d \u2013 mondt\u00e1k nekik, ami nagyon megnehez\u00edtette az \u00e9let\u00fcket. Persze a csal\u00e1d, a bar\u00e1tok reakci\u00f3j\u00e1nak is megvan a magyar\u00e1zata. Ilyenkor \u00e1ltal\u00e1ban megjelenik a f\u00e9lelem, hogy aki kiemelkedik, az k\u00e9s\u0151bb le fogja \u0151ket n\u00e9zni, illetve az \u0151 sikerei megk\u00e9rd\u0151jelezik a t\u00f6bbiek sikertelens\u00e9g\u00e9nek\u00a0 jogoss\u00e1g\u00e1t, hiszen, ha neki megy, hogyan igazoljuk, hogy nek\u00fcnk nem ment? Az is el\u0151fordul, hogy a sz\u00fcl\u0151 a gyermekben l\u00e1tja meg az es\u00e9ly\u00e9t annak, hogy \u00e1t\u00edrja a saj\u00e1t sorst\u00f6rt\u00e9net\u00e9t \u00e9s egy olyan \u00e9letp\u00e1lya fel\u00e9 tolja, amihez a gyereknek semmi kedve nem lenne. Ez egy hatalmas teher tud lenni a gyerek sz\u00e1m\u00e1ra, mert eleve elv\u00e9sz a lehet\u0151s\u00e9ge, hogy a saj\u00e1t \u00e9let\u00e9t \u00e9lje. \u00dagynevezett funkci\u00f3gyerek v\u00e1lik bel\u0151le, aki az \u00e9let\u00e9t arra k\u00e9nyszer\u00fcl feltenni, hogy a sz\u00fcl\u0151 \u00e1lm\u00e1t, v\u00e1gy\u00e1t val\u00f3s\u00edtsa meg. Ez is egy nagyon f\u00e1jdalmas \u00e9let\u00fat.<\/span><\/p>\n<p><span style=\"font-weight: 400;\">Mindig arra biztatom a p\u00e1cienseimet, hogy a hirtelen meghozott \u00edt\u00e9letekt\u0151l pr\u00f3b\u00e1ljanak meg tart\u00f3zkodni, mert nagyon-nagyon sok vet\u00fclete, r\u00e9tege van egy ember \u00e9let\u00e9nek. Nagyon sok minden befoly\u00e1solja, hogy v\u00e9g\u00fcl hova jutunk.<\/span><\/p>\n<p>&nbsp;<\/p>\n<p><b><i>Milyen a j\u00f3l seg\u00edt\u0151 t\u00e1rsadalmi k\u00f6zeg?<\/i><\/b><\/p>\n<p><span style=\"font-weight: 400;\">Amiben az emberek igazi, tartalmas, \u00e9l\u0151 kapcsolatban vannak egym\u00e1ssal. Ahol a t\u00e1rsadalom alapj\u00e1t k\u00e9pez\u0151 csal\u00e1di kapcsolatok er\u0151sek, szeretetteljesek, t\u00e1mogat\u00f3ak, ahol er\u0151s az \u00f6sszetart\u00e1s. Ezekben a k\u00f6zegekben olyan <\/span><i><span style=\"font-weight: 400;\">v\u00e9d\u0151h\u00e1l\u00f3<\/span><\/i><span style=\"font-weight: 400;\"> van az ember k\u00f6r\u00fcl, ami m\u00e9g a legm\u00e9lyebb a traum\u00e1k feldolgoz\u00e1s\u00e1ban is seg\u00edt. Min\u00e9l elszigeteltebben, min\u00e9l mag\u00e1nyosabban \u00e9lnek az emberek, min\u00e9l nagyobbak a t\u00e1vols\u00e1gok, ak\u00e1r fizikailag, ak\u00e1r \u00e9rzelmileg, ann\u00e1l nehezebb elviselni az \u00e9let megpr\u00f3b\u00e1ltat\u00e1sait.\u00a0<\/span><\/p>\n<p>&nbsp;<\/p>\n<p><em><span style=\"font-weight: 400;\">szerz\u0151: Fridrich Piroska<\/span><\/em><\/p>\n<p><em>fot\u00f3: Sallai Jutka<\/em><\/p>\n<div class='watch-action'><div class='watch-position align-left'><div class='action-like'><a class='lbg-style1 like-18637 jlk' href='javascript:void(0)' data-task='like' data-post_id='18637' data-nonce='f48ebca404' rel='nofollow'><img class='wti-pixel' src='https:\/\/fedelnelkul.hu\/wp-content\/plugins\/wti-like-post\/images\/pixel.gif' title='Like' \/><span class='lc-18637 lc'>0<\/span><\/a><\/div><\/div> <div class='status-18637 status align-left'><\/div><\/div><div class='wti-clear'><\/div>","protected":false},"excerpt":{"rendered":"<p>Orvos-T\u00f3th No\u00e9mi klinikai szakpszichol\u00f3gusk\u00e9nt arra tette fel az \u00e9let\u00e9t, hogy seg\u00edtsen nek\u00fcnk meg\u00e9rteni, hogy mi\u00e9rt \u00e9rezz\u00fck rosszul magukat a saj\u00e1t \u00e9let\u00fcnkben. Nagyhat\u00e1s\u00fa k\u00f6nyvei is seg\u00edtenek megtal\u00e1lni igazi \u00e9n\u00fcnket, \u00e9s vezetnek a f\u00e1jdalmas, neh\u00e9z \u00faton a gy\u00f3gyul\u00e1s fel\u00e9.\u00a0 &nbsp; Hogyan \u00e9s mi\u00e9rt v\u00e1lasztottad ezt a szakm\u00e1t? Mindig visszah\u00faz\u00f3d\u00f3, introvert\u00e1lt gyerek voltam, aki ink\u00e1bb figyelte az esem\u00e9nyeket, &hellip; <a href=\"https:\/\/fedelnelkul.hu\/en\/2025\/12\/28\/orvos-toth-noemi-szabad-akarat-igazi-autentikus-letezes\/\" class=\"more-link\">Continue reading <span class=\"screen-reader-text\">Orvos-T\u00f3th No\u00e9mi:  Szabad akarat \u2013 igazi autentikus l\u00e9tez\u00e9s<\/span><\/a><\/p>\n","protected":false},"author":125,"featured_media":18638,"comment_status":"closed","ping_status":"open","sticky":false,"template":"","format":"standard","meta":{"footnotes":""},"categories":[578,8,276],"tags":[],"class_list":["post-18637","post","type-post","status-publish","format-standard","has-post-thumbnail","hentry","category-578","category-interju","category-sztarinterju"],"_links":{"self":[{"href":"https:\/\/fedelnelkul.hu\/en\/wp-json\/wp\/v2\/posts\/18637","targetHints":{"allow":["GET"]}}],"collection":[{"href":"https:\/\/fedelnelkul.hu\/en\/wp-json\/wp\/v2\/posts"}],"about":[{"href":"https:\/\/fedelnelkul.hu\/en\/wp-json\/wp\/v2\/types\/post"}],"author":[{"embeddable":true,"href":"https:\/\/fedelnelkul.hu\/en\/wp-json\/wp\/v2\/users\/125"}],"replies":[{"embeddable":true,"href":"https:\/\/fedelnelkul.hu\/en\/wp-json\/wp\/v2\/comments?post=18637"}],"version-history":[{"count":2,"href":"https:\/\/fedelnelkul.hu\/en\/wp-json\/wp\/v2\/posts\/18637\/revisions"}],"predecessor-version":[{"id":18641,"href":"https:\/\/fedelnelkul.hu\/en\/wp-json\/wp\/v2\/posts\/18637\/revisions\/18641"}],"wp:featuredmedia":[{"embeddable":true,"href":"https:\/\/fedelnelkul.hu\/en\/wp-json\/wp\/v2\/media\/18638"}],"wp:attachment":[{"href":"https:\/\/fedelnelkul.hu\/en\/wp-json\/wp\/v2\/media?parent=18637"}],"wp:term":[{"taxonomy":"category","embeddable":true,"href":"https:\/\/fedelnelkul.hu\/en\/wp-json\/wp\/v2\/categories?post=18637"},{"taxonomy":"post_tag","embeddable":true,"href":"https:\/\/fedelnelkul.hu\/en\/wp-json\/wp\/v2\/tags?post=18637"}],"curies":[{"name":"wp","href":"https:\/\/api.w.org\/{rel}","templated":true}]}}