{"id":18605,"date":"2025-12-05T23:08:24","date_gmt":"2025-12-05T22:08:24","guid":{"rendered":"https:\/\/fedelnelkul.hu\/?p=18605"},"modified":"2025-12-05T23:14:26","modified_gmt":"2025-12-05T22:14:26","slug":"balog-gyulatol-bucsuzunk","status":"publish","type":"post","link":"https:\/\/fedelnelkul.hu\/en\/2025\/12\/05\/balog-gyulatol-bucsuzunk\/","title":{"rendered":"Balog Gyul\u00e1t\u00f3l b\u00facs\u00fazunk"},"content":{"rendered":"<p><span style=\"font-weight: 400;\">A V\u00e1ros Mindenki\u00e9, az Utc\u00e1r\u00f3l Lak\u00e1sba! Egyes\u00fclet, a K\u00f6z\u00e9let Iskol\u00e1ja, A Menhely Alap\u00edtv\u00e1ny, az Els\u0151 K\u00e9zb\u0151l a Hajl\u00e9ktalans\u00e1gr\u00f3l \u00e9s a Stereo Akt k\u00f6z\u00f6ss\u00e9gei f\u00e1j\u00f3 sz\u00edvvel b\u00facs\u00faznak Balog Gyula (1959-2025) aktivist\u00e1t\u00f3l, sz\u00edn\u00e9szt\u0151l, \u00edr\u00f3t\u00f3l, tapasztalati szak\u00e9rt\u0151t\u0151l.<\/span><\/p>\n<p><span style=\"font-weight: 400;\">Balog Gyula, a magyarorsz\u00e1gi lakhat\u00e1si \u00e9s emberi jogi mozgalom kiemelked\u0151 alakja. Szeg\u00e9ny csal\u00e1db\u00f3l j\u00f6tt, megtapasztalta a szenved\u00e9lybetegs\u00e9get \u00e9s a hajl\u00e9ktalans\u00e1got. \u00c9vtizedekig a Fed\u00e9l N\u00e9lk\u00fcl b\u00fcszke szerz\u0151je \u00e9s terjeszt\u0151je volt. Gyula fejlesztette ki \u00e9s hal\u00e1l\u00e1ig \u00e9p\u00edtette t\u00e1rsaival az Els\u0151 K\u00e9zb\u0151l a Hajl\u00e9ktalans\u00e1gr\u00f3l programot, amivel t\u00f6bb t\u00edzezer emberhez jutottak el, ahogy a C\u00edm N\u00e9lk\u00fcl c\u00edm\u0171 hajl\u00e9ktalans\u00e1gr\u00f3l sz\u00f3l\u00f3 el\u0151ad\u00e1ssal is sokakhoz hozta k\u00f6zelebb a hajl\u00e9ktalan emberek \u00e9let\u00e9t \u00e9s lehets\u00e9ges rendszerszint\u0171 megold\u00e1sokat mutatott meg a Stereo Akt csapat\u00e1val. A V\u00e1ros Mindenki\u00e9 (AVM) lakhat\u00e1si \u00e9rdekv\u00e9delmi csoport alap\u00edt\u00f3jak\u00e9nt, az Utc\u00e1r\u00f3l Lak\u00e1sba Egyes\u00fclet sorst\u00e1rs mentorak\u00e9nt \u00e9s a K\u00f6z\u00e9let Iskol\u00e1ja mozgalmi iskola kurat\u00f3riumi tagjak\u00e9nt \u00e9s tan\u00e1rak\u00e9nt a lakhat\u00e1si mozgalom megker\u00fclhetetlen oszlopa. Gyula az Utcajog\u00e1sz Egyes\u00fclet t\u00e1rseln\u00f6ke \u00e9s a Civil Kur\u00e1zsi \u00f6sszefog\u00e1s r\u00e9sztvev\u0151je is volt. Szeretettel eml\u00e9ksz\u00fcnk Gyul\u00e1ra, aki v\u00e9gtelen akarater\u0151vel, szeretettel, humorral \u00e9s k\u00e9pzel\u0151er\u0151vel \u00e9p\u00edtette k\u00f6z\u00f6ss\u00e9geit, \u00e1llt ki az igazs\u00e1gtalans\u00e1gok ellen, \u00e9s t\u00e1mogatott m\u00e1sokat is a ki\u00e1ll\u00e1sban. V\u00e1rjuk azokat a temet\u00e9sre, akiknek meg\u00e9rintette az \u00e9let\u00e9t, \u00e9s szint\u00e9n b\u00facs\u00fat mondan\u00e1nak neki.<\/span><\/p>\n<p><b>Tudatjuk a vel\u00fcnk gy\u00e1szol\u00f3kkal, hogy Gyula temet\u00e9se 2025. december 17-\u00e9n szerd\u00e1n lesz az\u00a0 \u00daj K\u00f6ztemet\u0151ben, a k\u00f6vetkez\u0151 menetrend szerint:\u00a0<\/b><\/p>\n<p><b>13.30-13.50 gy\u00fclekez\u00e9s, fot\u00f3k vet\u00edt\u00e9se, Udvarhelyi Tessza \u00e9s Misetics B\u00e1lint, az AVM alap\u00edt\u00f3 tagjai fogadja az \u00e9rkez\u0151ket<\/b><\/p>\n<p><b>13.50-14.00 B\u00facs\u00faztat\u00e1s a ravataloz\u00f3ban<\/b><\/p>\n<ul>\n<li style=\"font-weight: 400;\" aria-level=\"1\"><span style=\"font-weight: 400;\">Bende Anna, az Utc\u00e1r\u00f3l Lak\u00e1sba! Egyes\u00fclet t\u00e1rseln\u00f6ke mond besz\u00e9det a b\u00facs\u00faz\u00f3 civil szervezetek k\u00e9pviselet\u00e9ben<\/span><\/li>\n<li style=\"font-weight: 400;\" aria-level=\"1\"><span style=\"font-weight: 400;\">Gyula vers\u00e9t felolvassa: Horv\u00e1th Csilla HoCsi\u00a0<\/span><\/li>\n<\/ul>\n<ul>\n<li style=\"font-weight: 400;\" aria-level=\"1\"><span style=\"font-weight: 400;\">Tak\u00e1cs Attila, Taki b\u00facs\u00fabesz\u00e9de<\/span><\/li>\n<\/ul>\n<p><b>14.30-14.45 B\u00facs\u00faztat\u00e1s a s\u00edrn\u00e1l, ahol Koncz Levente (pedag\u00f3gus, Gyula fogadott csal\u00e1dja) mond b\u00facs\u00fabesz\u00e9det<\/b><\/p>\n<p><span style=\"font-weight: 400;\">A b\u00facs\u00fabesz\u00e9dek k\u00f6zt \u00e9s a program v\u00e9g\u00e9n a Vars\u00e1nyi Szir\u00e9nek, a Mozgalmi k\u00f3rus \u00e9s a Szikra k\u00f3rusai \u00e9nekelnek.\u00a0<\/span><\/p>\n<p><span style=\"font-weight: 400;\">A temet\u00e9s napj\u00e1n 18 \u00f3rakor gy\u00e1szmis\u00e9t mondanak Gyul\u00e1\u00e9rt a M\u00e1ty\u00e1s-templomban, ahov\u00e1 Koncz Levente v\u00e1rja a b\u00facs\u00faz\u00f3kat.\u00a0<\/span><\/p>\n<p><span style=\"font-weight: 400;\">A temet\u00e9s sajt\u00f3nyilv\u00e1nos. A forgat\u00e1si \u00e9s f\u00e9nyk\u00e9pez\u00e9si enged\u00e9lyt k\u00f6zvetlen\u00fcl a temet\u0151t\u0151l kell k\u00e9rv\u00e9nyezni az esem\u00e9ny el\u0151tt legk\u00e9s\u0151bb k\u00e9t nappal. A helysz\u00ednen a sajt\u00f3 munkat\u00e1rsai Kov\u00e1cs Ver\u00e1t kereshetik a 0630 601 7694 sz\u00e1mon.\u00a0<\/span><\/p>\n<p>&nbsp;<\/p>\n<p><span style=\"font-weight: 400;\">Aki szeretne hozz\u00e1j\u00e1rulni a temet\u00e9s k\u00f6lts\u00e9geihez, illetve a k\u00e9s\u0151bbi s\u00edrk\u0151\u00e1ll\u00edt\u00e1shoz, k\u00e9rj\u00fck, vegye fel a kapcsolatot az Utc\u00e1r\u00f3l Lak\u00e1sba! Egyes\u00fclettel a <\/span><a href=\"mailto:kovacs.vera@utcarollakasba.hu\"><span style=\"font-weight: 400;\">kovacs.vera@utcarollakasba.hu<\/span><\/a><span style=\"font-weight: 400;\"> c\u00edmen.\u00a0<\/span><\/p>\n<figure id=\"attachment_18616\" style=\"width: 660px\"  class=\"wp-caption alignnone\"><img loading=\"lazy\" decoding=\"async\" class=\"wp-image-18616 size-large\" src=\"https:\/\/fedelnelkul.hu\/wp-content\/uploads\/2025\/12\/gyula1_chirpkolili_wmn-1-1024x682.jpg\" alt=\"\" width=\"660\" height=\"440\" srcset=\"https:\/\/fedelnelkul.hu\/wp-content\/uploads\/2025\/12\/gyula1_chirpkolili_wmn-1-1024x682.jpg 1024w, https:\/\/fedelnelkul.hu\/wp-content\/uploads\/2025\/12\/gyula1_chirpkolili_wmn-1-300x200.jpg 300w, https:\/\/fedelnelkul.hu\/wp-content\/uploads\/2025\/12\/gyula1_chirpkolili_wmn-1-768x512.jpg 768w, https:\/\/fedelnelkul.hu\/wp-content\/uploads\/2025\/12\/gyula1_chirpkolili_wmn-1-1536x1023.jpg 1536w, https:\/\/fedelnelkul.hu\/wp-content\/uploads\/2025\/12\/gyula1_chirpkolili_wmn-1-2048x1365.jpg 2048w\" sizes=\"auto, (max-width: 660px) 100vw, 660px\" \/><figcaption class=\"wp-caption-text\">fot\u00f3: Chripk\u00f3 Lili, WMN<\/figcaption><\/figure>\n<p>&nbsp;<\/p>\n<div class=\"x14z9mp xat24cr x1lziwak x1vvkbs xtlvy1s\"><\/div>\n<div class='watch-action'><div class='watch-position align-left'><div class='action-like'><a class='lbg-style1 like-18605 jlk' href='javascript:void(0)' data-task='like' data-post_id='18605' data-nonce='3fb9406b72' rel='nofollow'><img class='wti-pixel' src='https:\/\/fedelnelkul.hu\/wp-content\/plugins\/wti-like-post\/images\/pixel.gif' title='Like' \/><span class='lc-18605 lc'>0<\/span><\/a><\/div><\/div> <div class='status-18605 status align-left'><\/div><\/div><div class='wti-clear'><\/div>","protected":false},"excerpt":{"rendered":"<p>A V\u00e1ros Mindenki\u00e9, az Utc\u00e1r\u00f3l Lak\u00e1sba! Egyes\u00fclet, a K\u00f6z\u00e9let Iskol\u00e1ja, A Menhely Alap\u00edtv\u00e1ny, az Els\u0151 K\u00e9zb\u0151l a Hajl\u00e9ktalans\u00e1gr\u00f3l \u00e9s a Stereo Akt k\u00f6z\u00f6ss\u00e9gei f\u00e1j\u00f3 sz\u00edvvel b\u00facs\u00faznak Balog Gyula (1959-2025) aktivist\u00e1t\u00f3l, sz\u00edn\u00e9szt\u0151l, \u00edr\u00f3t\u00f3l, tapasztalati szak\u00e9rt\u0151t\u0151l. Balog Gyula, a magyarorsz\u00e1gi lakhat\u00e1si \u00e9s emberi jogi mozgalom kiemelked\u0151 alakja. Szeg\u00e9ny csal\u00e1db\u00f3l j\u00f6tt, megtapasztalta a szenved\u00e9lybetegs\u00e9get \u00e9s a hajl\u00e9ktalans\u00e1got. \u00c9vtizedekig &hellip; <a href=\"https:\/\/fedelnelkul.hu\/en\/2025\/12\/05\/balog-gyulatol-bucsuzunk\/\" class=\"more-link\">Continue reading <span class=\"screen-reader-text\">Balog Gyul\u00e1t\u00f3l b\u00facs\u00fazunk<\/span><\/a><\/p>\n","protected":false},"author":197,"featured_media":18606,"comment_status":"closed","ping_status":"open","sticky":false,"template":"","format":"standard","meta":{"footnotes":""},"categories":[499],"tags":[],"class_list":["post-18605","post","type-post","status-publish","format-standard","has-post-thumbnail","hentry","category-uj"],"_links":{"self":[{"href":"https:\/\/fedelnelkul.hu\/en\/wp-json\/wp\/v2\/posts\/18605","targetHints":{"allow":["GET"]}}],"collection":[{"href":"https:\/\/fedelnelkul.hu\/en\/wp-json\/wp\/v2\/posts"}],"about":[{"href":"https:\/\/fedelnelkul.hu\/en\/wp-json\/wp\/v2\/types\/post"}],"author":[{"embeddable":true,"href":"https:\/\/fedelnelkul.hu\/en\/wp-json\/wp\/v2\/users\/197"}],"replies":[{"embeddable":true,"href":"https:\/\/fedelnelkul.hu\/en\/wp-json\/wp\/v2\/comments?post=18605"}],"version-history":[{"count":6,"href":"https:\/\/fedelnelkul.hu\/en\/wp-json\/wp\/v2\/posts\/18605\/revisions"}],"predecessor-version":[{"id":18620,"href":"https:\/\/fedelnelkul.hu\/en\/wp-json\/wp\/v2\/posts\/18605\/revisions\/18620"}],"wp:featuredmedia":[{"embeddable":true,"href":"https:\/\/fedelnelkul.hu\/en\/wp-json\/wp\/v2\/media\/18606"}],"wp:attachment":[{"href":"https:\/\/fedelnelkul.hu\/en\/wp-json\/wp\/v2\/media?parent=18605"}],"wp:term":[{"taxonomy":"category","embeddable":true,"href":"https:\/\/fedelnelkul.hu\/en\/wp-json\/wp\/v2\/categories?post=18605"},{"taxonomy":"post_tag","embeddable":true,"href":"https:\/\/fedelnelkul.hu\/en\/wp-json\/wp\/v2\/tags?post=18605"}],"curies":[{"name":"wp","href":"https:\/\/api.w.org\/{rel}","templated":true}]}}