{"id":18516,"date":"2025-07-16T22:20:41","date_gmt":"2025-07-16T20:20:41","guid":{"rendered":"https:\/\/fedelnelkul.hu\/?p=18516"},"modified":"2025-07-16T22:23:12","modified_gmt":"2025-07-16T20:23:12","slug":"noe-banata","status":"publish","type":"post","link":"https:\/\/fedelnelkul.hu\/en\/2025\/07\/16\/noe-banata\/","title":{"rendered":"No\u00e9 b\u00e1nata"},"content":{"rendered":"<p>Mondd, miv\u00e9 lesz az ember,<\/p>\n<p>Ha m\u00e1r hinni sem mer?<\/p>\n<p>Mondd miv\u00e9 v\u00e1lhatunk,<\/p>\n<p>Ha m\u00e1r nem is \u00e1lmodunk?<\/p>\n<p>Mondd lesz-e vajon h\u00edr,<\/p>\n<p>Mit pr\u00f3f\u00e9ta meg\u00edrt?<\/p>\n<p>Mondd lesz-e majd ember,<\/p>\n<p>Kit \u00f6z\u00f6nv\u00edz el nem nyel?<\/p>\n<p>&nbsp;<\/p>\n<p>K\u00eds\u00e9rjen utadon a hit,<\/p>\n<p>Mely let\u00e9pi l\u00e1ncaid!<\/p>\n<p>A d\u00e9li sz\u00e9l majd utol\u00e9r,<\/p>\n<p>\u00c9leted v\u00e9get sosem \u00e9r!<\/p>\n<p>&nbsp;<\/p>\n<p>Megl\u00e1thatod \u00e1lmaid,<\/p>\n<p>Ugyan lesz, ki m\u00e1st tan\u00edt,<\/p>\n<p>Elk\u00eds\u00e9r a szeretet,<\/p>\n<p>Hogy ne vesz\u00edtsd el hitedet.<\/p>\n<p>&nbsp;<\/p>\n<p>Miv\u00e9 lesz egy ember,<\/p>\n<p>Ha hitre nem lel?!<\/p>\n<p>K\u0151v\u00e9 v\u00e1ltozunk,<\/p>\n<p>Ha t\u00f6bb\u00e9 nem \u00e1lmodunk!<\/p>\n<p>&nbsp;<\/p>\n<p>Lesz tal\u00e1n h\u00edr,<\/p>\n<p>Mir\u0151l pr\u00f3f\u00e9ta \u00edr?!<\/p>\n<p>Vajon marad ember,<\/p>\n<p>Kit nem nyel el a tenger?<\/p>\n<div class='watch-action'><div class='watch-position align-left'><div class='action-like'><a class='lbg-style1 like-18516 jlk' href='javascript:void(0)' data-task='like' data-post_id='18516' data-nonce='24627af277' rel='nofollow'><img class='wti-pixel' src='https:\/\/fedelnelkul.hu\/wp-content\/plugins\/wti-like-post\/images\/pixel.gif' title='Like' \/><span class='lc-18516 lc'>0<\/span><\/a><\/div><\/div> <div class='status-18516 status align-left'><\/div><\/div><div class='wti-clear'><\/div>","protected":false},"excerpt":{"rendered":"<p>Mondd, miv\u00e9 lesz az ember, Ha m\u00e1r hinni sem mer? Mondd miv\u00e9 v\u00e1lhatunk, Ha m\u00e1r nem is \u00e1lmodunk? Mondd lesz-e vajon h\u00edr, Mit pr\u00f3f\u00e9ta meg\u00edrt? Mondd lesz-e majd ember, Kit \u00f6z\u00f6nv\u00edz el nem nyel? &nbsp; K\u00eds\u00e9rjen utadon a hit, Mely let\u00e9pi l\u00e1ncaid! A d\u00e9li sz\u00e9l majd utol\u00e9r, \u00c9leted v\u00e9get sosem \u00e9r! &nbsp; Megl\u00e1thatod \u00e1lmaid, Ugyan &hellip; <a href=\"https:\/\/fedelnelkul.hu\/en\/2025\/07\/16\/noe-banata\/\" class=\"more-link\">Continue reading <span class=\"screen-reader-text\">No\u00e9 b\u00e1nata<\/span><\/a><\/p>\n","protected":false},"author":9230,"featured_media":0,"comment_status":"closed","ping_status":"open","sticky":false,"template":"","format":"standard","meta":{"footnotes":""},"categories":[1204,10],"tags":[],"class_list":["post-18516","post","type-post","status-publish","format-standard","hentry","category-1204","category-vers"],"_links":{"self":[{"href":"https:\/\/fedelnelkul.hu\/en\/wp-json\/wp\/v2\/posts\/18516","targetHints":{"allow":["GET"]}}],"collection":[{"href":"https:\/\/fedelnelkul.hu\/en\/wp-json\/wp\/v2\/posts"}],"about":[{"href":"https:\/\/fedelnelkul.hu\/en\/wp-json\/wp\/v2\/types\/post"}],"author":[{"embeddable":true,"href":"https:\/\/fedelnelkul.hu\/en\/wp-json\/wp\/v2\/users\/9230"}],"replies":[{"embeddable":true,"href":"https:\/\/fedelnelkul.hu\/en\/wp-json\/wp\/v2\/comments?post=18516"}],"version-history":[{"count":2,"href":"https:\/\/fedelnelkul.hu\/en\/wp-json\/wp\/v2\/posts\/18516\/revisions"}],"predecessor-version":[{"id":18518,"href":"https:\/\/fedelnelkul.hu\/en\/wp-json\/wp\/v2\/posts\/18516\/revisions\/18518"}],"wp:attachment":[{"href":"https:\/\/fedelnelkul.hu\/en\/wp-json\/wp\/v2\/media?parent=18516"}],"wp:term":[{"taxonomy":"category","embeddable":true,"href":"https:\/\/fedelnelkul.hu\/en\/wp-json\/wp\/v2\/categories?post=18516"},{"taxonomy":"post_tag","embeddable":true,"href":"https:\/\/fedelnelkul.hu\/en\/wp-json\/wp\/v2\/tags?post=18516"}],"curies":[{"name":"wp","href":"https:\/\/api.w.org\/{rel}","templated":true}]}}