{"id":18385,"date":"2025-06-25T21:55:13","date_gmt":"2025-06-25T19:55:13","guid":{"rendered":"https:\/\/fedelnelkul.hu\/?p=18385"},"modified":"2025-06-25T21:55:13","modified_gmt":"2025-06-25T19:55:13","slug":"bubi","status":"publish","type":"post","link":"https:\/\/fedelnelkul.hu\/en\/2025\/06\/25\/bubi\/","title":{"rendered":"bubi"},"content":{"rendered":"<p><span style=\"font-weight: 400;\">eml\u00e9kszem gyerekkoromban\u00a0<\/span><\/p>\n<p><span style=\"font-weight: 400;\">egy piros es\u0151v\u00edzgy\u0171jt\u0151 hord\u00f3ban\u00a0<\/span><\/p>\n<p><span style=\"font-weight: 400;\">guggoltam a sz\u00fanyogl\u00e1rv\u00e1k k\u00f6z\u00f6tt<\/span><\/p>\n<p><span style=\"font-weight: 400;\">s ha lemer\u00fcltem a v\u00edz<\/span><\/p>\n<p><span style=\"font-weight: 400;\">teny\u00e9rnyi foltokban<\/span><\/p>\n<p><span style=\"font-weight: 400;\">a forr\u00f3 betonra l\u00f6gyb\u00f6z\u00f6tt<\/span><\/p>\n<p><span style=\"font-weight: 400;\">csak \u00fcltem lenn az alj\u00e1n<\/span><\/p>\n<p><span style=\"font-weight: 400;\">mint f\u00e1k sz\u00edv\u00e9ben<\/span><\/p>\n<p><span style=\"font-weight: 400;\">a tavasz \u00edg\u00e9rete<\/span><\/p>\n<p><span style=\"font-weight: 400;\">s n\u00e9ztem ahogy bubor\u00e9kok<\/span><\/p>\n<p><span style=\"font-weight: 400;\">sz\u00e1llnak a felsz\u00edn fele<\/span><\/p>\n<p><span style=\"font-weight: 400;\">majd kipukkadnak r\u00f6gvest<\/span><\/p>\n<p><span style=\"font-weight: 400;\">f\u00f6nn a cs\u00facsn\u00e1l<\/span><\/p>\n<p><span style=\"font-weight: 400;\">a boldogs\u00e1ghoz t\u00f6bb kell\u00a0<\/span><\/p>\n<p><span style=\"font-weight: 400;\">\u00f6nmagunkn\u00e1l<\/span><\/p>\n<div class='watch-action'><div class='watch-position align-left'><div class='action-like'><a class='lbg-style1 like-18385 jlk' href='javascript:void(0)' data-task='like' data-post_id='18385' data-nonce='a4559c5496' rel='nofollow'><img class='wti-pixel' src='https:\/\/fedelnelkul.hu\/wp-content\/plugins\/wti-like-post\/images\/pixel.gif' title='Like' \/><span class='lc-18385 lc'>0<\/span><\/a><\/div><\/div> <div class='status-18385 status align-left'><\/div><\/div><div class='wti-clear'><\/div>","protected":false},"excerpt":{"rendered":"<p>eml\u00e9kszem gyerekkoromban\u00a0 egy piros es\u0151v\u00edzgy\u0171jt\u0151 hord\u00f3ban\u00a0 guggoltam a sz\u00fanyogl\u00e1rv\u00e1k k\u00f6z\u00f6tt s ha lemer\u00fcltem a v\u00edz teny\u00e9rnyi foltokban a forr\u00f3 betonra l\u00f6gyb\u00f6z\u00f6tt csak \u00fcltem lenn az alj\u00e1n mint f\u00e1k sz\u00edv\u00e9ben a tavasz \u00edg\u00e9rete s n\u00e9ztem ahogy bubor\u00e9kok sz\u00e1llnak a felsz\u00edn fele majd kipukkadnak r\u00f6gvest f\u00f6nn a cs\u00facsn\u00e1l a boldogs\u00e1ghoz t\u00f6bb kell\u00a0 \u00f6nmagunkn\u00e1l 0<\/p>\n","protected":false},"author":9299,"featured_media":0,"comment_status":"closed","ping_status":"open","sticky":false,"template":"","format":"standard","meta":{"footnotes":""},"categories":[563,10],"tags":[],"class_list":["post-18385","post","type-post","status-publish","format-standard","hentry","category-563","category-vers"],"_links":{"self":[{"href":"https:\/\/fedelnelkul.hu\/en\/wp-json\/wp\/v2\/posts\/18385","targetHints":{"allow":["GET"]}}],"collection":[{"href":"https:\/\/fedelnelkul.hu\/en\/wp-json\/wp\/v2\/posts"}],"about":[{"href":"https:\/\/fedelnelkul.hu\/en\/wp-json\/wp\/v2\/types\/post"}],"author":[{"embeddable":true,"href":"https:\/\/fedelnelkul.hu\/en\/wp-json\/wp\/v2\/users\/9299"}],"replies":[{"embeddable":true,"href":"https:\/\/fedelnelkul.hu\/en\/wp-json\/wp\/v2\/comments?post=18385"}],"version-history":[{"count":2,"href":"https:\/\/fedelnelkul.hu\/en\/wp-json\/wp\/v2\/posts\/18385\/revisions"}],"predecessor-version":[{"id":18387,"href":"https:\/\/fedelnelkul.hu\/en\/wp-json\/wp\/v2\/posts\/18385\/revisions\/18387"}],"wp:attachment":[{"href":"https:\/\/fedelnelkul.hu\/en\/wp-json\/wp\/v2\/media?parent=18385"}],"wp:term":[{"taxonomy":"category","embeddable":true,"href":"https:\/\/fedelnelkul.hu\/en\/wp-json\/wp\/v2\/categories?post=18385"},{"taxonomy":"post_tag","embeddable":true,"href":"https:\/\/fedelnelkul.hu\/en\/wp-json\/wp\/v2\/tags?post=18385"}],"curies":[{"name":"wp","href":"https:\/\/api.w.org\/{rel}","templated":true}]}}