{"id":1829,"date":"2018-02-10T20:33:55","date_gmt":"2018-02-10T20:33:55","guid":{"rendered":"http:\/\/fedelnelkul.hu\/2018\/02\/10\/szureti-szavak\/"},"modified":"2018-02-10T20:33:55","modified_gmt":"2018-02-10T20:33:55","slug":"szureti-szavak","status":"publish","type":"post","link":"https:\/\/fedelnelkul.hu\/en\/2018\/02\/10\/szureti-szavak\/","title":{"rendered":"Sz\u00fcreti szavak"},"content":{"rendered":"<p><font size=\"2\"><br \/>\nA bor m\u00e1r vizezett, nem kell hozz\u00e1 sz\u00f3da.<br \/>\nA t\u0151k\u00e9r\u0151l mindj\u00e1rt hossz\u00fal\u00e9p\u00e9s, nagyfr\u00f6ccs<br \/>\nker\u00fcl a r\u00e9gen m\u00e9g bort l\u00e1tott hord\u00f3kba.<br \/>\nNe igy\u00e1l ebb\u0151l a l\u00f6ttyb\u0151l, ink\u00e1bb s\u00f6r\u00f6zz.<\/p>\n<p>M\u00edg hazudsz, \u00e9n is hazudok,<br \/>\nmint hamis bor ez l\u00e9tforma.<br \/>\nHa nem szoktad, majd megszokod,<br \/>\nmert az igazs\u00e1g t\u00e9tova.<\/p>\n<p>A zsigereinkben,<br \/>\nmint vel\u00fcnk sz\u00fcletett<br \/>\n\u0151s-k\u00f3rk\u00e9nt van jelen,<br \/>\nagyon nem \u00fctheted.<\/p>\n<p>\u00dagy igazat,<br \/>\nha csak k\u00e9red<br \/>\nnem osztanak,<br \/>\n\u00e9s nem k\u00e9rnek.<\/p>\n<p>Nem j\u00f3, de ilyen a bor, ilyen a sz\u00fcret,<br \/>\n\u00edgy koccintunk v\u00edgan, \u00edgy koccintunk b\u00fara,<br \/>\n\u00e9s napjainkban sz\u00e9gyenkeznek a sz\u00fczek,<br \/>\naz er\u00e9ny\u00f6vgy\u00e1rt\u00e1s m\u00e9g nem indult meg \u00fajra.<\/p>\n<p>Duzzad\u00f3 f\u00fcrt\u00f6k a hegyen,<br \/>\nm\u00edg benn\u00fck a sz\u0151l\u0151 leve,<br \/>\naz igazs\u00e1g szel\u00edden<br \/>\nm\u00e9g ak\u00e1r bor is lehetne.<\/p>\n<p>De l\u00e1gy a malig\u00e1n,<br \/>\naz igazs\u00e1g laza,<br \/>\naz akarat alj\u00e1n<br \/>\naz \u00e9let\u00fcnk zacca.<\/p>\n<p><\/font><\/p>\n<div class='watch-action'><div class='watch-position align-left'><div class='action-like'><a class='lbg-style1 like-1829 jlk' href='javascript:void(0)' data-task='like' data-post_id='1829' data-nonce='a4559c5496' rel='nofollow'><img class='wti-pixel' src='https:\/\/fedelnelkul.hu\/wp-content\/plugins\/wti-like-post\/images\/pixel.gif' title='Like' \/><span class='lc-1829 lc'>0<\/span><\/a><\/div><\/div> <div class='status-1829 status align-left'><\/div><\/div><div class='wti-clear'><\/div>","protected":false},"excerpt":{"rendered":"<p>A bor m\u00e1r vizezett, nem kell hozz\u00e1 sz\u00f3da. A t\u0151k\u00e9r\u0151l mindj\u00e1rt hossz\u00fal\u00e9p\u00e9s, nagyfr\u00f6ccs ker\u00fcl a r\u00e9gen m\u00e9g bort l\u00e1tott hord\u00f3kba. Ne igy\u00e1l ebb\u0151l a l\u00f6ttyb\u0151l, ink\u00e1bb s\u00f6r\u00f6zz. M\u00edg hazudsz, \u00e9n is hazudok, mint hamis bor ez l\u00e9tforma. Ha nem szoktad, majd megszokod, mert az igazs\u00e1g t\u00e9tova. A zsigereinkben, mint vel\u00fcnk sz\u00fcletett \u0151s-k\u00f3rk\u00e9nt van jelen, agyon &hellip; <a href=\"https:\/\/fedelnelkul.hu\/en\/2018\/02\/10\/szureti-szavak\/\" class=\"more-link\">Continue reading <span class=\"screen-reader-text\">Sz\u00fcreti szavak<\/span><\/a><\/p>\n","protected":false},"author":390,"featured_media":0,"comment_status":"closed","ping_status":"open","sticky":false,"template":"","format":"standard","meta":{"footnotes":""},"categories":[148,10],"tags":[],"class_list":["post-1829","post","type-post","status-publish","format-standard","hentry","category-148","category-vers"],"_links":{"self":[{"href":"https:\/\/fedelnelkul.hu\/en\/wp-json\/wp\/v2\/posts\/1829","targetHints":{"allow":["GET"]}}],"collection":[{"href":"https:\/\/fedelnelkul.hu\/en\/wp-json\/wp\/v2\/posts"}],"about":[{"href":"https:\/\/fedelnelkul.hu\/en\/wp-json\/wp\/v2\/types\/post"}],"author":[{"embeddable":true,"href":"https:\/\/fedelnelkul.hu\/en\/wp-json\/wp\/v2\/users\/390"}],"replies":[{"embeddable":true,"href":"https:\/\/fedelnelkul.hu\/en\/wp-json\/wp\/v2\/comments?post=1829"}],"version-history":[{"count":0,"href":"https:\/\/fedelnelkul.hu\/en\/wp-json\/wp\/v2\/posts\/1829\/revisions"}],"wp:attachment":[{"href":"https:\/\/fedelnelkul.hu\/en\/wp-json\/wp\/v2\/media?parent=1829"}],"wp:term":[{"taxonomy":"category","embeddable":true,"href":"https:\/\/fedelnelkul.hu\/en\/wp-json\/wp\/v2\/categories?post=1829"},{"taxonomy":"post_tag","embeddable":true,"href":"https:\/\/fedelnelkul.hu\/en\/wp-json\/wp\/v2\/tags?post=1829"}],"curies":[{"name":"wp","href":"https:\/\/api.w.org\/{rel}","templated":true}]}}