{"id":1807,"date":"2018-02-10T20:33:55","date_gmt":"2018-02-10T20:33:55","guid":{"rendered":"http:\/\/fedelnelkul.hu\/2018\/02\/10\/hajlektalan-vagyok\/"},"modified":"2018-02-10T20:33:55","modified_gmt":"2018-02-10T20:33:55","slug":"hajlektalan-vagyok","status":"publish","type":"post","link":"https:\/\/fedelnelkul.hu\/en\/2018\/02\/10\/hajlektalan-vagyok\/","title":{"rendered":"Hajl\u00e9ktalan vagyok"},"content":{"rendered":"<p><font size=\"2\"><br \/>\nKem\u00e9ny a pad, nyomja a h\u00e1tam&#8230;<br \/>\nElf\u00e1radtam: nem \u00e9rzem a l\u00e1bam&#8230;<br \/>\nF\u00e1j a hasam, tudom, mi a gondja:<br \/>\nir\u00e1ny a legk\u00f6zelebbi ingyenkonyha&#8230;<\/p>\n<p>Sz\u00fcrke napok, ism\u00e9tl\u0151dik minden:<br \/>\nArra \u00e9bredni, hogy semmid nincsen&#8230;<br \/>\nA Vil\u00e1g v\u00e1ltozik,Te ugyanaz maradsz&#8230;<br \/>\nNem lesz jobb l\u00e9ted hi\u00e1ba kaparsz!<\/p>\n<p>Hangosak a h\u00e1zak, a zajuk elnyelt&#8230;<br \/>\n\u00c9szre sem veszed, mennyi id\u0151 eltelt:<br \/>\nHasztalan napok, h\u00f3napok \u00e9s \u00e9vek&#8230;<br \/>\nLak\u00e1s n\u00e9lk\u00fcl mondd &#8211; Mit \u00e9rek?!<\/p>\n<p>Seg\u00edts\u00e9g helyett csak megvet\u00e9st kapt\u00e1l,<br \/>\nde az\u00e9rt vagy itt, mert seg\u00edts\u00e9get adt\u00e1l&#8230;<br \/>\nB\u00e1r v\u00e1ltozna a k\u00f6z\u00f6mb\u00f6s emberi l\u00e9lek&#8230;<br \/>\nB\u00e1r nem \u00edt\u00e9ln\u00e9k el a szeg\u00e9nys\u00e9get&#8230;<\/p>\n<p>Ez a l\u00e9t, mi jutott nekem&#8230;<br \/>\nTe vagy a vigasz, \u00e9des Istenem&#8230;<br \/>\nDe mag\u00e1nyt \u00e9rzek &#8211; a Vil\u00e1g elhagyott:<br \/>\nIgen&#8230; Val\u00f3ban hajl\u00e9ktalan vagyok&#8230;<\/p>\n<p><em><strong>2012 szeptember, k\u00fcl\u00f6nd\u00edj<\/strong><\/em><\/p>\n<p><\/font><\/p>\n<div class='watch-action'><div class='watch-position align-left'><div class='action-like'><a class='lbg-style1 like-1807 jlk' href='javascript:void(0)' data-task='like' data-post_id='1807' data-nonce='f48ebca404' rel='nofollow'><img class='wti-pixel' src='https:\/\/fedelnelkul.hu\/wp-content\/plugins\/wti-like-post\/images\/pixel.gif' title='Like' \/><span class='lc-1807 lc'>0<\/span><\/a><\/div><\/div> <div class='status-1807 status align-left'><\/div><\/div><div class='wti-clear'><\/div>","protected":false},"excerpt":{"rendered":"<p>Kem\u00e9ny a pad, nyomja a h\u00e1tam&#8230; Elf\u00e1radtam: nem \u00e9rzem a l\u00e1bam&#8230; F\u00e1j a hasam, tudom, mi a gondja: ir\u00e1ny a legk\u00f6zelebbi ingyenkonyha&#8230; Sz\u00fcrke napok, ism\u00e9tl\u0151dik minden: Arra \u00e9bredni, hogy semmid nincsen&#8230; A Vil\u00e1g v\u00e1ltozik,Te ugyanaz maradsz&#8230; Nem lesz jobb l\u00e9ted hi\u00e1ba kaparsz! Hangosak a h\u00e1zak, a zajuk elnyelt&#8230; \u00c9szre sem veszed, mennyi id\u0151 eltelt: Hasztalan &hellip; <a href=\"https:\/\/fedelnelkul.hu\/en\/2018\/02\/10\/hajlektalan-vagyok\/\" class=\"more-link\">Continue reading <span class=\"screen-reader-text\">Hajl\u00e9ktalan vagyok<\/span><\/a><\/p>\n","protected":false},"author":460,"featured_media":0,"comment_status":"closed","ping_status":"open","sticky":false,"template":"","format":"standard","meta":{"footnotes":""},"categories":[146,10],"tags":[],"class_list":["post-1807","post","type-post","status-publish","format-standard","hentry","category-146","category-vers"],"_links":{"self":[{"href":"https:\/\/fedelnelkul.hu\/en\/wp-json\/wp\/v2\/posts\/1807","targetHints":{"allow":["GET"]}}],"collection":[{"href":"https:\/\/fedelnelkul.hu\/en\/wp-json\/wp\/v2\/posts"}],"about":[{"href":"https:\/\/fedelnelkul.hu\/en\/wp-json\/wp\/v2\/types\/post"}],"author":[{"embeddable":true,"href":"https:\/\/fedelnelkul.hu\/en\/wp-json\/wp\/v2\/users\/460"}],"replies":[{"embeddable":true,"href":"https:\/\/fedelnelkul.hu\/en\/wp-json\/wp\/v2\/comments?post=1807"}],"version-history":[{"count":0,"href":"https:\/\/fedelnelkul.hu\/en\/wp-json\/wp\/v2\/posts\/1807\/revisions"}],"wp:attachment":[{"href":"https:\/\/fedelnelkul.hu\/en\/wp-json\/wp\/v2\/media?parent=1807"}],"wp:term":[{"taxonomy":"category","embeddable":true,"href":"https:\/\/fedelnelkul.hu\/en\/wp-json\/wp\/v2\/categories?post=1807"},{"taxonomy":"post_tag","embeddable":true,"href":"https:\/\/fedelnelkul.hu\/en\/wp-json\/wp\/v2\/tags?post=1807"}],"curies":[{"name":"wp","href":"https:\/\/api.w.org\/{rel}","templated":true}]}}