{"id":1775,"date":"2018-02-10T20:33:54","date_gmt":"2018-02-10T20:33:54","guid":{"rendered":"http:\/\/fedelnelkul.hu\/2018\/02\/10\/rekviem-egy-dohanyosert\/"},"modified":"2018-02-10T20:33:54","modified_gmt":"2018-02-10T20:33:54","slug":"rekviem-egy-dohanyosert","status":"publish","type":"post","link":"https:\/\/fedelnelkul.hu\/en\/2018\/02\/10\/rekviem-egy-dohanyosert\/","title":{"rendered":"Rekviem egy doh\u00e1nyos\u00e9rt"},"content":{"rendered":"<p><font size=\"2\"><br \/>\n\u00c9lt\u00e9l-e m\u00e1r egy olyan negyven\u00e9ves f\u00e9rfival, akit sz\u00edvb\u0151l szerett\u00e9l \u00e9s naponta k\u00e9t doboz cigarett\u00e1t sz\u00edvott el? Megk\u00eds\u00e9relted-e m\u00e1r leszoktatni \u00e1tkos szenved\u00e9ly\u00e9r\u0151l? \u00c9n mindent megpr\u00f3b\u00e1ltam, de sorra kudarcot vallottam. Besz\u00e9ltem neki arr\u00f3l, hogy a cigaretta nikotintartalm\u00e1n\u00e1l fogva k\u00e1b\u00edt\u00f3szer-f\u00fcgg\u0151s\u00e9get, sz\u00edvrohamot okozhat, nem besz\u00e9lve a t\u00fcd\u0151r\u00e1kr\u00f3l, a gyomor \u00e9s \u00e9rrendszerre hat\u00f3 k\u00e1rokr\u00f3l. \u0150 csak nevetett, \u00e9s v\u00e1ltozatlanul az arcomba f\u00fajta a cigarettaf\u00fcst\u00f6t, pedig tudta, hogy p\u00e9szm\u00e9kerem van, sz\u00edvbeteg vagyok.<br \/>\nEkkor m\u00e1r r\u00e9gen a m\u00e1sik szob\u00e1ban \u00e9ltem, mert \u0151 r\u00e1ad\u00e1sul t\u00fcd\u0151beteg volt. Jeleztem a h\u00e1ziorvosomnak, hogy ideje lenne norm\u00e1lis, t\u00e9nyleg leszoktat\u00f3 plak\u00e1tokat elhelyezni a v\u00e1rosban, \u00e9s f\u0151m\u0171sorid\u0151ben a t\u00e9v\u00e9ben (mert sajnos az emberek t\u00f6bbs\u00e9ge csak t\u00e9v\u00e9t n\u00e9z) besz\u00e9lni, besz\u00e9lni \u00e9s \u00fajra csak besz\u00e9lni a doh\u00e1nyz\u00e1s k\u00e1ros hat\u00e1sair\u00f3l, nem v\u00e1rni meg azt, ami elk\u00f6vetkezett: harmadik helyen vagyunk a vil\u00e1gban a doh\u00e1nyz\u00e1s ter\u00e9n. Sz\u00edvszorulva l\u00e1tom, hogy fiatal l\u00e1nyok \u00e9s f\u00e9rfiak az utc\u00e1n doh\u00e1nyoznak, nem t\u00f6r\u0151dnek j\u00f6v\u0151beli ut\u00f3daikkal, akiknek eg\u00e9szs\u00e9ges any\u00e1ra \u00e9s ap\u00e1ra van sz\u00fcks\u00e9g\u00fck, vagy 25 \u00e9vig, m\u00edg felnevelik csemet\u00e9iket, ha tudn\u00e1k, hogy milyen egy unoka, akkor soha t\u00f6bb\u00e9 nem gy\u00fajtan\u00e1nak r\u00e1, mert t\u00f6bbs\u00e9ge meg sem fogja \u00e9rni!<br \/>\nSajnos a doh\u00e1nyos emberek nagyon \u00f6nz\u0151ek, csak magukra gondolnak, k\u00e9pzelj\u00e9k el \u00e9n mit \u00e1lltam ki nap mint nap, amikor bar\u00e1tom r\u00e1m f\u00fajta a f\u00fcst\u00f6t. L\u00e1ttam, hogy mint puszt\u00edtja szervezet\u00e9t a cigaretta, reggelente egy-k\u00e9t \u00f3r\u00e1t k\u00f6h\u00f6g\u00f6tt, kr\u00f3nikus bronchitise volt, \u00e9s az eg\u00e9sz ember mind\u00f6ssze 53 kil\u00f3t nyomott, mert ev\u00e9s helyett is doh\u00e1nyzott.<br \/>\nMint minden ir\u00e1nt \u00e9rdekl\u0151d\u0151 ember, t\u00f6bb k\u00f6nyvet beszereztem a doh\u00e1nyz\u00e1sr\u00f3l, tudom, hogy nincs olyan szerve az embernek, aminek ne \u00e1rtana a f\u00fcst \u00e9s a nikotin. Nem tudom meg\u00e9rteni, mi\u00e9rt jobb ha ezrek \u00e9s ezrek, k\u00f6z\u00e9pkor\u00faak, majd a mostani fiatalok, k\u00e9s\u0151bb 40-50 \u00e9vesek meghalnak a doh\u00e1nyz\u00e1s miatt, a beszedett \u00e1llami j\u00f6ved\u00e9kad\u00f3-bev\u00e9tel a szerencs\u00e9tlen \u00e9s beteg doh\u00e1nyz\u00f3 emberek eg\u00e9szs\u00e9ge \u00e1r\u00e1n folyik be. A n\u00e9pess\u00e9gfogy\u00e1st is meg\u00e1ll\u00edtan\u00e1, ha mindenki tov\u00e1bb \u00e9lne, \u00e9s gondoskodna majd eg\u00e9szs\u00e9ges ut\u00f3dokr\u00f3l. \u00dagy \u00e9rzem, hogy szerencs\u00e9tlen honfit\u00e1rsaink le tudn\u00e1nak szokni err\u0151l a sz\u00f6rny\u0171 szenved\u00e9lyr\u0151l, ami csak bajt okoz nekik. <br \/>\nH\u00e1la Istennek kiadt\u00e1k \u00fajb\u00f3l Allen Carr: Leszokni a doh\u00e1nyz\u00e1sr\u00f3l? Nem is neh\u00e9z! c\u00edm\u0171 k\u00f6nyv\u00e9t, amit j\u00f3 t\u00edz \u00e9vvel ezel\u0151tt vettem meg az \u00fajs\u00e1g\u00e1rusn\u00e1l. \u00dajb\u00f3l piacra kellene dobni, \u00e9s besz\u00e9lni, besz\u00e9lni err\u0151l, f\u0151leg a t\u00e9v\u00e9ben, mert mint m\u00e1r eml\u00edtettem, az emberek nagy r\u00e9sz\u00e9nek f\u0151 elfoglalts\u00e1ga a t\u00e9v\u00e9z\u00e9s.<br \/>\nJ\u00f3magam \u00f6t \u00e9vet doh\u00e1nyoztam, k\u00f6nny\u0171szerrel letettem, csak egy kis akarater\u0151 kell hozz\u00e1, de sokan nincsenek tekintettel a nemdoh\u00e1nyz\u00f3 emberekre. Bar\u00e1tom nagyon f\u00e9rfiasnak \u00e9rezte, hogy doh\u00e1nyzott, pedig csak egy szerencs\u00e9tlen nikotinf\u00fcgg\u0151 ember volt, j\u00f3 lenne ha az ideg- \u00e9s t\u00fcd\u0151gondoz\u00f3k mell\u00e9 nyitn\u00e1nak olyan rendel\u0151ket, ahol a nikotincsapd\u00e1ba esett embereket gy\u00f3gy\u00edtj\u00e1k. Ezrek \u00e9s ezrek halnak meg id\u0151 el\u0151tt, mert ezrek \u00e9s ezrek v\u00e1s\u00e1rolj\u00e1k naponta a napi m\u00e9regadagjukat. Nem csod\u00e1lom, hogy ennyire fogy a n\u00e9pess\u00e9g. Ha tudunk, tegy\u00fcnk m\u00e9g ellene valamit.<br \/>\nMost egy nemdoh\u00e1nyz\u00f3 f\u00e9rfival \u00e9lek, mert bar\u00e1tomat eltemettem, mind\u00f6ssze 42 \u00e9ves volt&#8230;<\/p>\n<p><\/font><\/p>\n<div class='watch-action'><div class='watch-position align-left'><div class='action-like'><a class='lbg-style1 like-1775 jlk' href='javascript:void(0)' data-task='like' data-post_id='1775' data-nonce='07417c0bc1' rel='nofollow'><img class='wti-pixel' src='https:\/\/fedelnelkul.hu\/wp-content\/plugins\/wti-like-post\/images\/pixel.gif' title='Like' \/><span class='lc-1775 lc'>0<\/span><\/a><\/div><\/div> <div class='status-1775 status align-left'><\/div><\/div><div class='wti-clear'><\/div>","protected":false},"excerpt":{"rendered":"<p>\u00c9lt\u00e9l-e m\u00e1r egy olyan negyven\u00e9ves f\u00e9rfival, akit sz\u00edvb\u0151l szerett\u00e9l \u00e9s naponta k\u00e9t doboz cigarett\u00e1t sz\u00edvott el? Megk\u00eds\u00e9relted-e m\u00e1r leszoktatni \u00e1tkos szenved\u00e9ly\u00e9r\u0151l? \u00c9n mindent megpr\u00f3b\u00e1ltam, de sorra kudarcot vallottam. Besz\u00e9ltem neki arr\u00f3l, hogy a cigaretta nikotintartalm\u00e1n\u00e1l fogva k\u00e1b\u00edt\u00f3szer-f\u00fcgg\u0151s\u00e9get, sz\u00edvrohamot okozhat, nem besz\u00e9lve a t\u00fcd\u0151r\u00e1kr\u00f3l, a gyomor \u00e9s \u00e9rrendszerre hat\u00f3 k\u00e1rokr\u00f3l. \u0150 csak nevetett, \u00e9s v\u00e1ltozatlanul az &hellip; <a href=\"https:\/\/fedelnelkul.hu\/en\/2018\/02\/10\/rekviem-egy-dohanyosert\/\" class=\"more-link\">Continue reading <span class=\"screen-reader-text\">Rekviem egy doh\u00e1nyos\u00e9rt<\/span><\/a><\/p>\n","protected":false},"author":242,"featured_media":0,"comment_status":"closed","ping_status":"open","sticky":false,"template":"","format":"standard","meta":{"footnotes":""},"categories":[143,9],"tags":[],"class_list":["post-1775","post","type-post","status-publish","format-standard","hentry","category-143","category-szepproza"],"_links":{"self":[{"href":"https:\/\/fedelnelkul.hu\/en\/wp-json\/wp\/v2\/posts\/1775","targetHints":{"allow":["GET"]}}],"collection":[{"href":"https:\/\/fedelnelkul.hu\/en\/wp-json\/wp\/v2\/posts"}],"about":[{"href":"https:\/\/fedelnelkul.hu\/en\/wp-json\/wp\/v2\/types\/post"}],"author":[{"embeddable":true,"href":"https:\/\/fedelnelkul.hu\/en\/wp-json\/wp\/v2\/users\/242"}],"replies":[{"embeddable":true,"href":"https:\/\/fedelnelkul.hu\/en\/wp-json\/wp\/v2\/comments?post=1775"}],"version-history":[{"count":0,"href":"https:\/\/fedelnelkul.hu\/en\/wp-json\/wp\/v2\/posts\/1775\/revisions"}],"wp:attachment":[{"href":"https:\/\/fedelnelkul.hu\/en\/wp-json\/wp\/v2\/media?parent=1775"}],"wp:term":[{"taxonomy":"category","embeddable":true,"href":"https:\/\/fedelnelkul.hu\/en\/wp-json\/wp\/v2\/categories?post=1775"},{"taxonomy":"post_tag","embeddable":true,"href":"https:\/\/fedelnelkul.hu\/en\/wp-json\/wp\/v2\/tags?post=1775"}],"curies":[{"name":"wp","href":"https:\/\/api.w.org\/{rel}","templated":true}]}}