{"id":1774,"date":"2018-02-10T20:33:54","date_gmt":"2018-02-10T20:33:54","guid":{"rendered":"http:\/\/fedelnelkul.hu\/2018\/02\/10\/bela-egy-markanev-beszelgetes-felkai-belaval\/"},"modified":"2018-02-10T20:33:54","modified_gmt":"2018-02-10T20:33:54","slug":"bela-egy-markanev-beszelgetes-felkai-belaval","status":"publish","type":"post","link":"https:\/\/fedelnelkul.hu\/en\/2018\/02\/10\/bela-egy-markanev-beszelgetes-felkai-belaval\/","title":{"rendered":"B\u00e9la: egy m\u00e1rkan\u00e9v &#8211; besz\u00e9lget\u00e9s Felkai B\u00e9l\u00e1val"},"content":{"rendered":"<p><font size=\"2\"><em>Felkai B\u00e9la koll\u00e9g\u00e1nkkal besz\u00e9lget\u00fcnk 60. sz\u00fclet\u00e9snapja alkalm\u00e1b\u00f3l, aki k\u00f6zel 20 \u00e9ve a Menhely Alap\u00edtv\u00e1ny munkat\u00e1rsa, kr\u00edzisaut\u00f3 j\u00e1ratunk legr\u00e9gebbi sof\u0151rjek\u00e9nt pedig az utc\u00e1n \u00e9l\u0151 hajl\u00e9ktalan \u00fcgyfelek sz\u00e1m\u00e1ra a &#8222;B\u00e9la \u00e9s a Menhelyesek&#8221; c\u00e9g legismertebb arca.<\/em><\/p>\n<p><strong>60 \u00e9ves lett\u00e9l, ami a mostani besz\u00e9lget\u00e9s\u00fcnk aprop\u00f3j\u00e1ul szolg\u00e1l. Neked sz\u00e1m\u00edt-e a kor?<\/strong><br \/>\nNem. Fiatalon \u00fagy van vele az ember, hogy szeretne miel\u0151bb feln\u0151ni, \u00e9s amikor m\u00e1r feln\u0151tt, az az id\u0151szak pillanatok alatt elmegy. Hamar megn\u0151s\u00fcltem, a feles\u00e9gemmel egy b\u00e9rh\u00e1zban laktunk itt Pesten. 23 \u00e9vesen m\u00e1r volt egy gyermekem. Ma is egy\u00fctt vagyunk, k\u00e9t l\u00e1nyunk \u00e9s egy fiunk sz\u00fcletett.<\/p>\n<p><strong>Honnan cs\u00f6ppent\u00e9l a Menhely Alap\u00edtv\u00e1nyhoz, \u00e9s lett\u00e9l a kr\u00edzisaut\u00f3 j\u00e1rat meghat\u00e1roz\u00f3 embere?<br \/>\n<\/strong>Eredetileg mechanikai m\u0171szer\u00e9sz a szakm\u00e1m, dolgoztam a Csepel Vas- \u00e9s F\u00e9mm\u0171vekn\u00e9l, azut\u00e1n eszterg\u00e1lyosk\u00e9nt. Megn\u0151s\u00fcltem, \u00e9s m\u00e1r volt egy l\u00e1nyom, amikor a k\u00e9t \u00e9v katonai szolg\u00e1latra beh\u00edv\u00f3t kaptam. Szerencs\u00e9re j\u00f3 t\u00e1rsas\u00e1gom volt, \u00e9letre sz\u00f3l\u00f3 bar\u00e1ts\u00e1gokat k\u00f6t\u00f6ttem, a l\u00e1nyom keresztapja is egy ottani katonat\u00e1rsam lett. <br \/>\nA leszerel\u00e9s ut\u00e1n, imm\u00e1r k\u00e9t gyerekkel a csal\u00e1dban, v\u00e1llalkoz\u00e1sba fogtam. El\u0151sz\u00f6r az \u00e1f\u00e9szn\u00e1l lettem \u00fczletk\u00f6t\u0151 \u00e9s felm\u00e9r\u0151. Ez el\u00e9g k\u00f6tetlen munka volt, \u00edgy belefoghattam saj\u00e1t v\u00e1llalkoz\u00e1sba is. De amikor j\u00f6tt a rendszerv\u00e1lt\u00e1s, sorra belebuktam ezekbe, \u00e9s n\u00e9h\u00e1ny bar\u00e1tom igazi arc\u00e1t is megl\u00e1thattam. Nem akarok panaszkodni, de t\u00f6bbmilli\u00f3s vesztes\u00e9gem lett, amib\u0151l nagyon nehezen j\u00f6ttem ki.<\/p>\n<p><strong>Ekkor k\u00e9nyszer\u00fclt\u00e9l v\u00e1ltani?<\/strong><br \/>\nIgen. Ott voltam akkor m\u00e1r 3 gyerekkel \u00e9s egy csom\u00f3 ad\u00f3ss\u00e1ggal, amikor egy ismer\u0151s ismer\u0151se aj\u00e1nlott engem az Alap\u00edtv\u00e1nyhoz. Kellett ide egy megb\u00edzhat\u00f3 ember, az 1993 tel\u00e9n indult budapesti teaj\u00e1rat bonyol\u00edt\u00e1s\u00e1hoz. A rendszerv\u00e1lt\u00e1s ut\u00e1n vagyunk, m\u00e9g utcai szolg\u00e1latok sem igen voltak, \u00e9s amikor ide ker\u00fcltem, vett\u00fcnk egy aut\u00f3t az alap\u00edtv\u00e1ny sz\u00e1m\u00e1ra, \u00e9s est\u00e9nk\u00e9nt a h\u00e1rom p\u00e1lyaudvaron \u00e9s a K\u00f6kin\u00e9l te\u00e1t \u00e9s meleg \u00e9telt osztottunk az utc\u00e1n \u00e9l\u0151 hajl\u00e9ktalan emberek sz\u00e1m\u00e1ra. Mindig volt velem szoci\u00e1lis munk\u00e1s, de \u00e9n ekkoriban minden este kint dolgoztam, minden h\u00e9tv\u00e9g\u00e9n \u00e9s \u00fcnnepnapokon is.<\/p>\n<p><strong>A csal\u00e1dod hogy \u00e1llt az \u00faj munk\u00e1dhoz, hogy est\u00e9nk\u00e9nt hajl\u00e9ktalanokhoz m\u00e9sz &#8222;l\u00e1togat\u00f3ba&#8221;?<br \/>\n<\/strong>El\u0151sz\u00f6r furcs\u00e1llt\u00e1k, de azt\u00e1n megszokt\u00e1k. Igaz\u00e1b\u00f3l a feles\u00e9gemnek nem volt olyan idegen, mivel a M\u00c1V k\u00f3rh\u00e1zban dolgozott az intenz\u00edv oszt\u00e1lyon, ahol gyakrabban megfordultak hajl\u00e9ktalan betegek is. A l\u00e1nyaim is el\u00e9g nagyok voltak m\u00e1r, de a kisfiam, aki 10 \u00e9ves volt, amikor itt kezdtem dolgozni, csak az anyuk\u00e1j\u00e1t\u00f3l merte megk\u00e9rdezni, mi is az, hogy hajl\u00e9ktalan. Nem tudta eld\u00f6nteni: vajon azok, akik nem tudnak lehajolni vagy akik nem tudnak kiegyenesedni? Na, azut\u00e1n a nejem nagyj\u00e1b\u00f3l elmondta, kikr\u0151l van sz\u00f3, \u00e9s akkor hozz\u00e1m fordult. \u00c9n pedig \u00fagy mes\u00e9ltem neki, hogy olyan emberek, akiknek nincs hova hazamenni\u00fck, \u00e9s nekik seg\u00edt\u00fcnk mindenben, amiben tudunk.<\/p>\n<p><strong>Egy v\u00e9letlen munkalehet\u0151s\u00e9gb\u0151l lett 20 \u00e9v. Most hogy l\u00e1tod, volt \u00e9rtelme?<\/strong><br \/>\nAkkor mi\u00e9rt maradtam volna eddig? Az elej\u00e9n \u00e9n is azt gondoltam, hogy ez \u00e1tmeneti lesz. Azt gondoltam, majd j\u00f6n valami \u00faj v\u00e1llalkoz\u00e1s, b\u00e1r m\u00e1r nagyon f\u00e9ltem h\u00e1rom buk\u00e1s ut\u00e1n, ami sokszor emberi t\u00e9nyez\u0151k\u00f6n m\u00falott. Akkoriban nagyon el voltam keseredve, sok mindenen gondolkodtam, mit kellene csin\u00e1lni. Azt\u00e1n elkezdtem dolgozni ezekkel az emberekkel &#8211; el\u0151tte nem nagyon tal\u00e1lkoztam hajl\u00e9ktalannal, csak mint m\u00e1s, l\u00e1ttam \u0151ket az aut\u00f3b\u00f3l, p\u00e9nzt adtam olykor &#8211; akkor j\u00f6ttem r\u00e1, hogy \u00e9n mit akarok. Van m\u00e9g lak\u00e1som, csal\u00e1dom, kocsim, ezeknek az embereknek pedig egy szatyruk volt \u00e9s annyi, abban van az eg\u00e9sz \u00e9let\u00fck. Azt kell mondjam, ez a felismer\u00e9s valahogy \u00e1tseg\u00edtett a saj\u00e1t kr\u00edzisemen \u00e9s felt\u00f6lt\u00f6tt.<br \/>\nAz utcai munk\u00e1m sor\u00e1n engem ismertek legjobban az utcai hajl\u00e9ktalan emberek, hiszen minden nap tal\u00e1lkoztak velem. Egy teaoszt\u00e1s alatt t\u00f6bb sz\u00e1zan is sorba \u00e1lltak, besz\u00e9lgett\u00fcnk is az emberekkel, akik mondt\u00e1k b\u00e1natukat, panaszukat. Sokan betegek, nem tudj\u00e1k kiv\u00e1ltani a gy\u00f3gyszert, ilyesmi. Mi ott \u00e1lltunk a te\u00e1val \u00e9s \u00e9tellel telepakolt kocsival, \u00edgy hogy sz\u00e1ll\u00edtsuk b\u00e1rhova? K\u00e9rt\u00fck, hogy v\u00e1rja meg az este v\u00e9g\u00e9t, \u00e9s amikor este 11-kor v\u00e9ge volt a teaj\u00e1ratnak, visszament\u00fcnk az emberhez seg\u00edteni. Persze ez \u00edgy nem m\u0171k\u00f6dhetett sok\u00e1ig, a dolgoz\u00f3k r\u00e9sz\u00e9r\u0151l sem. \u00cdgy azt\u00e1n, mivel ezeknek az embereknek is ugyan\u00fagy vannak elint\u00e9zend\u0151 probl\u00e9m\u00e1ik, \u00fcgyeik, \u00e9s ebben sokkal ink\u00e1bb seg\u00edts\u00e9gre szorulnak az utc\u00e1n, olyan szolg\u00e1ltat\u00e1st kellett ind\u00edtani, ami hozz\u00e1juk is el\u00e9r. Ez lett a kr\u00edzisaut\u00f3, ami m\u00e1r eg\u00e9sz \u00e9vben m\u0171k\u00f6dik, nem csak t\u00e9len, \u00e9s a m\u00e1r l\u00e9tez\u0151 utcai gondoz\u00f3 szolg\u00e1latokkal ellent\u00e9tben eg\u00e9sz \u00e9jjel seg\u00edts\u00e9g\u00fcl h\u00edvhat\u00f3. Kimegy\u00fcnk az emberekhez, \u00e9s pr\u00f3b\u00e1ljuk k\u00f6vetni, kinek miben k\u00e9ne ink\u00e1bb seg\u00edts\u00e9g &#8211; legyen ez inform\u00e1ci\u00f3, iratp\u00f3tl\u00e1s, eg\u00e9szs\u00e9g\u00fcgyi ell\u00e1t\u00e1s.<\/p>\n<p><strong>Mes\u00e9ln\u00e9l olyan esetr\u0151l az utcai munk\u00e1d sor\u00e1n, ami m\u00e9lyebb nyomot hagyott benned?<br \/>\n<\/strong>A megd\u00f6bbent\u0151 mindig a hal\u00e1leset. Sajnos, volt r\u00e9szem t\u00f6bb ilyenben is. Az egyik \u00e9rdekes m\u00f3don r\u00e1ad\u00e1sul \u00fagy t\u00f6rt\u00e9nt, hogy nem is \u00e9n voltam szolg\u00e1latban. T\u00e9len, kora hajnalban t\u00f6rt\u00e9nt, s\u0171r\u0171 h\u00f3es\u00e9s volt. A diszp\u00e9cser\u00fcnk h\u00edvott reggel, akihez a bejelent\u00e9sek \u00e9rkeznek, hogy b\u00e1r tudja, hogy most nem \u00e9n dolgozom, de ott lakom h\u00e1rom h\u00e1znyira a helysz\u00ednt\u0151l, \u00e9s m\u00e9g a ment\u0151s\u00f6k sem tudtak ki\u00e9rni a nagy h\u00f3torlaszok miatt, h\u00e1t n\u00e9zzek m\u00e1r r\u00e1 az illet\u0151re. A bejelent\u0151 a h\u00e1z egyik lak\u00f3ja volt, aki egy-k\u00e9t napja beengedett egy f\u00e9rfit a l\u00e9pcs\u0151h\u00e1zba, hogy ne fagyjon meg. Nem b\u00edrt\u00e1k fel\u00e9breszteni a f\u00e9rfit, aki \u00e1ll\u00edt\u00f3lag nagyon horkol. Amikor ki\u00e9rtem, l\u00e1ttam, hogy nem horkol, hanem m\u00e1r haldoklik, \u00e9s a horkol\u00e1s hal\u00e1lh\u00f6rg\u00e9s. A ment\u0151ket megv\u00e1rtam, akik nagyon tisztess\u00e9gesen h\u00e1romnegyed \u00f3r\u00e1n kereszt\u00fcl pr\u00f3b\u00e1lt\u00e1k \u00fajra\u00e9leszteni. M\u00e1r nem tudtunk mit tenni.<\/p>\n<p><strong>Rem\u00e9nykedem valami pozit\u00edv t\u00f6rt\u00e9netben is, lehet ilyen egy kr\u00edzisaut\u00f3 szolg\u00e1lat k\u00f6zben?<br \/>\n<\/strong>Persze, vannak sikersztorik is, de azokra kev\u00e9sb\u00e9 eml\u00e9kszem ilyen r\u00e9szletesen. Azt tudom, hogy sokszor el\u0151fordult velem olyan, hogy megyek az utc\u00e1n, \u00e9s r\u00e1m k\u00f6sz\u00f6nnek: hell\u00f3, f\u0151n\u00f6k, eml\u00e9kszik r\u00e1m? \u00c9s \u00e9n \u00e1llok elgondolkodva, de nem ismerem meg. Kider\u00fcl, hogy az\u00e9rt, mert \u00e9n ugye \u00fagy tal\u00e1lkoztam vele, olyan k\u00f6r\u00fclm\u00e9nyek k\u00f6z\u00f6tt, amikor m\u00e9g az utc\u00e1n teljesen elesett, elhanyagolt, beteg \u00e1llapotban volt az illet\u0151, most pedig \u00fajs\u00e1golja, hogy lak\u00e1sba k\u00f6lt\u00f6z\u00f6tt, munk\u00e1ja van \u00e9s p\u00e1rja, akivel ketten egy\u00fctt m\u00e1r fenn tudj\u00e1k tartani a lakhat\u00e1sukat, \u00e9s szer\u00e9nyen, de \u00e9lik \u00e9let\u00fcket. Nem tudom a nev\u00e9t sem, de \u0151 megk\u00f6sz\u00f6nte, hogy j\u00e1rtunk hozz\u00e1 \u00e9s figyelt\u00fcnk r\u00e1 akkoriban.<\/p>\n<p><strong>Tudom r\u00f3lad, hogy te sem t\u00e9tlen\u00fcl v\u00e1rsz a kocsiban, am\u00edg a szoci\u00e1lis munk\u00e1s dolgozik, hanem bizony egy\u00fctt sz\u00e1lltok ki, \u00e9s az emberek sokszor fel\u00e9d fordulnak el\u0151sz\u00f6r mondand\u00f3jukkal. Mondhatjuk, hogy a Menhely aut\u00f3j\u00e1t sokan \u00e1ltalad ismerik fel?<br \/>\n<\/strong>Itt a kr\u00edzisaut\u00f3n az az elv, hogy a sof\u0151rt \u00e9s a szoci\u00e1lis munk\u00e1st egyenrang\u00fanak kell kezelni. Mindketten ott vagyunk az \u00e9jszak\u00e1ban \u00e9s egy\u00fctt d\u00f6nt\u00fcnk. A k\u00e9rd\u00e9sedre van egy vicces t\u00f6rt\u00e9netem. Eml\u00e9kszem, a 2000-es \u00e9vek elej\u00e9n volt egy nagyobb t\u00e9v\u00e9riport, \u00e9s a Francia \u00faton, a most m\u00e1r lerombolt hajl\u00e9ktalan kunyh\u00f3k lak\u00f3it\u00f3l k\u00e9rdezt\u00e9k, hogy kik j\u00e1rnak hozz\u00e1juk. Azt v\u00e1laszolt\u00e1k, hogy a baptist\u00e1k, a Menhely Alap\u00edtv\u00e1ny \u00e9s a &#8222;B\u00e9l\u00e1\u00e9k&#8221;.<\/p>\n<p><\/font><\/p>\n<div align=\"right\">\n<font size=\"2\"><em>Szenogr\u00e1di R\u00e9ka<\/em><\/font>\n<\/div>\n<p><font size=\"2\"><br \/>\n<\/font><\/p>\n<div class='watch-action'><div class='watch-position align-left'><div class='action-like'><a class='lbg-style1 like-1774 jlk' href='javascript:void(0)' data-task='like' data-post_id='1774' data-nonce='e861ddf67b' rel='nofollow'><img class='wti-pixel' src='https:\/\/fedelnelkul.hu\/wp-content\/plugins\/wti-like-post\/images\/pixel.gif' title='Like' \/><span class='lc-1774 lc'>0<\/span><\/a><\/div><\/div> <div class='status-1774 status align-left'><\/div><\/div><div class='wti-clear'><\/div>","protected":false},"excerpt":{"rendered":"<p>Felkai B\u00e9la koll\u00e9g\u00e1nkkal besz\u00e9lget\u00fcnk 60. sz\u00fclet\u00e9snapja alkalm\u00e1b\u00f3l, aki k\u00f6zel 20 \u00e9ve a Menhely Alap\u00edtv\u00e1ny munkat\u00e1rsa, kr\u00edzisaut\u00f3 j\u00e1ratunk legr\u00e9gebbi sof\u0151rjek\u00e9nt pedig az utc\u00e1n \u00e9l\u0151 hajl\u00e9ktalan \u00fcgyfelek sz\u00e1m\u00e1ra a &#8222;B\u00e9la \u00e9s a Menhelyesek&#8221; c\u00e9g legismertebb arca. 60 \u00e9ves lett\u00e9l, ami a mostani besz\u00e9lget\u00e9s\u00fcnk aprop\u00f3j\u00e1ul szolg\u00e1l. Neked sz\u00e1m\u00edt-e a kor? Nem. Fiatalon \u00fagy van vele az ember, hogy &hellip; <a href=\"https:\/\/fedelnelkul.hu\/en\/2018\/02\/10\/bela-egy-markanev-beszelgetes-felkai-belaval\/\" class=\"more-link\">Continue reading <span class=\"screen-reader-text\">B\u00e9la: egy m\u00e1rkan\u00e9v &#8211; besz\u00e9lget\u00e9s Felkai B\u00e9l\u00e1val<\/span><\/a><\/p>\n","protected":false},"author":534,"featured_media":0,"comment_status":"closed","ping_status":"open","sticky":false,"template":"","format":"standard","meta":{"footnotes":""},"categories":[143,8],"tags":[],"class_list":["post-1774","post","type-post","status-publish","format-standard","hentry","category-143","category-interju"],"_links":{"self":[{"href":"https:\/\/fedelnelkul.hu\/en\/wp-json\/wp\/v2\/posts\/1774","targetHints":{"allow":["GET"]}}],"collection":[{"href":"https:\/\/fedelnelkul.hu\/en\/wp-json\/wp\/v2\/posts"}],"about":[{"href":"https:\/\/fedelnelkul.hu\/en\/wp-json\/wp\/v2\/types\/post"}],"author":[{"embeddable":true,"href":"https:\/\/fedelnelkul.hu\/en\/wp-json\/wp\/v2\/users\/534"}],"replies":[{"embeddable":true,"href":"https:\/\/fedelnelkul.hu\/en\/wp-json\/wp\/v2\/comments?post=1774"}],"version-history":[{"count":0,"href":"https:\/\/fedelnelkul.hu\/en\/wp-json\/wp\/v2\/posts\/1774\/revisions"}],"wp:attachment":[{"href":"https:\/\/fedelnelkul.hu\/en\/wp-json\/wp\/v2\/media?parent=1774"}],"wp:term":[{"taxonomy":"category","embeddable":true,"href":"https:\/\/fedelnelkul.hu\/en\/wp-json\/wp\/v2\/categories?post=1774"},{"taxonomy":"post_tag","embeddable":true,"href":"https:\/\/fedelnelkul.hu\/en\/wp-json\/wp\/v2\/tags?post=1774"}],"curies":[{"name":"wp","href":"https:\/\/api.w.org\/{rel}","templated":true}]}}