{"id":1719,"date":"2018-02-10T20:33:53","date_gmt":"2018-02-10T20:33:53","guid":{"rendered":"http:\/\/fedelnelkul.hu\/2018\/02\/10\/mint-eleven-feszulet\/"},"modified":"2018-02-10T20:33:53","modified_gmt":"2018-02-10T20:33:53","slug":"mint-eleven-feszulet","status":"publish","type":"post","link":"https:\/\/fedelnelkul.hu\/en\/2018\/02\/10\/mint-eleven-feszulet\/","title":{"rendered":"Mint eleven fesz\u00fclet"},"content":{"rendered":"<p><font size=\"2\"><br \/>\nNem v\u00e1gyik r\u00e1 hogy k\u00f6zelr\u0151l l\u00e1ssa,<br \/>\nnem akarja tudni hogyan n\u00e9z ki;<br \/>\nnem is akarja m\u00e1r kibesz\u00e9lni:<br \/>\nnemet intett a vil\u00e1goss\u00e1gra.<\/p>\n<p>Nem akar \u00e1tl\u00e1tni a szavakon,<br \/>\ncsak mint aki a g\u00f6d\u00f6rbe l\u00e9pett:<br \/>\n\u00e1tkozza csak a nagy s\u00f6t\u00e9ts\u00e9get;<br \/>\n\u0151 nem lesz kit a var\u00e1zs\u00e1ba von.<\/p>\n<p>Ink\u00e1bb marad egy eldobott kavics.<br \/>\nNe fogja karon, ne ny\u00fajtson l\u00e1mp\u00e1t:<br \/>\nnem akarja \u0151t (a pokolba is)<\/p>\n<p>elk\u00e9pzelni itt vagy a f\u00f6ld felett.<br \/>\nDe az Isten (amikor nem l\u00e1tj\u00e1k)<br \/>\n\u0151t n\u00e9zi, mint eleven fesz\u00fclet.<\/p>\n<p><\/font><\/p>\n<div class='watch-action'><div class='watch-position align-left'><div class='action-like'><a class='lbg-style1 like-1719 jlk' href='javascript:void(0)' data-task='like' data-post_id='1719' data-nonce='a4559c5496' rel='nofollow'><img class='wti-pixel' src='https:\/\/fedelnelkul.hu\/wp-content\/plugins\/wti-like-post\/images\/pixel.gif' title='Like' \/><span class='lc-1719 lc'>0<\/span><\/a><\/div><\/div> <div class='status-1719 status align-left'><\/div><\/div><div class='wti-clear'><\/div>","protected":false},"excerpt":{"rendered":"<p>Nem v\u00e1gyik r\u00e1 hogy k\u00f6zelr\u0151l l\u00e1ssa, nem akarja tudni hogyan n\u00e9z ki; nem is akarja m\u00e1r kibesz\u00e9lni: nemet intett a vil\u00e1goss\u00e1gra. Nem akar \u00e1tl\u00e1tni a szavakon, csak mint aki a g\u00f6d\u00f6rbe l\u00e9pett: \u00e1tkozza csak a nagy s\u00f6t\u00e9ts\u00e9get; \u0151 nem lesz kit a var\u00e1zs\u00e1ba von. Ink\u00e1bb marad egy eldobott kavics. Ne fogja karon, ne ny\u00fajtson l\u00e1mp\u00e1t: &hellip; <a href=\"https:\/\/fedelnelkul.hu\/en\/2018\/02\/10\/mint-eleven-feszulet\/\" class=\"more-link\">Continue reading <span class=\"screen-reader-text\">Mint eleven fesz\u00fclet<\/span><\/a><\/p>\n","protected":false},"author":295,"featured_media":0,"comment_status":"closed","ping_status":"open","sticky":false,"template":"","format":"standard","meta":{"footnotes":""},"categories":[136,10],"tags":[],"class_list":["post-1719","post","type-post","status-publish","format-standard","hentry","category-136","category-vers"],"_links":{"self":[{"href":"https:\/\/fedelnelkul.hu\/en\/wp-json\/wp\/v2\/posts\/1719","targetHints":{"allow":["GET"]}}],"collection":[{"href":"https:\/\/fedelnelkul.hu\/en\/wp-json\/wp\/v2\/posts"}],"about":[{"href":"https:\/\/fedelnelkul.hu\/en\/wp-json\/wp\/v2\/types\/post"}],"author":[{"embeddable":true,"href":"https:\/\/fedelnelkul.hu\/en\/wp-json\/wp\/v2\/users\/295"}],"replies":[{"embeddable":true,"href":"https:\/\/fedelnelkul.hu\/en\/wp-json\/wp\/v2\/comments?post=1719"}],"version-history":[{"count":0,"href":"https:\/\/fedelnelkul.hu\/en\/wp-json\/wp\/v2\/posts\/1719\/revisions"}],"wp:attachment":[{"href":"https:\/\/fedelnelkul.hu\/en\/wp-json\/wp\/v2\/media?parent=1719"}],"wp:term":[{"taxonomy":"category","embeddable":true,"href":"https:\/\/fedelnelkul.hu\/en\/wp-json\/wp\/v2\/categories?post=1719"},{"taxonomy":"post_tag","embeddable":true,"href":"https:\/\/fedelnelkul.hu\/en\/wp-json\/wp\/v2\/tags?post=1719"}],"curies":[{"name":"wp","href":"https:\/\/api.w.org\/{rel}","templated":true}]}}