{"id":16951,"date":"2024-12-06T16:00:12","date_gmt":"2024-12-06T15:00:12","guid":{"rendered":"https:\/\/fedelnelkul.hu\/?p=16951"},"modified":"2024-12-06T16:00:39","modified_gmt":"2024-12-06T15:00:39","slug":"a-maganyos-ember","status":"publish","type":"post","link":"https:\/\/fedelnelkul.hu\/en\/2024\/12\/06\/a-maganyos-ember\/","title":{"rendered":"A mag\u00e1nyos ember"},"content":{"rendered":"<p><span style=\"font-weight: 400;\">J\u00e1nos\u00e9k r\u00e9g laktak m\u00e1r a Kikercs utc\u00e1ban. Az id\u0151s\u00f6d\u0151 h\u00e1zasp\u00e1r fia, Zoli nemr\u00e9g rep\u00fclt ki a csal\u00e1db\u00f3l, \u00e9s v\u00e9gre \u00fagy \u00e9rezt\u00e9k, most m\u00e1r v\u00e9gre ism\u00e9t csak maguknak \u00e9lhetnek. J\u00e1nos gondosan \u00fcgyelt r\u00e1, hogy feles\u00e9ge, Anna sohase \u00e9rezze mag\u00e1t m\u00e1sodlagos szem\u00e9lynek \u00e9s Anna is mindent megtett, hogy J\u00e1nos egy percre se \u00e9rezze, hogy a feles\u00e9ge megsz\u0171nt n\u0151nek lenni. Hogy \u0151 m\u00e1r csak Anna, a gyermek\u00fck anyja.<\/span><\/p>\n<p><span style=\"font-weight: 400;\">De nyilv\u00e1n most, hogy a fiuk egyetemre ment egy nagyv\u00e1rosba, v\u00e9gre maguk maradhattak \u00e9s nem kellett igazodni senkihez. A kis h\u00e1zban nem volt lehet\u0151s\u00e9g, hogy gyermek\u00fck k\u00fcl\u00f6n szob\u00e1ban lakjon, annyi volt a kis elker\u00edt\u00e9s, hogy egy f\u00fcgg\u00f6ny v\u00e1lasztotta le az \u0151 kis lakhely\u00e9t, \u00edgy megoldott\u00e1k valamelyest a szepar\u00e1l\u00e1st, de m\u00e9gse volt olyan, mint egy \u00f6n\u00e1ll\u00f3 szoba.<\/span><\/p>\n<p><span style=\"font-weight: 400;\">\u00daj szomsz\u00e9d k\u00f6lt\u00f6z\u00f6tt mell\u00e9j\u00fck, Tibor, aki id\u0151s\u00f6d\u0151, deresed\u0151 szak\u00e1ll\u00fa ember volt. Szeretett Ann\u00e1\u00e9khoz j\u00e1rni, sokat besz\u00e9lgettek. Volt, hogy \u00e9jszak\u00e1ba ny\u00fal\u00f3an csak besz\u00e9lgettek, sokszor J\u00e1nos m\u00e1r lebillen\u0151 fejjel hallgatta Tibort, de csak nem mozdult el. Ann\u00e1t egyre jobban zavarta ez a dolog. M\u00e1r v\u00e1gyta, hogy egyszer f\u00e9rje is megel\u00e9gelje, \u00e9s valami m\u00f3don kitegye Tibor sz\u0171r\u00e9t, \u00e9s elmagyar\u00e1zza neki, hogy id\u0151nk\u00e9nt \u0151k is lenn\u00e9nek kettesben.<\/span><\/p>\n<p><span style=\"font-weight: 400;\">J\u00e1nos pr\u00f3b\u00e1lta nyugtatni feles\u00e9g\u00e9t, mondv\u00e1n Tibor egyed\u00fcl van, nincs senki, akivel besz\u00e9lgethet. Ez\u00e9rt \u00f6r\u00fcl annyira, amikor haza\u00e9r\u00fcnk, van kivel beszl\u00e9gessen.<\/span><\/p>\n<p><span style=\"font-weight: 400;\">\u00cdgy telt ez hetekig. Egyik este, mid\u0151n Anna lefek\u00fcdt, v\u00e1rta maga mell\u00e9 a f\u00e9rj\u00e9t, de az csak nem j\u00f6tt. Tibort hallgatta, m\u00e1r l\u00e1tszott, mennyire f\u00e1radt, amikor Anna kipattant az \u00e1gyb\u00f3l, \u00e9s \u00edgy ki\u00e1ltott: Ejnye, Tibor, tisztess\u00e9ges ember mag\u00e1t\u00f3l t\u00e1vozik \u00e9s nem v\u00e1rja meg, hogy a h\u00e1ziak n\u00f3gass\u00e1k. Pr\u00f3b\u00e1ltuk neked sz\u00e9pen jelezni, de ha nem megy m\u00e1sk\u00e9nt, akkor megmondom, ahogy van, nem kell naphosszat itt \u00fclj, \u00e9s pl\u00e1ne nem minden nap.<\/span><\/p>\n<p><span style=\"font-weight: 400;\">Tibor arc\u00e1n szomor\u00fas\u00e1g l\u00e1tszott, azt mondta: Ak\u00e1r el is mehetek, sohase hittem volna, hogy ennyire terhes a jelenl\u00e9tem.<\/span><\/p>\n<p><span style=\"font-weight: 400;\">T\u00edbor azut\u00e1n nem j\u00f6tt t\u00f6bb\u00e9.<\/span><\/p>\n<p><span style=\"font-weight: 400;\">H\u00f3napok teltek el, nem l\u00e1tt\u00e1k a kis \u00f6reget m\u00e1szk\u00e1lni sem az utc\u00e1n, a boltban se hallott\u00e1k Marcsa rikkant\u00e1s\u00e1t: Nem vagyok itt, ha Tibor j\u00f6n, nem lehet t\u0151le dolgozni! Ide\u00e1ll, komment\u00e1lja a dolgokat, csak m\u00e1r menne a fen\u00e9be.<\/span><\/p>\n<p><span style=\"font-weight: 400;\">Egy sz\u00e9p napon egy fiatal l\u00e1ny j\u00f6tt ki T\u00edbor h\u00e1z\u00e1b\u00f3l. Anna meg is k\u00e9rdezte: Hov\u00e1 lett a szomsz\u00e9dunk? A l\u00e1ny szomor\u00faan hajtotta le fej\u00e9t \u00e9s mes\u00e9lte: Meghalt&#8230; R\u00e1kos volt. Ti vagytok Ann\u00e1\u00e9k? R\u00e1tok hagyott mindent ami a h\u00e1zban van. Ti voltatok, akik az utols\u00f3 id\u0151ben mellette voltatok. Ha nem is v\u00e9gig. \u00c9n k\u00fclf\u00f6ld\u00f6n dolgoztam, nem is tudtam hogy ap\u00e1m beteg. csak most a hal\u00e1lh\u00edr\u00e9r\u0151l tudtam meg \u00e9s azt is hogy mi\u00e9rt halt meg.<\/span><\/p>\n<p><span style=\"font-weight: 400;\">Anna elsz\u00e9gyele mag\u00e1t. A l\u00e1ny dacosan \u00edgy sz\u00f3lt: Igen&#8230; csak az utols\u00f3 napjait akarta sz\u00e9pen meg\u00e9lni, vid\u00e1man boldogs\u00e1gban, ez\u00e9rt kereste a t\u00e1rsas\u00e1gotokat. Szeretett titeket nagyon.<\/span><\/p>\n<p><span style=\"font-weight: 400;\">J\u00e1nos \u00e9s Anna ott voltak a temet\u00e9sen, ott \u00e1lltak a s\u00edrj\u00e1n\u00e1l, mikor m\u00e1r mindenki elment, hossz\u00fa ideig v\u00e1rakoztak. Valamif\u00e9le megv\u00e1lt\u00e1sra, amely bocs\u00e1natot ad tetteik\u00e9rt. de az csak nem j\u00f6tt el.<\/span><\/p>\n<p><span style=\"font-weight: 400;\">V\u00e9g\u00fcl mintha megbesz\u00e9lt\u00e9k volna, csak annyit tudtak mondani egyszerre: Tibor, bocs\u00e1ss meg nek\u00fcnk! Nem tudtuk mit \u00e9lt\u00e9l \u00e1t. K\u00f6sz\u00f6nj\u00fck, hogy mi lehett\u00fcnk a szomsz\u00e9daid.<\/span><\/p>\n<p>&nbsp;<\/p>\n<p><em><span style=\"font-weight: 400;\"><b>K\u0151r\u00f6smezey D\u00e1vid<\/b><\/span><\/em><\/p>\n<p><em><span style=\"font-weight: 400;\">Terjeszt\u0151i sorsz\u00e1m:2501<\/span><\/em><\/p>\n<p><em><span style=\"font-weight: 400;\">p\u00e1lya: Ter\u00e9z k\u00f6r\u00fat 45-65<\/span><\/em><\/p>\n<div class='watch-action'><div class='watch-position align-left'><div class='action-like'><a class='lbg-style1 like-16951 jlk' href='javascript:void(0)' data-task='like' data-post_id='16951' data-nonce='24627af277' rel='nofollow'><img class='wti-pixel' src='https:\/\/fedelnelkul.hu\/wp-content\/plugins\/wti-like-post\/images\/pixel.gif' title='Like' \/><span class='lc-16951 lc'>0<\/span><\/a><\/div><\/div> <div class='status-16951 status align-left'><\/div><\/div><div class='wti-clear'><\/div>","protected":false},"excerpt":{"rendered":"<p>J\u00e1nos\u00e9k r\u00e9g laktak m\u00e1r a Kikercs utc\u00e1ban. Az id\u0151s\u00f6d\u0151 h\u00e1zasp\u00e1r fia, Zoli nemr\u00e9g rep\u00fclt ki a csal\u00e1db\u00f3l, \u00e9s v\u00e9gre \u00fagy \u00e9rezt\u00e9k, most m\u00e1r v\u00e9gre ism\u00e9t csak maguknak \u00e9lhetnek. J\u00e1nos gondosan \u00fcgyelt r\u00e1, hogy feles\u00e9ge, Anna sohase \u00e9rezze mag\u00e1t m\u00e1sodlagos szem\u00e9lynek \u00e9s Anna is mindent megtett, hogy J\u00e1nos egy percre se \u00e9rezze, hogy a feles\u00e9ge megsz\u0171nt &hellip; <a href=\"https:\/\/fedelnelkul.hu\/en\/2024\/12\/06\/a-maganyos-ember\/\" class=\"more-link\">Continue reading <span class=\"screen-reader-text\">A mag\u00e1nyos ember<\/span><\/a><\/p>\n","protected":false},"author":9218,"featured_media":0,"comment_status":"closed","ping_status":"open","sticky":false,"template":"","format":"standard","meta":{"footnotes":""},"categories":[552,9],"tags":[],"class_list":["post-16951","post","type-post","status-publish","format-standard","hentry","category-552","category-szepproza"],"_links":{"self":[{"href":"https:\/\/fedelnelkul.hu\/en\/wp-json\/wp\/v2\/posts\/16951","targetHints":{"allow":["GET"]}}],"collection":[{"href":"https:\/\/fedelnelkul.hu\/en\/wp-json\/wp\/v2\/posts"}],"about":[{"href":"https:\/\/fedelnelkul.hu\/en\/wp-json\/wp\/v2\/types\/post"}],"author":[{"embeddable":true,"href":"https:\/\/fedelnelkul.hu\/en\/wp-json\/wp\/v2\/users\/9218"}],"replies":[{"embeddable":true,"href":"https:\/\/fedelnelkul.hu\/en\/wp-json\/wp\/v2\/comments?post=16951"}],"version-history":[{"count":2,"href":"https:\/\/fedelnelkul.hu\/en\/wp-json\/wp\/v2\/posts\/16951\/revisions"}],"predecessor-version":[{"id":16953,"href":"https:\/\/fedelnelkul.hu\/en\/wp-json\/wp\/v2\/posts\/16951\/revisions\/16953"}],"wp:attachment":[{"href":"https:\/\/fedelnelkul.hu\/en\/wp-json\/wp\/v2\/media?parent=16951"}],"wp:term":[{"taxonomy":"category","embeddable":true,"href":"https:\/\/fedelnelkul.hu\/en\/wp-json\/wp\/v2\/categories?post=16951"},{"taxonomy":"post_tag","embeddable":true,"href":"https:\/\/fedelnelkul.hu\/en\/wp-json\/wp\/v2\/tags?post=16951"}],"curies":[{"name":"wp","href":"https:\/\/api.w.org\/{rel}","templated":true}]}}