{"id":1673,"date":"2018-02-10T20:33:51","date_gmt":"2018-02-10T20:33:51","guid":{"rendered":"http:\/\/fedelnelkul.hu\/2018\/02\/10\/eletkep\/"},"modified":"2018-02-10T20:33:51","modified_gmt":"2018-02-10T20:33:51","slug":"eletkep","status":"publish","type":"post","link":"https:\/\/fedelnelkul.hu\/en\/2018\/02\/10\/eletkep\/","title":{"rendered":"\u00c9letk\u00e9p"},"content":{"rendered":"<p><font size=\"2\"><br \/>\nMilyen is a politika<br \/>\nNem arr\u00f3l folyik a vita<br \/>\nHogy ez ma m\u00e1r nem kisebbs\u00e9g<br \/>\nHogy l\u00e9tezzen ebb\u0151l el\u00e9g<br \/>\nAz, hogy ennyi hajl\u00e9ktalan<br \/>\nElesett \u00e9s boldogtalan<br \/>\nKirekesztett megt\u00f6rt ember<br \/>\nAki lassan sz\u00f3lni sem mer<\/p>\n<p>Mit csin\u00e1ljon hogyan \u00e9ljen<br \/>\nNem \u00e9rzitek, hogy ez sz\u00e9gyen<br \/>\nEmbert \u00edgy mag\u00e1ra hagyni<br \/>\nUtc\u00e1n h\u00edd alatt megfagyni<br \/>\n\u00c9hen halni betegen<br \/>\nHogy hagyhat ez hidegen<br \/>\nMilyen \u00e9rz\u00e9st v\u00e1lt ki benned<br \/>\nL\u00e1tva, hogy el\u0151tted szenved<br \/>\nKoldul \u00e9hez nyomorog<br \/>\nC\u00e9ltalanul k\u00f3dorog<br \/>\nNincs j\u00f6v\u0151je siv\u00e1r m\u00faltja<br \/>\nKett\u00e9t\u00f6rt \u00e9lt\u00e9nek \u00fatja<br \/>\nSz\u00e1muk lassan \u00e9gbe sz\u00f6kken<br \/>\nNapr\u00f3l napra egyre t\u00f6bben<br \/>\nVesz\u00edtik el a rem\u00e9nyt<br \/>\nNem l\u00e1thatj\u00e1k m\u00e1r a f\u00e9nyt<br \/>\nSz\u00e1mukra ez m\u00e1r a pokol<br \/>\n\u00c9rte \u0151 senkit se okol<br \/>\nDe nem lehet ezt m\u00e1r b\u00edrni<br \/>\nItt az id\u0151 kell m\u00e1r b\u00edzni<br \/>\nAbba, hogy a t\u00e1rsadalom<br \/>\nNem \u00fagy n\u00e9zi mint egy halom<br \/>\nMenthetetlen t\u00f6meget<br \/>\nJ\u00e1rja \u00e1t a sz\u00edvetek<br \/>\nA meg\u00e9rt\u0151 sz\u00e1nalom<br \/>\nSz\u0171nj\u00f6n meg e borzalom<\/p>\n<p>\u00c9l\u0151 \u00e9rz\u0151 emberek<br \/>\nKik itt vannak veletek<br \/>\nJoguk van embernek lenni<br \/>\nValamit v\u00e9gre kell tenni<br \/>\nNe csak sz\u00f6veg \u00edg\u00e9ret<br \/>\n\u00c9rdemtelen \u00edt\u00e9let<br \/>\nKonkr\u00e9tum \u00e9s meg\u00f3v\u00e1s<br \/>\nEz legyen a megold\u00e1s<\/p>\n<p><\/font><\/p>\n<div class='watch-action'><div class='watch-position align-left'><div class='action-like'><a class='lbg-style1 like-1673 jlk' href='javascript:void(0)' data-task='like' data-post_id='1673' data-nonce='e861ddf67b' rel='nofollow'><img class='wti-pixel' src='https:\/\/fedelnelkul.hu\/wp-content\/plugins\/wti-like-post\/images\/pixel.gif' title='Like' \/><span class='lc-1673 lc'>0<\/span><\/a><\/div><\/div> <div class='status-1673 status align-left'><\/div><\/div><div class='wti-clear'><\/div>","protected":false},"excerpt":{"rendered":"<p>Milyen is a politika Nem arr\u00f3l folyik a vita Hogy ez ma m\u00e1r nem kisebbs\u00e9g Hogy l\u00e9tezzen ebb\u0151l el\u00e9g Az, hogy ennyi hajl\u00e9ktalan Elesett \u00e9s boldogtalan Kirekesztett megt\u00f6rt ember Aki lassan sz\u00f3lni sem mer Mit csin\u00e1ljon hogyan \u00e9ljen Nem \u00e9rzitek, hogy ez sz\u00e9gyen Embert \u00edgy mag\u00e1ra hagyni Utc\u00e1n h\u00edd alatt megfagyni \u00c9hen halni betegen Hogy &hellip; <a href=\"https:\/\/fedelnelkul.hu\/en\/2018\/02\/10\/eletkep\/\" class=\"more-link\">Continue reading <span class=\"screen-reader-text\">\u00c9letk\u00e9p<\/span><\/a><\/p>\n","protected":false},"author":8,"featured_media":0,"comment_status":"closed","ping_status":"open","sticky":false,"template":"","format":"standard","meta":{"footnotes":""},"categories":[131,10],"tags":[],"class_list":["post-1673","post","type-post","status-publish","format-standard","hentry","category-131","category-vers"],"_links":{"self":[{"href":"https:\/\/fedelnelkul.hu\/en\/wp-json\/wp\/v2\/posts\/1673","targetHints":{"allow":["GET"]}}],"collection":[{"href":"https:\/\/fedelnelkul.hu\/en\/wp-json\/wp\/v2\/posts"}],"about":[{"href":"https:\/\/fedelnelkul.hu\/en\/wp-json\/wp\/v2\/types\/post"}],"author":[{"embeddable":true,"href":"https:\/\/fedelnelkul.hu\/en\/wp-json\/wp\/v2\/users\/8"}],"replies":[{"embeddable":true,"href":"https:\/\/fedelnelkul.hu\/en\/wp-json\/wp\/v2\/comments?post=1673"}],"version-history":[{"count":0,"href":"https:\/\/fedelnelkul.hu\/en\/wp-json\/wp\/v2\/posts\/1673\/revisions"}],"wp:attachment":[{"href":"https:\/\/fedelnelkul.hu\/en\/wp-json\/wp\/v2\/media?parent=1673"}],"wp:term":[{"taxonomy":"category","embeddable":true,"href":"https:\/\/fedelnelkul.hu\/en\/wp-json\/wp\/v2\/categories?post=1673"},{"taxonomy":"post_tag","embeddable":true,"href":"https:\/\/fedelnelkul.hu\/en\/wp-json\/wp\/v2\/tags?post=1673"}],"curies":[{"name":"wp","href":"https:\/\/api.w.org\/{rel}","templated":true}]}}