{"id":16561,"date":"2024-12-05T20:31:21","date_gmt":"2024-12-05T19:31:21","guid":{"rendered":"https:\/\/fedelnelkul.hu\/?p=16561"},"modified":"2024-12-05T20:32:04","modified_gmt":"2024-12-05T19:32:04","slug":"ki-az-ki-veled","status":"publish","type":"post","link":"https:\/\/fedelnelkul.hu\/en\/2024\/12\/05\/ki-az-ki-veled\/","title":{"rendered":"Ki az ki veled"},"content":{"rendered":"<p><i><span style=\"font-weight: 400;\">\u00a0 \u00a0 \u00a0 \u00a0 \u00a0 \u00a0 (\u201eAkik hi\u00fa b\u00e1lv\u00e1nyokra \u00fcgyelnek,\u00a0<\/span><\/i><\/p>\n<p><i><span style=\"font-weight: 400;\">\u00a0 \u00a0 \u00a0 \u00a0 \u00a0 \u00a0 elhagyj\u00e1k boldogs\u00e1gukat\u2026\u201d)\u00a0<\/span><\/i><\/p>\n<p><i><span style=\"font-weight: 400;\">\u00a0 \u00a0 \u00a0 \u00a0 \u00a0 \u00a0 J\u00f3n\u00e1s 2: 9<\/span><\/i><\/p>\n<p>&nbsp;<\/p>\n<p><span style=\"font-weight: 400;\">amikor mindenki aludt\u00a0<\/span><\/p>\n<p><span style=\"font-weight: 400;\">vihar j\u00f6tt a tengerre<\/span><\/p>\n<p>&nbsp;<\/p>\n<p><span style=\"font-weight: 400;\">ilyent m\u00e9g senki sem \u00e9rt<\/span><\/p>\n<p><span style=\"font-weight: 400;\">v\u00e9lte a leg\u00e9nys\u00e9g<\/span><\/p>\n<p><span style=\"font-weight: 400;\">mondtam egy J\u00f3n\u00e1s f\u00e9le embernek<\/span><\/p>\n<p><span style=\"font-weight: 400;\">ha \u0151 nem h\u00e1t nem \u2013 helyette most \u00e9n<\/span><\/p>\n<p><span style=\"font-weight: 400;\">ugrok a tengerbe \u00e9s ne k\u00e9rdezze mi\u00e9rt<\/span><\/p>\n<p><span style=\"font-weight: 400;\">gyilkost senkib\u0151l nem csin\u00e1ln\u00e9k<\/span><\/p>\n<p><span style=\"font-weight: 400;\">hadd ne tudja meg ez\u00fattal a tenger\u00e9sz n\u00e9p<\/span><\/p>\n<p><span style=\"font-weight: 400;\">nem hagyom bedobjanak\u00a0<\/span><\/p>\n<p><span style=\"font-weight: 400;\">a vad hull\u00e1mok k\u00f6z\u00e9 bizony magam sz\u00f6k\u00f6k<\/span><\/p>\n<p><span style=\"font-weight: 400;\">ha magad uram te m\u00e1r nem\u00a0\u00a0<\/span><\/p>\n<p>&nbsp;<\/p>\n<p><span style=\"font-weight: 400;\">\u00e9s tov\u00e1bb korholtam szel\u00edden<\/span><\/p>\n<p><span style=\"font-weight: 400;\">hogy bezzeg neki t\u00f6bbsz\u00f6r is sz\u00f3lt\u00a0<\/span><\/p>\n<p><span style=\"font-weight: 400;\">kereste \u0151t az Isten\u00a0<\/span><\/p>\n<p><span style=\"font-weight: 400;\">k\u00fcldte volna valami bizonytalan helyre<\/span><\/p>\n<p><span style=\"font-weight: 400;\">h\u00e1tha helyre\u00e1ll\u00edthatn\u00e1 a r\u00e9gi szerelmet<\/span><\/p>\n<p>&nbsp;<\/p>\n<p><span style=\"font-weight: 400;\">azt mondja ez az\u00e9rt van\u00a0<\/span><\/p>\n<p><span style=\"font-weight: 400;\">mert nem figyeltem el\u00e9gg\u00e9\u00a0<\/span><\/p>\n<p><span style=\"font-weight: 400;\">mi\u00e9rt kell nekem folyton h\u00e1tra fordulni<\/span><\/p>\n<p><span style=\"font-weight: 400;\">visszan\u00e9zni mik\u00e9nt feles\u00e9ge L\u00f3tnak is<\/span><\/p>\n<p><span style=\"font-weight: 400;\">s az \u0151 baj\u00e1val ne foglalkozzak\u00a0<\/span><\/p>\n<p>&nbsp;<\/p>\n<p><span style=\"font-weight: 400;\">hogy azt\u00e1n hib\u00e1ztassak \u00e9rte embert \u00e9s<\/span><\/p>\n<p><span style=\"font-weight: 400;\">a j\u00f3 Istent \u00e9s ki tudja m\u00e9g kikben hiszek<\/span><\/p>\n<p>&nbsp;<\/p>\n<p><span style=\"font-weight: 400;\">ugorjak csak b\u00e1tran<\/span><\/p>\n<p><span style=\"font-weight: 400;\">oda se neki \u2013 legal\u00e1bb megtudjuk mi\u00a0<\/span><\/p>\n<p><span style=\"font-weight: 400;\">mindannyian ha csitul a vihar\u00a0<\/span><\/p>\n<p>&nbsp;<\/p>\n<p><span style=\"font-weight: 400;\">ki az ki veled\u00a0<\/span><\/p>\n<p><span style=\"font-weight: 400;\">ki az ki t\u00e1n engem is r\u00e9gt\u0151l fogva keres<\/span><\/p>\n<div class='watch-action'><div class='watch-position align-left'><div class='action-like'><a class='lbg-style1 like-16561 jlk' href='javascript:void(0)' data-task='like' data-post_id='16561' data-nonce='24627af277' rel='nofollow'><img class='wti-pixel' src='https:\/\/fedelnelkul.hu\/wp-content\/plugins\/wti-like-post\/images\/pixel.gif' title='Like' \/><span class='lc-16561 lc'>0<\/span><\/a><\/div><\/div> <div class='status-16561 status align-left'><\/div><\/div><div class='wti-clear'><\/div>","protected":false},"excerpt":{"rendered":"<p>\u00a0 \u00a0 \u00a0 \u00a0 \u00a0 \u00a0 (\u201eAkik hi\u00fa b\u00e1lv\u00e1nyokra \u00fcgyelnek,\u00a0 \u00a0 \u00a0 \u00a0 \u00a0 \u00a0 \u00a0 elhagyj\u00e1k boldogs\u00e1gukat\u2026\u201d)\u00a0 \u00a0 \u00a0 \u00a0 \u00a0 \u00a0 \u00a0 J\u00f3n\u00e1s 2: 9 &nbsp; amikor mindenki aludt\u00a0 vihar j\u00f6tt a tengerre &nbsp; ilyent m\u00e9g senki sem \u00e9rt v\u00e9lte a leg\u00e9nys\u00e9g mondtam egy J\u00f3n\u00e1s f\u00e9le embernek ha \u0151 nem h\u00e1t nem \u2013 &hellip; <a href=\"https:\/\/fedelnelkul.hu\/en\/2024\/12\/05\/ki-az-ki-veled\/\" class=\"more-link\">Continue reading <span class=\"screen-reader-text\">Ki az ki veled<\/span><\/a><\/p>\n","protected":false},"author":9279,"featured_media":0,"comment_status":"closed","ping_status":"open","sticky":false,"template":"","format":"standard","meta":{"footnotes":""},"categories":[549,10],"tags":[],"class_list":["post-16561","post","type-post","status-publish","format-standard","hentry","category-549","category-vers"],"_links":{"self":[{"href":"https:\/\/fedelnelkul.hu\/en\/wp-json\/wp\/v2\/posts\/16561","targetHints":{"allow":["GET"]}}],"collection":[{"href":"https:\/\/fedelnelkul.hu\/en\/wp-json\/wp\/v2\/posts"}],"about":[{"href":"https:\/\/fedelnelkul.hu\/en\/wp-json\/wp\/v2\/types\/post"}],"author":[{"embeddable":true,"href":"https:\/\/fedelnelkul.hu\/en\/wp-json\/wp\/v2\/users\/9279"}],"replies":[{"embeddable":true,"href":"https:\/\/fedelnelkul.hu\/en\/wp-json\/wp\/v2\/comments?post=16561"}],"version-history":[{"count":3,"href":"https:\/\/fedelnelkul.hu\/en\/wp-json\/wp\/v2\/posts\/16561\/revisions"}],"predecessor-version":[{"id":16564,"href":"https:\/\/fedelnelkul.hu\/en\/wp-json\/wp\/v2\/posts\/16561\/revisions\/16564"}],"wp:attachment":[{"href":"https:\/\/fedelnelkul.hu\/en\/wp-json\/wp\/v2\/media?parent=16561"}],"wp:term":[{"taxonomy":"category","embeddable":true,"href":"https:\/\/fedelnelkul.hu\/en\/wp-json\/wp\/v2\/categories?post=16561"},{"taxonomy":"post_tag","embeddable":true,"href":"https:\/\/fedelnelkul.hu\/en\/wp-json\/wp\/v2\/tags?post=16561"}],"curies":[{"name":"wp","href":"https:\/\/api.w.org\/{rel}","templated":true}]}}