{"id":15883,"date":"2024-10-18T23:18:25","date_gmt":"2024-10-18T21:18:25","guid":{"rendered":"https:\/\/fedelnelkul.hu\/?p=15883"},"modified":"2024-10-18T23:19:39","modified_gmt":"2024-10-18T21:19:39","slug":"looktalkact-alkotoi-palyazat","status":"publish","type":"post","link":"https:\/\/fedelnelkul.hu\/en\/2024\/10\/18\/looktalkact-alkotoi-palyazat\/","title":{"rendered":"#LookTalkAct alkot\u00f3i p\u00e1ly\u00e1zat"},"content":{"rendered":"\n<p><em>\u201eAhogy a dolgokra n\u00e9zel, az mindent megv\u00e1ltoztathat\u201d<\/em><\/p>\n\n\n\n<p>Befejez\u0151d\u00f6tt a <a href=\"http:\/\/menhely.hu\/\" target=\"_blank\" rel=\"noreferrer noopener\">Menhely Alapitv\u00e1ny<\/a> vezet\u00e9s\u00e9vel ki\u00edrt szeml\u00e9letform\u00e1l\u00f3 vizu\u00e1lis p\u00e1ly\u00e1zat a hajl\u00e9ktalans\u00e1gr\u00f3l. A n\u00e9met, katal\u00e1n, szlov\u00e1k \u00e9s magyar partners\u00e9g a p\u00e1ly\u00e1zaton a hajl\u00e9ktalans\u00e1ggal kapcsolatos, pozit\u00edv szeml\u00e9let\u0171 \u00e9s nem sztereotip k\u00e9pi p\u00e1lyamunk\u00e1k k\u00e9sz\u00edt\u00e9s\u00e9re \u00e9s felt\u00f6lt\u00e9s\u00e9re k\u00e9rte fel Eur\u00f3pa amat\u0151r \u00e9s profi alkot\u00f3it a vizu\u00e1lis- \u00e9s k\u00e9pz\u0151m\u0171v\u00e9szetek b\u00e1rmely ter\u00fclet\u00e9r\u0151l. A j\u00fanius 30-i hat\u00e1rid\u0151ig sz\u00e1z\u00f6tven alkot\u00f3t\u00f3l k\u00e9tsz\u00e1z alkot\u00e1s \u00e9rkezett. \u201eK\u00fcl\u00f6n \u00f6r\u00f6mteli, hogy nem csak a partnerorsz\u00e1gokb\u00f3l, hanem tucatnyi eur\u00f3pai orsz\u00e1gban is csatlakoztak kezdem\u00e9nyez\u00e9s\u00fcnkh\u00f6z. S\u0151t \u00e9rkeztek p\u00e1lyam\u0171vek pl. Sierra Leone-b\u0151l \u00e9s D\u00e9l-Amerik\u00e1b\u00f3l is. Jelenleg az anyag zs\u0171riz\u00e9se zajlik, majd \u0151szre albumba rendezz\u00fck a legjobb alkot\u00e1sokat \u00e9s ki\u00e1ll\u00edt\u00e1sokon mutatjuk be \u0151ket Eur\u00f3pa t\u00f6bb v\u00e1ros\u00e1ban is. Hossz\u00fa t\u00e1v\u00fa hasznos\u00edt\u00e1s\u00e1hoz pedig egy Digit\u00e1lis Gy\u0171jtem\u00e9nyt hozunk l\u00e9tre, ahonnan (az alkot\u00f3i jogait Creativ Commons licenccel v\u00e9dve) a j\u00f6v\u0151ben szabadon felhaszn\u00e1lhat\u00f3 lesz civilek, aktivist\u00e1k, mediamunk\u00e1sok sz\u00e1m\u00e1ra.\u201d \u2013 sz\u00e1molt be a be\u00e9rkezett p\u00e1lyamunk\u00e1k tov\u00e1bbi sors\u00e1r\u00f3l Bagdi N\u00f3ra, a Menhely Alap\u00edtv\u00e1ny nemzetk\u00f6zi koordin\u00e1tora, a kamp\u00e1ny p\u00e1ly\u00e1zati menedzsere.\u00a0\u00a0<\/p>\n\n\n\n<p>Nagyon v\u00e1rjuk a bemutat\u00f3t, addig is egy a sok sz\u00e9p munka k\u00f6z\u00fcl:\u00a0<\/p>\n\n\n\n<figure class=\"wp-block-image size-full\"><img loading=\"lazy\" decoding=\"async\" width=\"600\" height=\"594\" src=\"https:\/\/fedelnelkul.hu\/wp-content\/uploads\/2024\/10\/Cobijonoche.jpg\" alt=\"\" class=\"wp-image-15884\" srcset=\"https:\/\/fedelnelkul.hu\/wp-content\/uploads\/2024\/10\/Cobijonoche.jpg 600w, https:\/\/fedelnelkul.hu\/wp-content\/uploads\/2024\/10\/Cobijonoche-300x297.jpg 300w, https:\/\/fedelnelkul.hu\/wp-content\/uploads\/2024\/10\/Cobijonoche-150x150.jpg 150w, https:\/\/fedelnelkul.hu\/wp-content\/uploads\/2024\/10\/Cobijonoche-100x100.jpg 100w\" sizes=\"auto, (max-width: 600px) 100vw, 600px\" \/><figcaption>Marta Bened\u00ed Le\u00f3n: Cobijo<\/figcaption><\/figure>\n\n\n\n<p><em>\u201eA cikk az Erasmus + program t\u00e1mogat\u00e1s\u00e1val, a Let\u2019s Talk about Homelessness c\u00edm\u0171 projekt keret\u00e9ben sz\u00fcletett.\u201d<\/em><\/p>\n\n\n\n<figure class=\"wp-block-image size-large\"><img loading=\"lazy\" decoding=\"async\" width=\"1024\" height=\"273\" src=\"https:\/\/fedelnelkul.hu\/wp-content\/uploads\/2020\/03\/logosbeneficaireserasmus_left_eng-1024x273.jpg\" alt=\"\" class=\"wp-image-6422\" srcset=\"https:\/\/fedelnelkul.hu\/wp-content\/uploads\/2020\/03\/logosbeneficaireserasmus_left_eng-1024x273.jpg 1024w, https:\/\/fedelnelkul.hu\/wp-content\/uploads\/2020\/03\/logosbeneficaireserasmus_left_eng-300x80.jpg 300w, https:\/\/fedelnelkul.hu\/wp-content\/uploads\/2020\/03\/logosbeneficaireserasmus_left_eng-768x205.jpg 768w, https:\/\/fedelnelkul.hu\/wp-content\/uploads\/2020\/03\/logosbeneficaireserasmus_left_eng-1536x409.jpg 1536w, https:\/\/fedelnelkul.hu\/wp-content\/uploads\/2020\/03\/logosbeneficaireserasmus_left_eng-2048x545.jpg 2048w\" sizes=\"auto, (max-width: 1024px) 100vw, 1024px\" \/><\/figure>\n<div class='watch-action'><div class='watch-position align-left'><div class='action-like'><a class='lbg-style1 like-15883 jlk' href='javascript:void(0)' data-task='like' data-post_id='15883' data-nonce='a4559c5496' rel='nofollow'><img class='wti-pixel' src='https:\/\/fedelnelkul.hu\/wp-content\/plugins\/wti-like-post\/images\/pixel.gif' title='Like' \/><span class='lc-15883 lc'>0<\/span><\/a><\/div><\/div> <div class='status-15883 status align-left'><\/div><\/div><div class='wti-clear'><\/div>","protected":false},"excerpt":{"rendered":"<p>\u201eAhogy a dolgokra n\u00e9zel, az mindent megv\u00e1ltoztathat\u201d Befejez\u0151d\u00f6tt a Menhely Alapitv\u00e1ny vezet\u00e9s\u00e9vel ki\u00edrt szeml\u00e9letform\u00e1l\u00f3 vizu\u00e1lis p\u00e1ly\u00e1zat a hajl\u00e9ktalans\u00e1gr\u00f3l. A n\u00e9met, katal\u00e1n, szlov\u00e1k \u00e9s magyar partners\u00e9g a p\u00e1ly\u00e1zaton a hajl\u00e9ktalans\u00e1ggal kapcsolatos, pozit\u00edv szeml\u00e9let\u0171 \u00e9s nem sztereotip k\u00e9pi p\u00e1lyamunk\u00e1k k\u00e9sz\u00edt\u00e9s\u00e9re \u00e9s felt\u00f6lt\u00e9s\u00e9re k\u00e9rte fel Eur\u00f3pa amat\u0151r \u00e9s profi alkot\u00f3it a vizu\u00e1lis- \u00e9s k\u00e9pz\u0151m\u0171v\u00e9szetek b\u00e1rmely ter\u00fclet\u00e9r\u0151l. A j\u00fanius &hellip; <a href=\"https:\/\/fedelnelkul.hu\/en\/2024\/10\/18\/looktalkact-alkotoi-palyazat\/\" class=\"more-link\">Continue reading <span class=\"screen-reader-text\">#LookTalkAct alkot\u00f3i p\u00e1ly\u00e1zat<\/span><\/a><\/p>\n","protected":false},"author":9195,"featured_media":0,"comment_status":"closed","ping_status":"open","sticky":false,"template":"","format":"standard","meta":{"footnotes":""},"categories":[591,424,253],"tags":[],"class_list":["post-15883","post","type-post","status-publish","format-standard","hentry","category-591","category-erasmus","category-beszamolo"],"_links":{"self":[{"href":"https:\/\/fedelnelkul.hu\/en\/wp-json\/wp\/v2\/posts\/15883","targetHints":{"allow":["GET"]}}],"collection":[{"href":"https:\/\/fedelnelkul.hu\/en\/wp-json\/wp\/v2\/posts"}],"about":[{"href":"https:\/\/fedelnelkul.hu\/en\/wp-json\/wp\/v2\/types\/post"}],"author":[{"embeddable":true,"href":"https:\/\/fedelnelkul.hu\/en\/wp-json\/wp\/v2\/users\/9195"}],"replies":[{"embeddable":true,"href":"https:\/\/fedelnelkul.hu\/en\/wp-json\/wp\/v2\/comments?post=15883"}],"version-history":[{"count":2,"href":"https:\/\/fedelnelkul.hu\/en\/wp-json\/wp\/v2\/posts\/15883\/revisions"}],"predecessor-version":[{"id":15886,"href":"https:\/\/fedelnelkul.hu\/en\/wp-json\/wp\/v2\/posts\/15883\/revisions\/15886"}],"wp:attachment":[{"href":"https:\/\/fedelnelkul.hu\/en\/wp-json\/wp\/v2\/media?parent=15883"}],"wp:term":[{"taxonomy":"category","embeddable":true,"href":"https:\/\/fedelnelkul.hu\/en\/wp-json\/wp\/v2\/categories?post=15883"},{"taxonomy":"post_tag","embeddable":true,"href":"https:\/\/fedelnelkul.hu\/en\/wp-json\/wp\/v2\/tags?post=15883"}],"curies":[{"name":"wp","href":"https:\/\/api.w.org\/{rel}","templated":true}]}}