{"id":1575,"date":"2018-02-10T20:33:49","date_gmt":"2018-02-10T20:33:49","guid":{"rendered":"http:\/\/fedelnelkul.hu\/2018\/02\/10\/elszakadtan\/"},"modified":"2018-02-10T20:33:49","modified_gmt":"2018-02-10T20:33:49","slug":"elszakadtan","status":"publish","type":"post","link":"https:\/\/fedelnelkul.hu\/en\/2018\/02\/10\/elszakadtan\/","title":{"rendered":"Elszakadtan"},"content":{"rendered":"<p><font size=\"2\"><\/p>\n<div align=\"justify\">\n<p>\n<font size=\"2\"><\/font>\n<\/p>\n<p>\n<font size=\"2\">\u00d6sszet\u00f6rve hevert a teste,<br \/>\n&#8211; sz\u00edvem g\u00f6rcsben reszketett.<br \/>\nHalkan s\u00fagtam, csontt\u00e1 meredve:<br \/>\negy v\u00e9rb\u0151l val\u00f3 vagyok veled.<br \/>\nA koszor\u00faja: h\u00f3sziromb\u00f3l,<br \/>\n&#8211; koldusok k\u00f6z\u00f6tt a mihaszna.<br \/>\nSz\u00edvem sz\u00e9gyenkezve dorombolt,<br \/>\naz \u00f6v\u00e9t\u0151l, alig p\u00e1r araszra.<br \/>\n<\/font>\n<\/p>\n<p>\n<font size=\"2\"><br \/>\nHogy ki volt \u0151, &#8211;megmarad tal\u00e1ny,<br \/>\n&#8211; lelke, vele egy\u00fctt elporlott.<br \/>\nFek\u00fcdt csak, daccal a z\u00fazmar\u00e1n,<br \/>\n&#8211; f\u00f6l\u00f6tte s\u00f6t\u00e9t \u00e9g komorlott.<br \/>\nBukott ember, &#8211; elg\u00e1ncsolt lovag,<br \/>\nnagy \u00e9rz\u00e9sekkel a sz\u00edv\u00e9ben,<br \/>\n&#8211; aki most m\u00e1r tal\u00e1n boldogabb,<br \/>\n\u00e9s elhiszi: k\u00f6zel az \u00c9den.<br \/>\n<\/font>\n<\/p>\n<p>\n<font size=\"2\"><br \/>\nNem keresik majd, hogy hov\u00e1 t\u0171nt,<br \/>\nnem tartanak f\u00f6l\u00f6tte szeml\u00e9t.<br \/>\n&#8211; s\u00edrj\u00e1ra majd, rossz csillag, sanda f\u00e9nye s\u00fct.<br \/>\n(Felitta nyomtalan, a neml\u00e9t.)<br \/>\nEl lesz kaparva, ak\u00e1r egy d\u00f6g.<br \/>\n&#8211; Nem \u00e9lt meg Krisztusi kort,<br \/>\nkinek arc\u00e1r\u00f3l iszony s\u00fct\u00f6tt,<br \/>\nakit az \u00e9let, tankk\u00e9nt eltiport.<br \/>\n<\/font>\n<\/p>\n<p>\n<font size=\"2\"><br \/>\nP\u00e1r rongy volt fekhelye, &#8211;s\u00e1tora,<br \/>\n&#8211; de hely\u00e9n m\u00e1r m\u00e1sok alszanak.<br \/>\nNem maradt, csak p\u00e9pp\u00e9 v\u00e1lt pora,<br \/>\n&#8211;nem sz\u00e9d\u00edti, es\u0151vert-gyertyaszag.<br \/>\nH\u00e1nytorgatta \u00f6rd\u00f6g \u00e9s \u00f6rv\u00e9ny<br \/>\n&#8211; szenvedett csak eszeveszetten.<br \/>\nNem lehet nyugtom, &#8211; most m\u00e1r t\u00f6rv\u00e9ny:<br \/>\nminduntalan lelkem epesztem.<br \/>\n<\/font>\n<\/p>\n<p>\n<font size=\"2\"><br \/>\nHarmatt\u00f3l volt k\u00e9k a homloka,<br \/>\nfek\u00fcdt: mereven, &#8211; moccanatlanul.<br \/>\nA j\u00f6vend\u0151 nem lett otthona,<br \/>\n&#8211; mit \u00fcld\u00f6z\u00f6tt, szakadatlanul.<br \/>\nNeki nem engedett fel a t\u00e9l,<br \/>\nnem simogatta, j\u00f3kedv\u0171 d\u00e9li-sz\u00e9l.<br \/>\nGondterhes voltam, \u00e9s oly komor:<br \/>\nmerengtem csak mint a sombokor<br \/>\n<\/font>\n<\/p>\n<p>\n<font size=\"2\"><br \/>\nK\u00edv\u00fclr\u0151l l\u00e1tott, minden dolgot,<br \/>\nkapkodott az \u00e1rny\u00e9kok ut\u00e1n.<br \/>\nRitk\u00e1n hitte el, hogy lesz boldog,<br \/>\n&#8211; olyan volt, mint r\u00e9g l\u00e1tott ap\u00e1m.<br \/>\nElnyelte a m\u00e9ly, fekete k\u00fat.<br \/>\n\u00c1lltam csak, k\u00e9ts\u00e9gbeesetten,<br \/>\nmintha el, nem vezetett volna \u00fat,<br \/>\nmintha kett\u00e9v\u00e1gt\u00e1k volna testem.<br \/>\n<\/font>\n<\/p>\n<\/div>\n<p><\/font><\/p>\n<div class='watch-action'><div class='watch-position align-left'><div class='action-like'><a class='lbg-style1 like-1575 jlk' href='javascript:void(0)' data-task='like' data-post_id='1575' data-nonce='63bf5167ec' rel='nofollow'><img class='wti-pixel' src='https:\/\/fedelnelkul.hu\/wp-content\/plugins\/wti-like-post\/images\/pixel.gif' title='Like' \/><span class='lc-1575 lc'>0<\/span><\/a><\/div><\/div> <div class='status-1575 status align-left'><\/div><\/div><div class='wti-clear'><\/div>","protected":false},"excerpt":{"rendered":"<p>\u00d6sszet\u00f6rve hevert a teste, &#8211; sz\u00edvem g\u00f6rcsben reszketett. Halkan s\u00fagtam, csontt\u00e1 meredve: egy v\u00e9rb\u0151l val\u00f3 vagyok veled. A koszor\u00faja: h\u00f3sziromb\u00f3l, &#8211; koldusok k\u00f6z\u00f6tt a mihaszna. Sz\u00edvem sz\u00e9gyenkezve dorombolt, az \u00f6v\u00e9t\u0151l, alig p\u00e1r araszra. Hogy ki volt \u0151, &#8211;megmarad tal\u00e1ny, &#8211; lelke, vele egy\u00fctt elporlott. Fek\u00fcdt csak, daccal a z\u00fazmar\u00e1n, &#8211; f\u00f6l\u00f6tte s\u00f6t\u00e9t \u00e9g komorlott. Bukott &hellip; <a href=\"https:\/\/fedelnelkul.hu\/en\/2018\/02\/10\/elszakadtan\/\" class=\"more-link\">Continue reading <span class=\"screen-reader-text\">Elszakadtan<\/span><\/a><\/p>\n","protected":false},"author":295,"featured_media":0,"comment_status":"closed","ping_status":"open","sticky":false,"template":"","format":"standard","meta":{"footnotes":""},"categories":[121,10],"tags":[],"class_list":["post-1575","post","type-post","status-publish","format-standard","hentry","category-121","category-vers"],"_links":{"self":[{"href":"https:\/\/fedelnelkul.hu\/en\/wp-json\/wp\/v2\/posts\/1575","targetHints":{"allow":["GET"]}}],"collection":[{"href":"https:\/\/fedelnelkul.hu\/en\/wp-json\/wp\/v2\/posts"}],"about":[{"href":"https:\/\/fedelnelkul.hu\/en\/wp-json\/wp\/v2\/types\/post"}],"author":[{"embeddable":true,"href":"https:\/\/fedelnelkul.hu\/en\/wp-json\/wp\/v2\/users\/295"}],"replies":[{"embeddable":true,"href":"https:\/\/fedelnelkul.hu\/en\/wp-json\/wp\/v2\/comments?post=1575"}],"version-history":[{"count":0,"href":"https:\/\/fedelnelkul.hu\/en\/wp-json\/wp\/v2\/posts\/1575\/revisions"}],"wp:attachment":[{"href":"https:\/\/fedelnelkul.hu\/en\/wp-json\/wp\/v2\/media?parent=1575"}],"wp:term":[{"taxonomy":"category","embeddable":true,"href":"https:\/\/fedelnelkul.hu\/en\/wp-json\/wp\/v2\/categories?post=1575"},{"taxonomy":"post_tag","embeddable":true,"href":"https:\/\/fedelnelkul.hu\/en\/wp-json\/wp\/v2\/tags?post=1575"}],"curies":[{"name":"wp","href":"https:\/\/api.w.org\/{rel}","templated":true}]}}