{"id":15602,"date":"2024-09-03T11:25:20","date_gmt":"2024-09-03T09:25:20","guid":{"rendered":"https:\/\/fedelnelkul.hu\/?p=15602"},"modified":"2024-09-03T11:25:51","modified_gmt":"2024-09-03T09:25:51","slug":"depi","status":"publish","type":"post","link":"https:\/\/fedelnelkul.hu\/en\/2024\/09\/03\/depi\/","title":{"rendered":"Depi"},"content":{"rendered":"\n<pre class=\"wp-block-verse\">Vannak napok, mikor bal l\u00e1bbal kelsz,\r\nS a sz\u00edved is balra, vagy ink\u00e1bb falra ver,\r\nSz\u00e1lk\u00e1s t\u00fcsk\u00e9re felteker, epe \u00edz\u0171 az eper,\r\nL\u00e1gy szell\u0151 is leteper, \r\nCsak eg\u00e9rk\u00e9nt neszezel.\r\nHalk a hangod, nincs benne er\u0151,\r\nRemegsz, mint csontban a vel\u0151,\r\nAtomvillan\u00e1s a nap sugara, \r\nMindenhonnan menn\u00e9l haza.\r\nLyukba b\u00fajn\u00e1l, mely s\u00f6t\u00e9t \u00e9s h\u0171v\u00f6s, \r\nAz se zavar, ha orrfacsar\u00f3n b\u0171z\u00f6s,\r\nCsak elt\u0171nj a vil\u00e1g el\u0151l, \r\nMi orvul r\u00e1dt\u00fcnd\u00f6k\u00f6l.\r\nGyomron v\u00e1g minden gondolat, \r\nHogy emberek k\u00f6z\u00e9 engedd magad.\r\nT\u00e9ged \u00fcld\u00f6z a vil\u00e1g, m\u00e9g gaty\u00e1d is h\u00fasodba v\u00e1g,\r\nSenki sem \u00e9rt meg. Ki sz\u00edd megint? Any\u00e1d?\r\nInnod k\u00e9ne vagy bep\u00faderozni az orrodat?\r\nJ\u00f3l esne valami szippanat? \r\nAkkor szippants bele a leveg\u0151be!\r\n\u00c9rezd az \u00e9let szag\u00e1t!\r\nFesz\u00fclj\u00f6n mellkasodon a kab\u00e1t!\r\nEngedd, hogy a nap, tegye a dolg\u00e1t!\r\nOlvassza le arcodr\u00f3l, a depi-tort\u00e1t.\r\nNe kacsintgass a hal\u00e1lra,\r\nNe b\u00fajj ny\u00e1ron kab\u00e1tba,\r\nHogy elrejtsd a t\u0171 nyom\u00e1t,\r\nL\u00e9pj egy fokkal tov\u00e1bb.\r\nNe hagyd, magad visszah\u00fazni a lyukba,\r\nPr\u00f3b\u00e1lj meg kib\u00fajni \u00fajra.\r\nNy\u00fajtsd a kezed, lesz, aki megfogja, \r\nDe neki nem leszel a foglya\r\n\u00c1llj talpra, hisz megtanult\u00e1l j\u00e1rni,\r\nNe akarj a holnapra v\u00e1rni.\r\nMost van most! Ne ingasd a fejed,\r\nH\u00fazd ki magad, s haszn\u00e1ld az eszed.\r\nNem arra sz\u00fclett\u00e9l, hogy meg\u00e1sd s\u00edrodat,\r\nElj\u00f6tt a pillanat, szedd \u00f6ssze magad!\r<\/pre>\n<div class='watch-action'><div class='watch-position align-left'><div class='action-like'><a class='lbg-style1 like-15602 jlk' href='javascript:void(0)' data-task='like' data-post_id='15602' data-nonce='24627af277' rel='nofollow'><img class='wti-pixel' src='https:\/\/fedelnelkul.hu\/wp-content\/plugins\/wti-like-post\/images\/pixel.gif' title='Like' \/><span class='lc-15602 lc'>0<\/span><\/a><\/div><\/div> <div class='status-15602 status align-left'><\/div><\/div><div class='wti-clear'><\/div>","protected":false},"excerpt":{"rendered":"<p>Vannak napok, mikor bal l\u00e1bbal kelsz, S a sz\u00edved is balra, vagy ink\u00e1bb falra ver, Sz\u00e1lk\u00e1s t\u00fcsk\u00e9re felteker, epe \u00edz\u0171 az eper, L\u00e1gy szell\u0151 is leteper, Csak eg\u00e9rk\u00e9nt neszezel. Halk a hangod, nincs benne er\u0151, Remegsz, mint csontban a vel\u0151, Atomvillan\u00e1s a nap sugara, Mindenhonnan menn\u00e9l haza. Lyukba b\u00fajn\u00e1l, mely s\u00f6t\u00e9t \u00e9s h\u0171v\u00f6s, Az se &hellip; <a href=\"https:\/\/fedelnelkul.hu\/en\/2024\/09\/03\/depi\/\" class=\"more-link\">Continue reading <span class=\"screen-reader-text\">Depi<\/span><\/a><\/p>\n","protected":false},"author":61,"featured_media":0,"comment_status":"closed","ping_status":"open","sticky":false,"template":"","format":"standard","meta":{"footnotes":""},"categories":[595,10],"tags":[],"class_list":["post-15602","post","type-post","status-publish","format-standard","hentry","category-595","category-vers"],"_links":{"self":[{"href":"https:\/\/fedelnelkul.hu\/en\/wp-json\/wp\/v2\/posts\/15602","targetHints":{"allow":["GET"]}}],"collection":[{"href":"https:\/\/fedelnelkul.hu\/en\/wp-json\/wp\/v2\/posts"}],"about":[{"href":"https:\/\/fedelnelkul.hu\/en\/wp-json\/wp\/v2\/types\/post"}],"author":[{"embeddable":true,"href":"https:\/\/fedelnelkul.hu\/en\/wp-json\/wp\/v2\/users\/61"}],"replies":[{"embeddable":true,"href":"https:\/\/fedelnelkul.hu\/en\/wp-json\/wp\/v2\/comments?post=15602"}],"version-history":[{"count":1,"href":"https:\/\/fedelnelkul.hu\/en\/wp-json\/wp\/v2\/posts\/15602\/revisions"}],"predecessor-version":[{"id":15603,"href":"https:\/\/fedelnelkul.hu\/en\/wp-json\/wp\/v2\/posts\/15602\/revisions\/15603"}],"wp:attachment":[{"href":"https:\/\/fedelnelkul.hu\/en\/wp-json\/wp\/v2\/media?parent=15602"}],"wp:term":[{"taxonomy":"category","embeddable":true,"href":"https:\/\/fedelnelkul.hu\/en\/wp-json\/wp\/v2\/categories?post=15602"},{"taxonomy":"post_tag","embeddable":true,"href":"https:\/\/fedelnelkul.hu\/en\/wp-json\/wp\/v2\/tags?post=15602"}],"curies":[{"name":"wp","href":"https:\/\/api.w.org\/{rel}","templated":true}]}}