{"id":15475,"date":"2024-08-31T19:26:03","date_gmt":"2024-08-31T17:26:03","guid":{"rendered":"https:\/\/fedelnelkul.hu\/?p=15475"},"modified":"2024-08-31T19:26:33","modified_gmt":"2024-08-31T17:26:33","slug":"gyor","status":"publish","type":"post","link":"https:\/\/fedelnelkul.hu\/en\/2024\/08\/31\/gyor\/","title":{"rendered":"Gy\u0151r"},"content":{"rendered":"\n<pre class=\"wp-block-verse\">\u00c1rny\u00e9k vet\u00fcl j\u00f3p\u00e1r b\u00fcszke arcra.\n\u00c9rvek ment\u00e9n s\u00e1padt d\u00e9mon \u00fcl.\n\u00c1ldott, kinek mag\u00e1nyos lesz harca,\nh\u00fazd r\u00e1 cig\u00e1ny, j\u00e1tssz m\u00e9g egyed\u00fcl.\nKev\u00e9lys\u00e9gnek apr\u00f3p\u00e9nz az \u00e1ra.\nSemmi baj, csak mindig sok legyen.\nK\u00f6t\u00e9l m\u00e1szik csupasz bit\u00f3f\u00e1ra,\nk\u00f3borolhatsz \u00e9jjel Z\u00f6ldhegyen.\nF\u00e9lelm\u00e9ben felvony\u00edt\u00f3 reggel.\nR\u00e1ncos arcon sz\u00ednes rajz a b\u00e1j.\nBirk\u00f3zhatsz az illan\u00f3 meleggel,\nsejtjeidben \u00e9l a f\u0151szab\u00e1ly.<\/pre>\n<div class='watch-action'><div class='watch-position align-left'><div class='action-like'><a class='lbg-style1 like-15475 jlk' href='javascript:void(0)' data-task='like' data-post_id='15475' data-nonce='24627af277' rel='nofollow'><img class='wti-pixel' src='https:\/\/fedelnelkul.hu\/wp-content\/plugins\/wti-like-post\/images\/pixel.gif' title='Like' \/><span class='lc-15475 lc'>0<\/span><\/a><\/div><\/div> <div class='status-15475 status align-left'><\/div><\/div><div class='wti-clear'><\/div>","protected":false},"excerpt":{"rendered":"<p>\u00c1rny\u00e9k vet\u00fcl j\u00f3p\u00e1r b\u00fcszke arcra. \u00c9rvek ment\u00e9n s\u00e1padt d\u00e9mon \u00fcl. \u00c1ldott, kinek mag\u00e1nyos lesz harca, h\u00fazd r\u00e1 cig\u00e1ny, j\u00e1tssz m\u00e9g egyed\u00fcl. Kev\u00e9lys\u00e9gnek apr\u00f3p\u00e9nz az \u00e1ra. Semmi baj, csak mindig sok legyen. K\u00f6t\u00e9l m\u00e1szik csupasz bit\u00f3f\u00e1ra, k\u00f3borolhatsz \u00e9jjel Z\u00f6ldhegyen. F\u00e9lelm\u00e9ben felvony\u00edt\u00f3 reggel. R\u00e1ncos arcon sz\u00ednes rajz a b\u00e1j. Birk\u00f3zhatsz az illan\u00f3 meleggel, sejtjeidben \u00e9l a f\u0151szab\u00e1ly. &hellip; <a href=\"https:\/\/fedelnelkul.hu\/en\/2024\/08\/31\/gyor\/\" class=\"more-link\">Continue reading <span class=\"screen-reader-text\">Gy\u0151r<\/span><\/a><\/p>\n","protected":false},"author":9109,"featured_media":0,"comment_status":"closed","ping_status":"open","sticky":false,"template":"","format":"standard","meta":{"footnotes":""},"categories":[580,10],"tags":[],"class_list":["post-15475","post","type-post","status-publish","format-standard","hentry","category-580","category-vers"],"_links":{"self":[{"href":"https:\/\/fedelnelkul.hu\/en\/wp-json\/wp\/v2\/posts\/15475","targetHints":{"allow":["GET"]}}],"collection":[{"href":"https:\/\/fedelnelkul.hu\/en\/wp-json\/wp\/v2\/posts"}],"about":[{"href":"https:\/\/fedelnelkul.hu\/en\/wp-json\/wp\/v2\/types\/post"}],"author":[{"embeddable":true,"href":"https:\/\/fedelnelkul.hu\/en\/wp-json\/wp\/v2\/users\/9109"}],"replies":[{"embeddable":true,"href":"https:\/\/fedelnelkul.hu\/en\/wp-json\/wp\/v2\/comments?post=15475"}],"version-history":[{"count":1,"href":"https:\/\/fedelnelkul.hu\/en\/wp-json\/wp\/v2\/posts\/15475\/revisions"}],"predecessor-version":[{"id":15476,"href":"https:\/\/fedelnelkul.hu\/en\/wp-json\/wp\/v2\/posts\/15475\/revisions\/15476"}],"wp:attachment":[{"href":"https:\/\/fedelnelkul.hu\/en\/wp-json\/wp\/v2\/media?parent=15475"}],"wp:term":[{"taxonomy":"category","embeddable":true,"href":"https:\/\/fedelnelkul.hu\/en\/wp-json\/wp\/v2\/categories?post=15475"},{"taxonomy":"post_tag","embeddable":true,"href":"https:\/\/fedelnelkul.hu\/en\/wp-json\/wp\/v2\/tags?post=15475"}],"curies":[{"name":"wp","href":"https:\/\/api.w.org\/{rel}","templated":true}]}}