{"id":1533,"date":"2018-02-10T20:33:48","date_gmt":"2018-02-10T20:33:48","guid":{"rendered":"http:\/\/fedelnelkul.hu\/2018\/02\/10\/almomban-ebren\/"},"modified":"2018-02-10T20:33:48","modified_gmt":"2018-02-10T20:33:48","slug":"almomban-ebren","status":"publish","type":"post","link":"https:\/\/fedelnelkul.hu\/en\/2018\/02\/10\/almomban-ebren\/","title":{"rendered":"\u00c1lmomban \u00e9bren&#8230;"},"content":{"rendered":"<p><font size=\"2\"><\/p>\n<div align=\"justify\">\n<p>\n<font size=\"2\">\u00c1lmomban \u00e9bren voltam azt<br \/>\n\u00e1lmodtam b\u00e1rcsak<br \/>\naludn\u00e9k minden<br \/>\nugyanaz volt m\u00e9gis \u00e9s<br \/>\n<\/font>\n<\/p>\n<p>\n<font size=\"2\"><br \/>\nmag\u00e1ba \u00f6lelve ringatott<br \/>\na k\u00edn a k\u00e9ts\u00e9gbees\u00e9s ez<br \/>\na d\u00f6gunalom \u00e9brenl\u00e9t&#8230;<br \/>\n<\/font>\n<\/p>\n<p>\n<font size=\"2\"><br \/>\nunatkoz\u00f3 kelletlen m\u00f3d<br \/>\nk\u00e9retlen szellemujjak<br \/>\nide-oda motoszk\u00e1lva<br \/>\nt\u00e9rk\u00e9pezt\u00e9k kopony\u00e1m<br \/>\nbelsej\u00e9t ut\u00e1lkozva \u00e9pp tal\u00e1n<br \/>\nhisz minden \u00e9rdekess\u00e9g<br \/>\n<\/font>\n<\/p>\n<p>\n<font size=\"2\"><br \/>\nkipergett m\u00e1r onnan r\u00e9g&#8230;<br \/>\nM\u00e1r csak egy itt a v\u00e1gy: r\u00e1zzon<\/font>\n<\/p>\n<p>\n<font size=\"2\">hal\u00e1lra, electrocute engem az \u00e1gy&#8230;<\/font>\n<\/p>\n<p>\n<font size=\"2\"><\/font>\n<\/p>\n<\/div>\n<p><\/font><\/p>\n<div class='watch-action'><div class='watch-position align-left'><div class='action-like'><a class='lbg-style1 like-1533 jlk' href='javascript:void(0)' data-task='like' data-post_id='1533' data-nonce='63bf5167ec' rel='nofollow'><img class='wti-pixel' src='https:\/\/fedelnelkul.hu\/wp-content\/plugins\/wti-like-post\/images\/pixel.gif' title='Like' \/><span class='lc-1533 lc'>0<\/span><\/a><\/div><\/div> <div class='status-1533 status align-left'><\/div><\/div><div class='wti-clear'><\/div>","protected":false},"excerpt":{"rendered":"<p>\u00c1lmomban \u00e9bren voltam azt \u00e1lmodtam b\u00e1rcsak aludn\u00e9k minden ugyanaz volt m\u00e9gis \u00e9s mag\u00e1ba \u00f6lelve ringatott a k\u00edn a k\u00e9ts\u00e9gbees\u00e9s ez a d\u00f6gunalom \u00e9brenl\u00e9t&#8230; unatkoz\u00f3 kelletlen m\u00f3d k\u00e9retlen szellemujjak ide-oda motoszk\u00e1lva t\u00e9rk\u00e9pezt\u00e9k kopony\u00e1m belsej\u00e9t ut\u00e1lkozva \u00e9pp tal\u00e1n hisz minden \u00e9rdekess\u00e9g kipergett m\u00e1r onnan r\u00e9g&#8230; M\u00e1r csak egy itt a v\u00e1gy: r\u00e1zzon hal\u00e1lra, electrocute engem az \u00e1gy&#8230; &hellip; <a href=\"https:\/\/fedelnelkul.hu\/en\/2018\/02\/10\/almomban-ebren\/\" class=\"more-link\">Continue reading <span class=\"screen-reader-text\">\u00c1lmomban \u00e9bren&#8230;<\/span><\/a><\/p>\n","protected":false},"author":96,"featured_media":0,"comment_status":"closed","ping_status":"open","sticky":false,"template":"","format":"standard","meta":{"footnotes":""},"categories":[117,10],"tags":[],"class_list":["post-1533","post","type-post","status-publish","format-standard","hentry","category-117","category-vers"],"_links":{"self":[{"href":"https:\/\/fedelnelkul.hu\/en\/wp-json\/wp\/v2\/posts\/1533","targetHints":{"allow":["GET"]}}],"collection":[{"href":"https:\/\/fedelnelkul.hu\/en\/wp-json\/wp\/v2\/posts"}],"about":[{"href":"https:\/\/fedelnelkul.hu\/en\/wp-json\/wp\/v2\/types\/post"}],"author":[{"embeddable":true,"href":"https:\/\/fedelnelkul.hu\/en\/wp-json\/wp\/v2\/users\/96"}],"replies":[{"embeddable":true,"href":"https:\/\/fedelnelkul.hu\/en\/wp-json\/wp\/v2\/comments?post=1533"}],"version-history":[{"count":0,"href":"https:\/\/fedelnelkul.hu\/en\/wp-json\/wp\/v2\/posts\/1533\/revisions"}],"wp:attachment":[{"href":"https:\/\/fedelnelkul.hu\/en\/wp-json\/wp\/v2\/media?parent=1533"}],"wp:term":[{"taxonomy":"category","embeddable":true,"href":"https:\/\/fedelnelkul.hu\/en\/wp-json\/wp\/v2\/categories?post=1533"},{"taxonomy":"post_tag","embeddable":true,"href":"https:\/\/fedelnelkul.hu\/en\/wp-json\/wp\/v2\/tags?post=1533"}],"curies":[{"name":"wp","href":"https:\/\/api.w.org\/{rel}","templated":true}]}}