{"id":15125,"date":"2024-08-22T17:47:11","date_gmt":"2024-08-22T15:47:11","guid":{"rendered":"https:\/\/fedelnelkul.hu\/?p=15125"},"modified":"2024-08-22T17:47:39","modified_gmt":"2024-08-22T15:47:39","slug":"karacsonyi-baleset-2","status":"publish","type":"post","link":"https:\/\/fedelnelkul.hu\/en\/2024\/08\/22\/karacsonyi-baleset-2\/","title":{"rendered":"Kar\u00e1csonyi baleset"},"content":{"rendered":"\n<p>Balesetek el\u0151fordulnak az ember \u00e9let\u00e9ben.<\/p>\n\n\n\n<p>&nbsp;&nbsp;&nbsp;Van, akin\u00e9l m\u00e1r a sz\u00fclet\u00e9se is ide sorolhat\u00f3, hiszen a baleset egy t\u00e1g fogalom. Sokan hajlamosak arra, hogy minden rossz t\u00f6rt\u00e9n\u00e9s\u00e9rt m\u00e1sokat hib\u00e1ztassanak. Buk\u00e1s az iskol\u00e1ban, csal\u00e1di gondok, hajl\u00e9ktalans\u00e1g.<\/p>\n\n\n\n<p>&nbsp;&nbsp;&nbsp;Nem dicsekv\u00e9sb\u0151l mondom, de \u00e9n nem vagyok ilyen, s\u0151t, a sz\u00fclet\u00e9semet is csak gy\u00e1ri hib\u00e1nak tartom.<\/p>\n\n\n\n<p>&nbsp;&nbsp;&nbsp;M\u00e1r s\u00fcld\u0151 koromban siker\u00fclt el\u00e9rnem, hogy ne engedjenek semmihez k\u00f6zel, ami fell\u00f6khet\u0151, t\u00f6r\u00e9keny, kigyulladhat, vagy megr\u00e1zhat. \u00c9letem szerves r\u00e9sze a kordon, ami t\u00e1vol tart.<\/p>\n\n\n\n<p>&nbsp;&nbsp;&nbsp;Term\u00e9szetesen az \u00e9ber szemek n\u00e9ha elkalandoztak r\u00f3lam, amit \u00e9n r\u00f6gt\u00f6n ki is haszn\u00e1ltam. \u00cdgy t\u00f6rt\u00e9nhetett meg, hogy magamra bor\u00edtottam egy t\u00fckr\u00f6s szekr\u00e9nyt, amire felm\u00e1sztam. (\u00c9n t\u00fal\u00e9ltem, a t\u00fck\u00f6r nem!)<\/p>\n\n\n\n<p>&nbsp;&nbsp;&nbsp;Most, hogy k\u00f6zeleg a kar\u00e1csony, erre is van balesett\u00f6rt\u00e9netem. Hat \u00e9ves lehettem, \u00e9s mint mindig, nagy izgalommal v\u00e1rtam a J\u00e9zusk\u00e1t. Csal\u00e1dunkban volt ennek egy szertart\u00e1sa. 24-\u00e9n d\u00e9lut\u00e1n anyuk\u00e1m elvitt s\u00e9t\u00e1lni mondv\u00e1n, hogy a J\u00e9zuska tudjon dolgozni. R\u00e1m tuszm\u00e1kolta a t\u00e9li ruh\u00e1t \u00e9s ir\u00e1ny az utca. Aki volt m\u00e1r gyerek (Ki nem?), az tudja, hogy ez az esztend\u0151 leghosszabb d\u00e9lut\u00e1nja. Persze minden rossznak v\u00e9ge szakad egyszer, a k\u00e9nyszers\u00e9t\u00e1nak is.<\/p>\n\n\n\n<p>&nbsp;&nbsp;&nbsp;M\u00e1r \u00fajb\u00f3l a lak\u00e1sban vagyok, a nagyszoba ajtaja z\u00e1rva \u00e9s mindent a titokzatoss\u00e1g illata leng k\u00f6r\u00fcl. \u00c9n tudom, hogy az ajt\u00f3n t\u00fal ott van a J\u00e9zuska \u00e9s csilingelni fog.<\/p>\n\n\n\n<p>&nbsp;&nbsp;&nbsp;Elj\u00f6n a nagy pillanat, cseng\u0151sz\u00f3 \u00e9s kit\u00e1rul az ajt\u00f3. \u00c9n boldog, elszorult sz\u00edvvel, izgatottan, picit f\u00e9lve l\u00e9pek be a csod\u00e1k szob\u00e1j\u00e1ba. (Itt jegyezn\u00e9m meg, hogy az apuk\u00e1m m\u00e1r bent van. Biztosan seg\u00edtett a J\u00e9zusk\u00e1nak, hisz azt a bazi nagy feny\u0151t neh\u00e9z a hely\u00e9re tenni.)<\/p>\n\n\n\n<p>&nbsp;&nbsp;&nbsp;Olyan, de olyan j\u00f3 illat van, no meg persze az aj\u00e1nd\u00e9kok. Pazar kar\u00e1csonyfa, tele d\u00edszekkel, no meg persze szaloncukorral. Ezt k\u00f6zelr\u0151l meg kell csod\u00e1lni. (Pityu, m\u00e1rmint \u00e9n, ezt meg is teszi.)<\/p>\n\n\n\n<p>&nbsp;&nbsp;&nbsp;Pici hat\u00e9ves kezemmel megfogtam egy sz\u00e1momra el\u00e9rhet\u0151 cukrot, ami el\u00e9g stabilan fel volt k\u00f6t\u00f6zve a f\u00e1ra. Tudhat\u00f3, hogy a gyerekek sem adj\u00e1k fel k\u00f6nnyen, ha valamit meg akarnak szerezni. \u00c9n is \u00edgy voltam ezzel. Mint Mari n\u00e9ni a kecske t\u0151gy\u00e9n, \u00fagy r\u00e1ntottam egy nagyot a megkaparintott cukorzs\u00e1km\u00e1nyomon. A trag\u00e9dia elker\u00fclhetetlen volt. A plafonig \u00e9r\u0151 csodafa term\u00e9s\u00e9vel egy\u00fctt elindult fel\u00e9m, hogy maga al\u00e1 temessen. A k\u00f6vetkez\u0151 eml\u00e9kem m\u00e1r az, hogy a padl\u00f3n fekszem, k\u00f6z\u00f6sen a kar\u00e1csonyf\u00e1val. A szob\u00e1ban mindenhol t\u00f6rmel\u00e9kek, csatateret id\u00e9z\u0151 romok. Ja \u00e9s k\u00e9t ijedten b\u00e1mul\u00f3 feln\u0151tt, az \u00e9n dr\u00e1ga sz\u00fcleim.<\/p>\n\n\n\n<p>&nbsp;&nbsp;&nbsp;Szeg\u00e9ny J\u00e9zuska tal\u00e1n m\u00e9g most is csod\u00e1lkozik, mik\u00e9nt \u00fasztam meg ezt a kalandot.<\/p>\n\n\n\n<p>&nbsp;&nbsp;&nbsp;Persze a bejgli nem maradt el, s\u0151t p\u00e1r maszatos ruh\u00e1n k\u00edv\u00fcl semmi nem utalt egy \u00fajabb balesetre.<\/p>\n\n\n\n<p>&nbsp;&nbsp;&nbsp;T\u00e9ny viszont, hogy a k\u00f6vetkez\u0151 \u00e9vekben m\u00e1r kamp\u00f3k \u00e9s madzagok ezrei tartott\u00e1k kik\u00f6t\u00f6zve a vil\u00e1g legszebb csod\u00e1j\u00e1t, a mi kar\u00e1csonyf\u00e1nkat.<\/p>\n<div class='watch-action'><div class='watch-position align-left'><div class='action-like'><a class='lbg-style1 like-15125 jlk' href='javascript:void(0)' data-task='like' data-post_id='15125' data-nonce='24627af277' rel='nofollow'><img class='wti-pixel' src='https:\/\/fedelnelkul.hu\/wp-content\/plugins\/wti-like-post\/images\/pixel.gif' title='Like' \/><span class='lc-15125 lc'>0<\/span><\/a><\/div><\/div> <div class='status-15125 status align-left'><\/div><\/div><div class='wti-clear'><\/div>","protected":false},"excerpt":{"rendered":"<p>Balesetek el\u0151fordulnak az ember \u00e9let\u00e9ben. &nbsp;&nbsp;&nbsp;Van, akin\u00e9l m\u00e1r a sz\u00fclet\u00e9se is ide sorolhat\u00f3, hiszen a baleset egy t\u00e1g fogalom. Sokan hajlamosak arra, hogy minden rossz t\u00f6rt\u00e9n\u00e9s\u00e9rt m\u00e1sokat hib\u00e1ztassanak. Buk\u00e1s az iskol\u00e1ban, csal\u00e1di gondok, hajl\u00e9ktalans\u00e1g. &nbsp;&nbsp;&nbsp;Nem dicsekv\u00e9sb\u0151l mondom, de \u00e9n nem vagyok ilyen, s\u0151t, a sz\u00fclet\u00e9semet is csak gy\u00e1ri hib\u00e1nak tartom. &nbsp;&nbsp;&nbsp;M\u00e1r s\u00fcld\u0151 koromban siker\u00fclt el\u00e9rnem, &hellip; <a href=\"https:\/\/fedelnelkul.hu\/en\/2024\/08\/22\/karacsonyi-baleset-2\/\" class=\"more-link\">Continue reading <span class=\"screen-reader-text\">Kar\u00e1csonyi baleset<\/span><\/a><\/p>\n","protected":false},"author":209,"featured_media":0,"comment_status":"closed","ping_status":"open","sticky":false,"template":"","format":"standard","meta":{"footnotes":""},"categories":[583,9],"tags":[],"class_list":["post-15125","post","type-post","status-publish","format-standard","hentry","category-583","category-szepproza"],"_links":{"self":[{"href":"https:\/\/fedelnelkul.hu\/en\/wp-json\/wp\/v2\/posts\/15125","targetHints":{"allow":["GET"]}}],"collection":[{"href":"https:\/\/fedelnelkul.hu\/en\/wp-json\/wp\/v2\/posts"}],"about":[{"href":"https:\/\/fedelnelkul.hu\/en\/wp-json\/wp\/v2\/types\/post"}],"author":[{"embeddable":true,"href":"https:\/\/fedelnelkul.hu\/en\/wp-json\/wp\/v2\/users\/209"}],"replies":[{"embeddable":true,"href":"https:\/\/fedelnelkul.hu\/en\/wp-json\/wp\/v2\/comments?post=15125"}],"version-history":[{"count":1,"href":"https:\/\/fedelnelkul.hu\/en\/wp-json\/wp\/v2\/posts\/15125\/revisions"}],"predecessor-version":[{"id":15126,"href":"https:\/\/fedelnelkul.hu\/en\/wp-json\/wp\/v2\/posts\/15125\/revisions\/15126"}],"wp:attachment":[{"href":"https:\/\/fedelnelkul.hu\/en\/wp-json\/wp\/v2\/media?parent=15125"}],"wp:term":[{"taxonomy":"category","embeddable":true,"href":"https:\/\/fedelnelkul.hu\/en\/wp-json\/wp\/v2\/categories?post=15125"},{"taxonomy":"post_tag","embeddable":true,"href":"https:\/\/fedelnelkul.hu\/en\/wp-json\/wp\/v2\/tags?post=15125"}],"curies":[{"name":"wp","href":"https:\/\/api.w.org\/{rel}","templated":true}]}}