{"id":1511,"date":"2018-02-10T20:33:47","date_gmt":"2018-02-10T20:33:47","guid":{"rendered":"http:\/\/fedelnelkul.hu\/2018\/02\/10\/a-kezed-szorongat\/"},"modified":"2018-02-10T20:33:47","modified_gmt":"2018-02-10T20:33:47","slug":"a-kezed-szorongat","status":"publish","type":"post","link":"https:\/\/fedelnelkul.hu\/en\/2018\/02\/10\/a-kezed-szorongat\/","title":{"rendered":"A kezed szorongat&#8230;"},"content":{"rendered":"<p><font size=\"2\"><\/p>\n<div align=\"justify\">\n<p>\n<font size=\"2\"><\/font>\n<\/p>\n<p>\n<font size=\"2\">A kezed szorongat<br \/>\nFogva tart a sz\u00e1d a <br \/>\nSzemed folyton f\u00fcrk\u00e9sz<br \/>\n\u00a0<br \/>\nFogja markolja k\u00e9z<br \/>\nA kezet mely meg azt<br \/>\nTartja szorosan \u00e9pp<br \/>\n\u00a0<br \/>\nApr\u00f3 \u00e9s z\u00f6kken\u0151<br \/>\nSimogat\u00e1sokkal<br \/>\nBec\u00e9z mind a kett\u0151<br \/>\n\u00a0<br \/>\nKapaszkodik itt ma<br \/>\nA kapaszkod\u00e1s is<br \/>\nDe sz\u00f6kken\u0151 a sz\u00e1j<br \/>\n\u00a0<br \/>\nA sz\u00e1jra s vissza m\u00e1r<br \/>\nA m\u00e1sik is am\u00edg<br \/>\nMindkett\u0151 besz\u00e9l p\u00e1r<br \/>\n\u00a0Sz\u00f3t egyszerre \u00e9s ha<br \/>\nNem is hallj\u00e1k \u00e9rtik<br \/>\nElmondj\u00e1k a szemek<br \/>\n\u00a0<br \/>\nTeny\u00e9rnek az ujjak <br \/>\nMajd tov\u00e1bbi r\u00e9szek<br \/>\nFel\u00e9 kalandoz\u00e1s<br \/>\n\u00a0<br \/>\nS a szemekre borul\u00f3<br \/>\nN\u00e9h\u00e1ny percnyi hom\u00e1ly<br \/>\n\u00c9s a szorong\u00f3 <br \/>\nszorongat\u00e1s<br \/>\n\u00a0<br \/>\nAk\u00e1rmekkora is legyen<br \/>\nK\u00f6zt\u00fck a t\u00e1vols\u00e1g&#8230;<\/font>\n<\/p>\n<p>\n<font size=\"2\">\u00a0\u00a0\u00a0\u00a0\u00a0\u00a0\u00a0\u00a0\u00a0\u00a0\u00a0\u00a0\u00a0\u00a0\u00a0\u00a0 2011 j\u00falius, harmadik d\u00edj<br \/>\n<\/font>\n<\/p>\n<\/div>\n<p><\/font><\/p>\n<div class='watch-action'><div class='watch-position align-left'><div class='action-like'><a class='lbg-style1 like-1511 jlk' href='javascript:void(0)' data-task='like' data-post_id='1511' data-nonce='63bf5167ec' rel='nofollow'><img class='wti-pixel' src='https:\/\/fedelnelkul.hu\/wp-content\/plugins\/wti-like-post\/images\/pixel.gif' title='Like' \/><span class='lc-1511 lc'>0<\/span><\/a><\/div><\/div> <div class='status-1511 status align-left'><\/div><\/div><div class='wti-clear'><\/div>","protected":false},"excerpt":{"rendered":"<p>A kezed szorongat Fogva tart a sz\u00e1d a Szemed folyton f\u00fcrk\u00e9sz \u00a0 Fogja markolja k\u00e9z A kezet mely meg azt Tartja szorosan \u00e9pp \u00a0 Apr\u00f3 \u00e9s z\u00f6kken\u0151 Simogat\u00e1sokkal Bec\u00e9z mind a kett\u0151 \u00a0 Kapaszkodik itt ma A kapaszkod\u00e1s is De sz\u00f6kken\u0151 a sz\u00e1j \u00a0 A sz\u00e1jra s vissza m\u00e1r A m\u00e1sik is am\u00edg Mindkett\u0151 besz\u00e9l &hellip; <a href=\"https:\/\/fedelnelkul.hu\/en\/2018\/02\/10\/a-kezed-szorongat\/\" class=\"more-link\">Continue reading <span class=\"screen-reader-text\">A kezed szorongat&#8230;<\/span><\/a><\/p>\n","protected":false},"author":96,"featured_media":0,"comment_status":"closed","ping_status":"open","sticky":false,"template":"","format":"standard","meta":{"footnotes":""},"categories":[115,253],"tags":[],"class_list":["post-1511","post","type-post","status-publish","format-standard","hentry","category-115","category-beszamolo"],"_links":{"self":[{"href":"https:\/\/fedelnelkul.hu\/en\/wp-json\/wp\/v2\/posts\/1511","targetHints":{"allow":["GET"]}}],"collection":[{"href":"https:\/\/fedelnelkul.hu\/en\/wp-json\/wp\/v2\/posts"}],"about":[{"href":"https:\/\/fedelnelkul.hu\/en\/wp-json\/wp\/v2\/types\/post"}],"author":[{"embeddable":true,"href":"https:\/\/fedelnelkul.hu\/en\/wp-json\/wp\/v2\/users\/96"}],"replies":[{"embeddable":true,"href":"https:\/\/fedelnelkul.hu\/en\/wp-json\/wp\/v2\/comments?post=1511"}],"version-history":[{"count":0,"href":"https:\/\/fedelnelkul.hu\/en\/wp-json\/wp\/v2\/posts\/1511\/revisions"}],"wp:attachment":[{"href":"https:\/\/fedelnelkul.hu\/en\/wp-json\/wp\/v2\/media?parent=1511"}],"wp:term":[{"taxonomy":"category","embeddable":true,"href":"https:\/\/fedelnelkul.hu\/en\/wp-json\/wp\/v2\/categories?post=1511"},{"taxonomy":"post_tag","embeddable":true,"href":"https:\/\/fedelnelkul.hu\/en\/wp-json\/wp\/v2\/tags?post=1511"}],"curies":[{"name":"wp","href":"https:\/\/api.w.org\/{rel}","templated":true}]}}