{"id":15102,"date":"2024-08-21T16:45:45","date_gmt":"2024-08-21T14:45:45","guid":{"rendered":"https:\/\/fedelnelkul.hu\/?p=15102"},"modified":"2024-08-21T16:46:31","modified_gmt":"2024-08-21T14:46:31","slug":"pm-hez-haiku-lanc-17-24","status":"publish","type":"post","link":"https:\/\/fedelnelkul.hu\/en\/2024\/08\/21\/pm-hez-haiku-lanc-17-24\/","title":{"rendered":"PM-hez &#8211; Haiku-l\u00e1nc 17-24."},"content":{"rendered":"\n<pre class=\"wp-block-verse\">17.\r\nB\u00e1r feledn\u00e9lek!\r\n...s gondolataim el\u00e9d\r\nt\u00e9rdelnek \u00fajra.\r\n\r\n*\r\n18.\r\nA legm\u00e9lyebb k\u00e9k\r\namit valaha l\u00e1ttam:\r\na lelked t\u00fckre.\r\n\r\n*\r\n19.\r\nSzemed egy vil\u00e1g:\r\nm\u00e9lyebb mint az \u00f3ce\u00e1n,\r\nk\u00e9kebb mint az \u00e9g!\r\n\r\n*\r\n20.\r\nMenten v\u00e9gem \u2013 ha\r\nszexi csizm\u00e1dban l\u00e1tlak\r\nfelrobban v\u00e9rem!\r\n\r\n*\r\n21.\r\nTud\u00f3s vagy, tan\u00e1r,\r\n\u00e9s kecses ak\u00e1r egy \u0151z!\r\nSzeretlek. Csoda?\r\n\r\n*\r\n22.\r\nSemmibe hullnak\r\nv\u00e1gyaim. Valamikor\r\nk\u00f6vetem \u0151ket.\r\n\r\n*\r\n23.\r\nHa f\u00e9rfi lenn\u00e9l,\r\nn\u0151i \u00e9ned szeml\u00e9lve\r\nt\u00e1n meg\u00e9rten\u00e9l.\r\n\r\n*\r\n24.\r\nHa l\u00e9tezn\u00e9nek\r\naz elfek, biztos\r\nr\u00e1d hasonl\u00edtan\u00e1nak!\r<\/pre>\n<div class='watch-action'><div class='watch-position align-left'><div class='action-like'><a class='lbg-style1 like-15102 jlk' href='javascript:void(0)' data-task='like' data-post_id='15102' data-nonce='a4559c5496' rel='nofollow'><img class='wti-pixel' src='https:\/\/fedelnelkul.hu\/wp-content\/plugins\/wti-like-post\/images\/pixel.gif' title='Like' \/><span class='lc-15102 lc'>0<\/span><\/a><\/div><\/div> <div class='status-15102 status align-left'><\/div><\/div><div class='wti-clear'><\/div>","protected":false},"excerpt":{"rendered":"<p>17. B\u00e1r feledn\u00e9lek! &#8230;s gondolataim el\u00e9d t\u00e9rdelnek \u00fajra. * 18. A legm\u00e9lyebb k\u00e9k amit valaha l\u00e1ttam: a lelked t\u00fckre. * 19. Szemed egy vil\u00e1g: m\u00e9lyebb mint az \u00f3ce\u00e1n, k\u00e9kebb mint az \u00e9g! * 20. Menten v\u00e9gem \u2013 ha szexi csizm\u00e1dban l\u00e1tlak felrobban v\u00e9rem! * 21. Tud\u00f3s vagy, tan\u00e1r, \u00e9s kecses ak\u00e1r egy \u0151z! Szeretlek. Csoda? &hellip; <a href=\"https:\/\/fedelnelkul.hu\/en\/2024\/08\/21\/pm-hez-haiku-lanc-17-24\/\" class=\"more-link\">Continue reading <span class=\"screen-reader-text\">PM-hez &#8211; Haiku-l\u00e1nc 17-24.<\/span><\/a><\/p>\n","protected":false},"author":379,"featured_media":0,"comment_status":"closed","ping_status":"open","sticky":false,"template":"","format":"standard","meta":{"footnotes":""},"categories":[583,10],"tags":[],"class_list":["post-15102","post","type-post","status-publish","format-standard","hentry","category-583","category-vers"],"_links":{"self":[{"href":"https:\/\/fedelnelkul.hu\/en\/wp-json\/wp\/v2\/posts\/15102","targetHints":{"allow":["GET"]}}],"collection":[{"href":"https:\/\/fedelnelkul.hu\/en\/wp-json\/wp\/v2\/posts"}],"about":[{"href":"https:\/\/fedelnelkul.hu\/en\/wp-json\/wp\/v2\/types\/post"}],"author":[{"embeddable":true,"href":"https:\/\/fedelnelkul.hu\/en\/wp-json\/wp\/v2\/users\/379"}],"replies":[{"embeddable":true,"href":"https:\/\/fedelnelkul.hu\/en\/wp-json\/wp\/v2\/comments?post=15102"}],"version-history":[{"count":1,"href":"https:\/\/fedelnelkul.hu\/en\/wp-json\/wp\/v2\/posts\/15102\/revisions"}],"predecessor-version":[{"id":15103,"href":"https:\/\/fedelnelkul.hu\/en\/wp-json\/wp\/v2\/posts\/15102\/revisions\/15103"}],"wp:attachment":[{"href":"https:\/\/fedelnelkul.hu\/en\/wp-json\/wp\/v2\/media?parent=15102"}],"wp:term":[{"taxonomy":"category","embeddable":true,"href":"https:\/\/fedelnelkul.hu\/en\/wp-json\/wp\/v2\/categories?post=15102"},{"taxonomy":"post_tag","embeddable":true,"href":"https:\/\/fedelnelkul.hu\/en\/wp-json\/wp\/v2\/tags?post=15102"}],"curies":[{"name":"wp","href":"https:\/\/api.w.org\/{rel}","templated":true}]}}