{"id":14846,"date":"2024-08-07T23:20:06","date_gmt":"2024-08-07T21:20:06","guid":{"rendered":"https:\/\/fedelnelkul.hu\/?p=14846"},"modified":"2024-08-22T00:26:14","modified_gmt":"2024-08-21T22:26:14","slug":"elso-kezbol-a-hajlektalansagrol-trening","status":"publish","type":"post","link":"https:\/\/fedelnelkul.hu\/en\/2024\/08\/07\/elso-kezbol-a-hajlektalansagrol-trening\/","title":{"rendered":"Els\u0151 K\u00e9zb\u0151l a Hajl\u00e9ktalans\u00e1gr\u00f3l tr\u00e9ning"},"content":{"rendered":"\n<p><strong><em>Visszajelz\u00e9sek<\/em><\/strong><\/p>\n\n\n\n<p>A 15. sz\u00fclet\u00e9snapj\u00e1t \u00fcnnepl\u0151 Els\u0151 K\u00e9zb\u0151l a Hajl\u00e9ktalans\u00e1gr\u00f3l program \u00e1prilis v\u00e9g\u00e9n rendezett hagyom\u00e1nyos, \u00e9ves tr\u00e9ningh\u00e9tv\u00e9g\u00e9j\u00e9nek r\u00e9sztvev\u0151it\u0151l sz\u00e1rmaz\u00f3 reflexi\u00f3k k\u00f6zread\u00e1s\u00e1t folytatjuk al\u00e1bb.&nbsp;<\/p>\n\n\n\n<p>\u201eA p\u00e9nteki nap d\u00e9lut\u00e1nj\u00e1n voltam ott az EKH program workshopj\u00e1n, ahol az \u00faj \u00e9s r\u00e9gebbi \u201e\u00e9l\u0151 k\u00f6nyvt\u00e1r\u201d tagok \u00e9ves gyakorlata volt megtartva. M\u00e1r t\u00f6bb alkalommal is r\u00e9szt vettem a projekt k\u00fcls\u0151s rendezv\u00e9nyein, legjobb sz\u00edvvel az Alternat\u00edv K\u00f6zgazdas\u00e1gi Gimn\u00e1ziumban megtartott \u201erendhagy\u00f3 oszt\u00e1lyf\u0151n\u00f6ki \u00f3r\u00e1ra\u201d eml\u00e9kszem, ahol egy nagyon neh\u00e9z szitu\u00e1ci\u00f3ban a f\u00fcgg\u0151s\u00e9geinkr\u0151l besz\u00e9lgett\u00fcnk (\u00e9n magam kb. 30 \u00e9vig nikotinf\u00fcgg\u0151 voltam, id\u00e9n j\u00faliusban lesz kereken t\u00edz \u00e9ve, hogy leszoktam), felemel\u0151 volt megtapasztalni azt a nyitotts\u00e1got, \u00e9s emp\u00e1ti\u00e1t, amivel a di\u00e1kok ezt a nagyon neh\u00e9z t\u00e9m\u00e1t fogadt\u00e1k. \u00cdgy h\u00e1t \u00f6r\u00f6mmel vettek r\u00e9szt ezen a gyakorlaton is, ahol a hajl\u00e9ktalans\u00e1got megtapasztalt EKH tagok gyakorolhatt\u00e1k, hogy mik\u00e9nt tudj\u00e1k r\u00f6viden \u00e9s struktur\u00e1ltan el\u0151adni mindazt, ami egy ilyen sz\u00e9ls\u0151s\u00e9gesen negat\u00edv \u00e9lethelyzethez vezetett. (Nemcsak faktu\u00e1lis esem\u00e9nyeket, hanem gondolatokat, \u00e9rz\u00e9seket egyar\u00e1nt).<\/p>\n\n\n\n<p>Nagyon j\u00f3 \u00f6tletnek tartom, hogy k\u00f6z\u00f6s \u00e9tkez\u00e9ssel indult a program, ami m\u00f3dot adott a r\u00e9sztvev\u0151knek egy pici ismerked\u00e9sre. Az els\u0151 blokkban kiscsoportban h\u00e1rom hajl\u00e9ktalans\u00e1ghoz vezet\u0151 \u00e9let\u00fat narrat\u00edv\u00e1j\u00e1t hallgattuk v\u00e9gig, majd r\u00f6viden visszajelezt\u00fck a szerepl\u0151knek, hogy milyen er\u0151ss\u00e9geket \u00e9s gyenges\u00e9geket l\u00e1ttunk az el\u0151ad\u00e1sukban. Mindezt nem kritik\u00e1nak, hanem fejleszt\u00e9snek fogtuk fel, \u00e9n legal\u00e1bbis \u00fagy tapasztaltam, hogy mindenki elfogadta ezeket a visszajelz\u00e9seket. K\u00e9s\u0151bb k\u00f6z\u00f6sen is \u00e1tbesz\u00e9lt\u00fck a kiscsoportban tapasztalt \u201eprodukci\u00f3k\u201d fontosabb tanuls\u00e1gait.<\/p>\n\n\n\n<p>A m\u00e1sodik blokkban, m\u00e1r rutinosabb, nemcsak hajl\u00e9ktalans\u00e1got megtapasztal\u00f3 \u201e\u00e9l\u0151 k\u00f6nyvek\u201d besz\u00e9ltek \u00e9let\u00fckr\u0151l, m\u00e9g sz\u00e1momra is katartikus \u00e9lm\u00e9ny volt v\u00e9gighallgatni az egyik ilyen besz\u00e1mol\u00f3t a drogf\u00fcgg\u0151s\u00e9g \u00e9s az elvon\u00e1s k\u00ednjair\u00f3l.<\/p>\n\n\n\n<p>V\u00e9gig oldott \u00e9s kollegi\u00e1lis hangulat\u00fa projekt volt, a szervez\u0151k az eb\u00e9den k\u00edv\u00fcl is sok minden finoms\u00e1ggal v\u00e1rtak minket. K\u00f6sz\u00f6n\u00f6m a megh\u00edv\u00e1st, nagyon j\u00f3l \u00e9reztem magamat, sokat tanultam, \u00e9s amennyiben legk\u00f6zelebb is felk\u00e9rnek, sz\u00edvesen elmegyek \u00fajra.\u201d<\/p>\n\n\n\n<p><em>nTib<\/em><\/p>\n\n\n\n<p>****<\/p>\n\n\n\n<p>\u201eBevallom \u0151szint\u00e9n, nehezen mondtam igent Gyula invit\u00e1l\u00e1s\u00e1ra: v\u00e9gre egy nyugodt h\u00e9tv\u00e9gi nap, egyik gyereknek sincs r\u00f6plabdatorn\u00e1ja, otthon lehetne lust\u00e1lkodni, vettem m\u00e1r nem egyszer r\u00e9szt a szitu\u00e1ci\u00f3s j\u00e1t\u00e9kban&#8230; Erre kider\u00fclt, hogy eg\u00e9sz m\u00e1sr\u00f3l van sz\u00f3: \u00e9rdekes el\u0151ad\u00e1sban igen fordulatos \u00e9s tanuls\u00e1gos emberi sorsokr\u00f3l hallhattunk. Hamar megfordult bennem az \u00e9rz\u00e9s: milyen j\u00f3, hogy er\u0151t vettem magamon, \u00e9s nem maradtam otthon&#8230; Sajn\u00e1ltam, hogy r\u00f6vid volt az id\u0151, nem lehetett eleget k\u00e9rdezni. M\u00e1r ott megsz\u00fcletett bennem az elhat\u00e1roz\u00e1s: ezt a gyerekeimnek \u00e9s a kicsit t\u00e1gabb csal\u00e1domnak is hallania kell. El is h\u00edvtuk Zoli\u00e9kat vas\u00e1rnapra vacsor\u00e1ra magunkhoz&#8230;\u201d (Zoli\u00e9k: Kati \u00e9s Zoli \u2013 k\u00e9t el\u0151ad\u00f3, egy p\u00e1r \u2013 a szerk.)<\/p>\n\n\n\n<p><em>Helga<\/em><\/p>\n\n\n\n<p>******<\/p>\n\n\n\n<p>\u201eNagyon j\u00f3 volt hallgatni olyan t\u00f6rt\u00e9neteket, amik magukt\u00f3l nem jutnak az ember f\u00fcl\u00e9be. J\u00f3 volt, hogy az el\u0151ad\u00f3k \u0151szint\u00e9n mes\u00e9ltek, \u00e9s k\u00e9szs\u00e9gesen v\u00e1laszoltak a felmer\u00fcl\u0151 k\u00e9rd\u00e9sekre. Szerintem ez egy nem mindennapi lehet\u0151s\u00e9g, minden koroszt\u00e1lynak csak aj\u00e1nlani tudom.\u201d<\/p>\n\n\n\n<p><em>Ben\u0151<\/em><\/p>\n\n\n\n<p>*******<\/p>\n\n\n\n<p>\u201eNagyon inspir\u00e1l\u00f3 volt l\u00e1tni, hogy mennyire nyitottak voltak fel\u00e9nk az el\u0151ad\u00f3k. A 12 perces sztoriz\u00e1s kifejezetten tetszett. K\u00f6sz\u00f6n\u00f6m a lehet\u0151s\u00e9get, rem\u00e9lem, j\u00f6v\u0151re is lesz alkalmam r\u00e9szt venni. \u201d<\/p>\n\n\n\n<p><em>Kinga<\/em><\/p>\n\n\n\n<p>**********<\/p>\n\n\n\n<p>\u201eNagyon \u00e9rdekes volt m\u00e1sok nehezebb sors\u00fa m\u00faltj\u00e1r\u00f3l hallani. K\u00f6nnyen lehetett \u00e9rteni, amit mondtak, kort\u00f3l f\u00fcggetlen\u00fcl. Minden k\u00e9rd\u00e9sre \u0151szint\u00e9n \u00e9s k\u00f6nnyen v\u00e1laszoltak. J\u00f3 volt minden t\u00f6rt\u00e9net ut\u00e1n m\u00e1s ismeretlen emberekkel egy\u00fctt besz\u00e9lgetni az adott t\u00f6rt\u00e9netr\u0151l. Nekem szem\u00e9ly szerint nagyon tetszett, hogy ny\u00edltan, k\u00f6zvetlen\u00fcl \u00e9s \u0151szint\u00e9n besz\u00e9ltek.\u201d<\/p>\n\n\n\n<p><em>Domi<\/em><\/p>\n\n\n\n<p><\/p>\n\n\n\n<p><em>Fot\u00f3: Szab\u00f3 Mil\u00e1n<\/em><\/p>\n\n\n\n<figure class=\"wp-block-image size-large\"><img loading=\"lazy\" decoding=\"async\" width=\"1024\" height=\"108\" src=\"https:\/\/fedelnelkul.hu\/wp-content\/uploads\/2024\/06\/Stronger-Roots-logosor_szines-1024x108.png\" alt=\"\" class=\"wp-image-12982\" srcset=\"https:\/\/fedelnelkul.hu\/wp-content\/uploads\/2024\/06\/Stronger-Roots-logosor_szines-1024x108.png 1024w, https:\/\/fedelnelkul.hu\/wp-content\/uploads\/2024\/06\/Stronger-Roots-logosor_szines-300x32.png 300w, https:\/\/fedelnelkul.hu\/wp-content\/uploads\/2024\/06\/Stronger-Roots-logosor_szines-768x81.png 768w, https:\/\/fedelnelkul.hu\/wp-content\/uploads\/2024\/06\/Stronger-Roots-logosor_szines-1536x162.png 1536w, https:\/\/fedelnelkul.hu\/wp-content\/uploads\/2024\/06\/Stronger-Roots-logosor_szines-2048x215.png 2048w\" sizes=\"auto, (max-width: 1024px) 100vw, 1024px\" \/><\/figure>\n<div class='watch-action'><div class='watch-position align-left'><div class='action-like'><a class='lbg-style1 like-14846 jlk' href='javascript:void(0)' data-task='like' data-post_id='14846' data-nonce='a4559c5496' rel='nofollow'><img class='wti-pixel' src='https:\/\/fedelnelkul.hu\/wp-content\/plugins\/wti-like-post\/images\/pixel.gif' title='Like' \/><span class='lc-14846 lc'>0<\/span><\/a><\/div><\/div> <div class='status-14846 status align-left'><\/div><\/div><div class='wti-clear'><\/div>","protected":false},"excerpt":{"rendered":"<p>Visszajelz\u00e9sek A 15. sz\u00fclet\u00e9snapj\u00e1t \u00fcnnepl\u0151 Els\u0151 K\u00e9zb\u0151l a Hajl\u00e9ktalans\u00e1gr\u00f3l program \u00e1prilis v\u00e9g\u00e9n rendezett hagyom\u00e1nyos, \u00e9ves tr\u00e9ningh\u00e9tv\u00e9g\u00e9j\u00e9nek r\u00e9sztvev\u0151it\u0151l sz\u00e1rmaz\u00f3 reflexi\u00f3k k\u00f6zread\u00e1s\u00e1t folytatjuk al\u00e1bb.&nbsp; \u201eA p\u00e9nteki nap d\u00e9lut\u00e1nj\u00e1n voltam ott az EKH program workshopj\u00e1n, ahol az \u00faj \u00e9s r\u00e9gebbi \u201e\u00e9l\u0151 k\u00f6nyvt\u00e1r\u201d tagok \u00e9ves gyakorlata volt megtartva. M\u00e1r t\u00f6bb alkalommal is r\u00e9szt vettem a projekt k\u00fcls\u0151s rendezv\u00e9nyein, legjobb &hellip; <a href=\"https:\/\/fedelnelkul.hu\/en\/2024\/08\/07\/elso-kezbol-a-hajlektalansagrol-trening\/\" class=\"more-link\">Continue reading <span class=\"screen-reader-text\">Els\u0151 K\u00e9zb\u0151l a Hajl\u00e9ktalans\u00e1gr\u00f3l tr\u00e9ning<\/span><\/a><\/p>\n","protected":false},"author":9195,"featured_media":14851,"comment_status":"closed","ping_status":"open","sticky":false,"template":"","format":"standard","meta":{"footnotes":""},"categories":[594,253,290,318],"tags":[],"class_list":["post-14846","post","type-post","status-publish","format-standard","has-post-thumbnail","hentry","category-594","category-beszamolo","category-elso-kezbol-a-hajlektalansagrol-2","category-resztvevok-velemenye"],"_links":{"self":[{"href":"https:\/\/fedelnelkul.hu\/en\/wp-json\/wp\/v2\/posts\/14846","targetHints":{"allow":["GET"]}}],"collection":[{"href":"https:\/\/fedelnelkul.hu\/en\/wp-json\/wp\/v2\/posts"}],"about":[{"href":"https:\/\/fedelnelkul.hu\/en\/wp-json\/wp\/v2\/types\/post"}],"author":[{"embeddable":true,"href":"https:\/\/fedelnelkul.hu\/en\/wp-json\/wp\/v2\/users\/9195"}],"replies":[{"embeddable":true,"href":"https:\/\/fedelnelkul.hu\/en\/wp-json\/wp\/v2\/comments?post=14846"}],"version-history":[{"count":3,"href":"https:\/\/fedelnelkul.hu\/en\/wp-json\/wp\/v2\/posts\/14846\/revisions"}],"predecessor-version":[{"id":14852,"href":"https:\/\/fedelnelkul.hu\/en\/wp-json\/wp\/v2\/posts\/14846\/revisions\/14852"}],"wp:featuredmedia":[{"embeddable":true,"href":"https:\/\/fedelnelkul.hu\/en\/wp-json\/wp\/v2\/media\/14851"}],"wp:attachment":[{"href":"https:\/\/fedelnelkul.hu\/en\/wp-json\/wp\/v2\/media?parent=14846"}],"wp:term":[{"taxonomy":"category","embeddable":true,"href":"https:\/\/fedelnelkul.hu\/en\/wp-json\/wp\/v2\/categories?post=14846"},{"taxonomy":"post_tag","embeddable":true,"href":"https:\/\/fedelnelkul.hu\/en\/wp-json\/wp\/v2\/tags?post=14846"}],"curies":[{"name":"wp","href":"https:\/\/api.w.org\/{rel}","templated":true}]}}