{"id":14792,"date":"2024-08-07T19:20:15","date_gmt":"2024-08-07T17:20:15","guid":{"rendered":"https:\/\/fedelnelkul.hu\/?p=14792"},"modified":"2024-08-07T19:21:06","modified_gmt":"2024-08-07T17:21:06","slug":"pm-hez-haiku-lanc-9-16","status":"publish","type":"post","link":"https:\/\/fedelnelkul.hu\/en\/2024\/08\/07\/pm-hez-haiku-lanc-9-16\/","title":{"rendered":"PM-hez &#8211; Haiku-l\u00e1nc 9-16."},"content":{"rendered":"\n<pre class=\"wp-block-verse\">9.\r\nHa seggbe k\u00farn\u00e1l\r\nkiszeretn\u00e9k bel\u0151led.\r\nB\u00e1r... K\u00f6tve hiszem!\r\n\r\n*\r\n10.\r\nOlykor a v\u00e1gyam\r\ncsak egy harmatos \u00e1lom\r\ngy\u0171rt leped\u0151m\u00f6n.\r\n\r\n*\r\n11.\r\nMi hoz \u00f6ssze k\u00e9t\r\nembert? Bokros gond? Vad v\u00e1gy??\r\nK\u00fcl\u00f6nb\u00f6z\u0151s\u00e9g???\r\n\r\n*\r\n12.\r\nV\u00e1gyva n\u00e9zlek: egy\r\ngy\u00f6ny\u00f6r\u0171, igazi n\u0151!\r\nL\u00e1tom az embert?\r\n\r\n*\r\n13.\r\nHa l\u00e1tlak \u2013 mindig\r\nlek\u00f6tsz... B\u00e1rcsak ne lenn\u00e9l\r\nvonz\u00f3, gy\u00f6ny\u00f6r\u0171!\r\n\r\n*\r\n14.\r\nMi\u00e9rt \u00e9rzed azt\r\nhogy t\u00f6r\u0151dn\u00f6d kell velem?\r\nMenj! Vagy jegelj le...\r\n\r\n*\r\n15.\r\n\u00c9rz\u00e9sem tiltott!\r\nS foglalkoznod kell vele?\r\nMi a fen\u00e9\u00e9rt?\r\n\r\n*\r\n16.\r\nOnline \u00f3r\u00e1nkon\r\ncsak az arcodat l\u00e1tom!\r\nT\u00f6bbet nem. Sajnos!\r\n<\/pre>\n<div class='watch-action'><div class='watch-position align-left'><div class='action-like'><a class='lbg-style1 like-14792 jlk' href='javascript:void(0)' data-task='like' data-post_id='14792' data-nonce='a4559c5496' rel='nofollow'><img class='wti-pixel' src='https:\/\/fedelnelkul.hu\/wp-content\/plugins\/wti-like-post\/images\/pixel.gif' title='Like' \/><span class='lc-14792 lc'>0<\/span><\/a><\/div><\/div> <div class='status-14792 status align-left'><\/div><\/div><div class='wti-clear'><\/div>","protected":false},"excerpt":{"rendered":"<p>9. Ha seggbe k\u00farn\u00e1l kiszeretn\u00e9k bel\u0151led. B\u00e1r&#8230; K\u00f6tve hiszem! * 10. Olykor a v\u00e1gyam csak egy harmatos \u00e1lom gy\u0171rt leped\u0151m\u00f6n. * 11. Mi hoz \u00f6ssze k\u00e9t embert? Bokros gond? Vad v\u00e1gy?? K\u00fcl\u00f6nb\u00f6z\u0151s\u00e9g??? * 12. V\u00e1gyva n\u00e9zlek: egy gy\u00f6ny\u00f6r\u0171, igazi n\u0151! L\u00e1tom az embert? * 13. Ha l\u00e1tlak \u2013 mindig lek\u00f6tsz&#8230; B\u00e1rcsak ne lenn\u00e9l vonz\u00f3, gy\u00f6ny\u00f6r\u0171! &hellip; <a href=\"https:\/\/fedelnelkul.hu\/en\/2024\/08\/07\/pm-hez-haiku-lanc-9-16\/\" class=\"more-link\">Continue reading <span class=\"screen-reader-text\">PM-hez &#8211; Haiku-l\u00e1nc 9-16.<\/span><\/a><\/p>\n","protected":false},"author":379,"featured_media":0,"comment_status":"closed","ping_status":"open","sticky":false,"template":"","format":"standard","meta":{"footnotes":""},"categories":[584,10],"tags":[],"class_list":["post-14792","post","type-post","status-publish","format-standard","hentry","category-584","category-vers"],"_links":{"self":[{"href":"https:\/\/fedelnelkul.hu\/en\/wp-json\/wp\/v2\/posts\/14792","targetHints":{"allow":["GET"]}}],"collection":[{"href":"https:\/\/fedelnelkul.hu\/en\/wp-json\/wp\/v2\/posts"}],"about":[{"href":"https:\/\/fedelnelkul.hu\/en\/wp-json\/wp\/v2\/types\/post"}],"author":[{"embeddable":true,"href":"https:\/\/fedelnelkul.hu\/en\/wp-json\/wp\/v2\/users\/379"}],"replies":[{"embeddable":true,"href":"https:\/\/fedelnelkul.hu\/en\/wp-json\/wp\/v2\/comments?post=14792"}],"version-history":[{"count":1,"href":"https:\/\/fedelnelkul.hu\/en\/wp-json\/wp\/v2\/posts\/14792\/revisions"}],"predecessor-version":[{"id":14793,"href":"https:\/\/fedelnelkul.hu\/en\/wp-json\/wp\/v2\/posts\/14792\/revisions\/14793"}],"wp:attachment":[{"href":"https:\/\/fedelnelkul.hu\/en\/wp-json\/wp\/v2\/media?parent=14792"}],"wp:term":[{"taxonomy":"category","embeddable":true,"href":"https:\/\/fedelnelkul.hu\/en\/wp-json\/wp\/v2\/categories?post=14792"},{"taxonomy":"post_tag","embeddable":true,"href":"https:\/\/fedelnelkul.hu\/en\/wp-json\/wp\/v2\/tags?post=14792"}],"curies":[{"name":"wp","href":"https:\/\/api.w.org\/{rel}","templated":true}]}}