{"id":14784,"date":"2024-08-07T19:07:12","date_gmt":"2024-08-07T17:07:12","guid":{"rendered":"https:\/\/fedelnelkul.hu\/?p=14784"},"modified":"2024-08-07T19:07:40","modified_gmt":"2024-08-07T17:07:40","slug":"onmagadal-kezdeni","status":"publish","type":"post","link":"https:\/\/fedelnelkul.hu\/en\/2024\/08\/07\/onmagadal-kezdeni\/","title":{"rendered":"\u00d6nmagadal kezdeni"},"content":{"rendered":"\n<p class=\"has-text-align-left\">(Az \u00e1ldozathib\u00e1ztat\u00e1s marg\u00f3j\u00e1ra)<\/p>\n\n\n\n<pre class=\"wp-block-verse\">K\u00f6sz\u00f6nettel tartozn\u00e1l?\nPedig milli\u00f3szor kelthette volna fel\u00e9d\naz \u0151szintes\u00e9gnek legal\u00e1bb a l\u00e1tszat\u00e1t \u0151 is.\nH\u00e1l\u00e1sabb lehetn\u00e9l,\nmert megtan\u00edtott elt\u00e1volodni hazugs\u00e1gokt\u00f3l,\nkeser\u0171 cs\u00f3kokt\u00f3l,\namik val\u00f3j\u00e1ban neki sem voltak \u00e9desek?\nIm\u00e1dkoznod kellene a boldogs\u00e1g\u00e1\u00e9rt,\nhogy k\u00e9t l\u00e1bon j\u00e1r\u00f3 ap\u00e1ti\u00e1v\u00e1 tett,\nbefagyasztva egy \u00e1llapotba,\nahonnan non-stop r\u00e1l\u00e1t\u00e1s ny\u00edlik mindenre?\nInnen tudhatod: mivel l\u00e9pni mert\u00e9l,\ncudarul \u00e9rzi mag\u00e1t,\nl\u00e1thatatlan p\u00f3kh\u00e1l\u00f3k fesz\u00edtik a maga kre\u00e1lta falakhoz.\nL\u00e9legzete m\u00e9g eljut hozz\u00e1d,\nde nyugalom, \u2013\nugyanabban a percben\na ti\u00e9d is hozz\u00e1,\nami kegyetlen\u00fcl fullasztja,\nnoha \u00e9pp ford\u00edtva lesz, gondolta t\u00e9vesen.\nMindez mell\u00e9kes a tudattal:\nkisz\u00e1m\u00edthat\u00f3v\u00e1 v\u00e1lt,\nimm\u00e1r abszol\u00fat \u00e9rdektelenn\u00e9\u2026\nNos, nem tartozol semmivel,\nlegfeljebb irgalommal magaddal szemben,\nhisz megtanult\u00e1l k\u00f6zeledni\nsaj\u00e1t bels\u0151 vil\u00e1godhoz,\n\u00e9s \u00fajra kezdheted gyakorolni a szeretetet,\nl\u00e9p\u00e9sr\u0151l-l\u00e9p\u00e9sre.<\/pre>\n\n\n\n<p>2021 okt\u00f3ber, harmadik d\u00edj<\/p>\n<div class='watch-action'><div class='watch-position align-left'><div class='action-like'><a class='lbg-style1 like-14784 jlk' href='javascript:void(0)' data-task='like' data-post_id='14784' data-nonce='a4559c5496' rel='nofollow'><img class='wti-pixel' src='https:\/\/fedelnelkul.hu\/wp-content\/plugins\/wti-like-post\/images\/pixel.gif' title='Like' \/><span class='lc-14784 lc'>0<\/span><\/a><\/div><\/div> <div class='status-14784 status align-left'><\/div><\/div><div class='wti-clear'><\/div>","protected":false},"excerpt":{"rendered":"<p>(Az \u00e1ldozathib\u00e1ztat\u00e1s marg\u00f3j\u00e1ra) K\u00f6sz\u00f6nettel tartozn\u00e1l? Pedig milli\u00f3szor kelthette volna fel\u00e9d az \u0151szintes\u00e9gnek legal\u00e1bb a l\u00e1tszat\u00e1t \u0151 is. H\u00e1l\u00e1sabb lehetn\u00e9l, mert megtan\u00edtott elt\u00e1volodni hazugs\u00e1gokt\u00f3l, keser\u0171 cs\u00f3kokt\u00f3l, amik val\u00f3j\u00e1ban neki sem voltak \u00e9desek? Im\u00e1dkoznod kellene a boldogs\u00e1g\u00e1\u00e9rt, hogy k\u00e9t l\u00e1bon j\u00e1r\u00f3 ap\u00e1ti\u00e1v\u00e1 tett, befagyasztva egy \u00e1llapotba, ahonnan non-stop r\u00e1l\u00e1t\u00e1s ny\u00edlik mindenre? Innen tudhatod: mivel l\u00e9pni mert\u00e9l, cudarul &hellip; <a href=\"https:\/\/fedelnelkul.hu\/en\/2024\/08\/07\/onmagadal-kezdeni\/\" class=\"more-link\">Continue reading <span class=\"screen-reader-text\">\u00d6nmagadal kezdeni<\/span><\/a><\/p>\n","protected":false},"author":352,"featured_media":0,"comment_status":"closed","ping_status":"open","sticky":false,"template":"","format":"standard","meta":{"footnotes":""},"categories":[584,10],"tags":[],"class_list":["post-14784","post","type-post","status-publish","format-standard","hentry","category-584","category-vers"],"_links":{"self":[{"href":"https:\/\/fedelnelkul.hu\/en\/wp-json\/wp\/v2\/posts\/14784","targetHints":{"allow":["GET"]}}],"collection":[{"href":"https:\/\/fedelnelkul.hu\/en\/wp-json\/wp\/v2\/posts"}],"about":[{"href":"https:\/\/fedelnelkul.hu\/en\/wp-json\/wp\/v2\/types\/post"}],"author":[{"embeddable":true,"href":"https:\/\/fedelnelkul.hu\/en\/wp-json\/wp\/v2\/users\/352"}],"replies":[{"embeddable":true,"href":"https:\/\/fedelnelkul.hu\/en\/wp-json\/wp\/v2\/comments?post=14784"}],"version-history":[{"count":2,"href":"https:\/\/fedelnelkul.hu\/en\/wp-json\/wp\/v2\/posts\/14784\/revisions"}],"predecessor-version":[{"id":14786,"href":"https:\/\/fedelnelkul.hu\/en\/wp-json\/wp\/v2\/posts\/14784\/revisions\/14786"}],"wp:attachment":[{"href":"https:\/\/fedelnelkul.hu\/en\/wp-json\/wp\/v2\/media?parent=14784"}],"wp:term":[{"taxonomy":"category","embeddable":true,"href":"https:\/\/fedelnelkul.hu\/en\/wp-json\/wp\/v2\/categories?post=14784"},{"taxonomy":"post_tag","embeddable":true,"href":"https:\/\/fedelnelkul.hu\/en\/wp-json\/wp\/v2\/tags?post=14784"}],"curies":[{"name":"wp","href":"https:\/\/api.w.org\/{rel}","templated":true}]}}