{"id":14769,"date":"2024-08-07T18:50:18","date_gmt":"2024-08-07T16:50:18","guid":{"rendered":"https:\/\/fedelnelkul.hu\/?p=14769"},"modified":"2024-08-08T21:29:45","modified_gmt":"2024-08-08T19:29:45","slug":"uralhatatlanul-gazdag-ez-a-vilag","status":"publish","type":"post","link":"https:\/\/fedelnelkul.hu\/en\/2024\/08\/07\/uralhatatlanul-gazdag-ez-a-vilag\/","title":{"rendered":"\u201eUralhatatlanul gazdag ez a vil\u00e1g\u201d"},"content":{"rendered":"\n<pre class=\"wp-block-verse\"><em>Enyedi Ildik\u00f3 saj\u00e1t nyelv\u00e9n \u2013  filmnyelven \u2013  a legfontosabb dolgokat fogalmazza meg az \u00e9letr\u0151l \u00e9s az emberi kapcsolatokr\u00f3l. Ezekr\u0151l a dolgokr\u00f3l besz\u00e9lgett\u00fcnk, most a szavak nyelv\u00e9n.\n<\/em>\n<strong>Hogyan lett a filmk\u00e9sz\u00edt\u00e9s a v\u00e1lasztott p\u00e1ly\u00e1d?\n<\/strong>Akkor d\u00f6nt\u00f6ttem el, amikor befejeztem az els\u0151 j\u00e1t\u00e9kfilmemet. Eg\u00e9szen addig nyitva tartottam a lehet\u0151s\u00e9get b\u00e1rmire. \u00dagy gondoltam, hogy mindenf\u00e9l\u00e9t fogok csin\u00e1lni, filmet is, amikor olyan tervem lesz, amit filmen a legjobb megcsin\u00e1lni. A f\u0151iskolai \u00e9vek alatt egy nagyon er\u0151s dac volt bennem. Akkor ez m\u00e9g a mostanin\u00e1l is sokkal-sokkal hierarchikusabb szakma volt. Egyszer\u0171en a technika miatt. Azt l\u00e1ttam, hogy mindenki \u2013 a szakmai fog\u00e1sok elsaj\u00e1t\u00edt\u00e1sa mellett \u2013 nagyon tudatosan \u00e9p\u00fcl be a szakm\u00e1ba, \u00e9n pedig nagyon tudatosan \u00e9p\u00edtettem ki magam abb\u00f3l. M\u00e1shol volt az \u00e9rdekl\u0151d\u00e9sem k\u00f6zpontja. Majd az els\u0151 j\u00e1t\u00e9kfilmem annyira komplex \u00e9lm\u00e9ny, annyira gy\u00f6ny\u00f6r\u0171 folyamat volt, hogy lehettem egyed\u00fcl is benne, amikor \u00edrtam, sok emberrel is, amikor el\u0151k\u00e9sz\u00edtettem \u00e9s forgattunk, azt\u00e1n megint egy intim kapcsolat, amikor h\u00f3napokig v\u00e1gtunk, majd \u00fajra sok emberrel, a hangi ut\u00f3munka sor\u00e1n. \u00c9reztem, hogy mindent ki\u00e9lhetek ebben. Minden m\u00e1st le is v\u00e1lasztottam, \u00e9s csak a filmre koncentr\u00e1ltam.\n\n<strong>F\u00fcst Mil\u00e1n \u00e9s a reg\u00e9nye mi\u00e9rt ennyire fontos sz\u00e1modra?\n<\/strong>Ez egy el\u00e9g rejt\u00e9lyes dolog. Szerintem sok olyan ember van, akiket nagyon sz\u00edven \u00fct valami az irodalomb\u00f3l, ami iszony\u00fa fontoss\u00e1 v\u00e1lik. \u00c9n is r\u00e1tal\u00e1ltam valamire, ami m\u00e1r ott volt bennem, \u00e9s valaki m\u00e1s kimondta helyettem. A reg\u00e9ny olvas\u00e1sa felfedez\u0151\u00fat volt saj\u00e1t magamba. Var\u00e1zslatos tulajdons\u00e1ga az igazi, j\u00f3 irodalomnak, hogy az ember nem csak egy \u00edr\u00f3t, nem csak egy m\u0171vet fedezhet fel, hanem saj\u00e1t mag\u00e1hoz ker\u00fclhet k\u00f6zelebb. Sok ilyen \u00e9lm\u00e9nyem volt, de a sok fontos \u00edr\u00f3 k\u00f6z\u00f6tt F\u00fcst Mil\u00e1n kit\u00fcntetett helyen van sz\u00e1momra. A sokf\u00e9le \u00e1lszents\u00e9g, ami valahogy a mindennapi \u00e9let\u00fcnk r\u00e9sze, n\u00e1la leh\u00e1moz\u00f3dik. Egyeness\u00e9ge \u00e9s b\u00e1tors\u00e1ga \u2013 mert igazi b\u00e1tors\u00e1g kell a saj\u00e1t gyarl\u00f3s\u00e1gunk bevall\u00e1s\u00e1hoz, \u00e9s annak nem felment\u00e9s\u00e9hez \u2013 \u00fagy \u00e9rzem, egyed\u00fcl\u00e1ll\u00f3, az egy\u00e9bk\u00e9nt csod\u00e1latos magyar irodalomban is. \u00c9reztem, hogy \u00e9rdemes ennek sz\u00e9lesebb f\u00f3rumot adni, azzal, hogy filmen is megjelenik.\n\n<strong>Hogyan v\u00e1lasztod a f\u0151szerepl\u0151ket? A Testr\u0151l \u00e9s l\u00e9lekr\u0151l f\u00e9rfi f\u0151szerepl\u0151je Morcs\u00e1nyi G\u00e9za irodalm\u00e1r, sz\u00ednh\u00e1zi szakember, de nem sz\u00edn\u00e9sz. Gijs Naber, A feles\u00e9gem t\u00f6rt\u00e9nete f\u0151szerepl\u0151je pedig sz\u00ednh\u00e1zi \u00e9s filmes tapasztalatokkal rendelkez\u0151 profi sz\u00edn\u00e9sz.<\/strong>\nEg\u00e9sz p\u00e1ly\u00e1m sor\u00e1n mindig karizmatikus szem\u00e9lyeket kerestem. Ha olyan volt a szerep, hogy egy amat\u0151r is k\u00e9pes volt megoldani, akkor kit\u00e1g\u00edtottam a keres\u00e9st, de ha tudtam, hogy a szerephez az a sok \u00e9vi, nagyon sok \u00e1ldozattal j\u00e1r\u00f3 munka sz\u00fcks\u00e9ges, ami a sz\u00edn\u00e9szi l\u00e9t, akkor csak sz\u00edn\u00e9szeket n\u00e9ztem. Mindig az volt a legfontosabb, hogy nagyon izgalmas szem\u00e9lyis\u00e9g legyen, hogy legyen megfejteni val\u00f3 titok benne. Ez mindegyik szerepl\u0151re \u00e9rv\u00e9nyes, akivel valaha dolgoztam.\n\n<strong>Az operat\u0151r\u00f6ket mi alapj\u00e1n keresed meg?\n<\/strong>Szerencs\u00e9s ember vagyok, mert sok filmet k\u00e9sz\u00edthettem M\u00e1t\u00e9 Tiborral, aki a sz\u00edvem k\u00f6zepe most is, aki csod\u00e1latos t\u00e1rs volt. Az a fajta operat\u0151r, aki sokkal nagyvonal\u00fabb, sokkal b\u00f6lcsebb \u00e9s m\u00e9lyebb ann\u00e1l, minthogy st\u00edlusa legyen, ami tulajdonk\u00e9ppen egyfajta besz\u0171k\u00fcl\u00e9st jelent a szememben. Erd\u00e9lyi M\u00e1ty\u00e1ssal is dolgoztam egy kis r\u00f6vidfilmben. Herbai M\u00e1t\u00e9val pedig fantasztikus volt az egy\u00fcttm\u0171k\u00f6d\u00e9s a Testr\u0151l \u00e9s l\u00e9lekr\u0151l-ben, \u0151 nagyon \u00e9rz\u00e9keny \u00e9s lelkileg pontos ember. Az ember jelleme, alkata \u00e9s szem\u00e9lyis\u00e9ge d\u00f6nti el, a szakmai tud\u00e1son t\u00fal, hogy a munk\u00e1b\u00f3l lesz-e valami k\u00fcl\u00f6nleges. R\u00e9v Marcell, akivel A feles\u00e9gem t\u00f6rt\u00e9net\u00e9t csin\u00e1ltam, j\u00f3 bar\u00e1tom m\u00e1r \u00e9vek \u00f3ta. Tudtam, hogy m\u00e9lyen, pontosan \u00e9s eredeti m\u00f3don gondolkod\u00f3 ember, akit szint\u00e9n a szem\u00e9lyis\u00e9ge miatt v\u00e1lasztottam. Hogy szakmailag nagyon j\u00f3, az egy plusz \u00f6r\u00f6m.\n\n<strong>M\u00edg a Testr\u0151l \u00e9s l\u00e9lekr\u0151l helysz\u00ednei \u00e9s k\u00e9pei visszafogott, rideg benyom\u00e1st keltenek, A feles\u00e9gem t\u00f6rt\u00e9nete eset\u00e9ben gy\u00f6ny\u00f6r\u0171 a k\u00f6rnyezet. Ez a mi vil\u00e1gunk \u00e9s a h\u00faszas \u00e9vek k\u00f6z\u00f6tti k\u00fcl\u00f6nbs\u00e9get t\u00fckr\u00f6zi vagy egy\u00e9b oka is van?<\/strong>\nAmikor a vizu\u00e1lis jeleket a minimumra csupasz\u00edtjuk le, akkor minden sokkal intenz\u00edvebben jelenik meg. A Testr\u0151l \u00e9s l\u00e9lekr\u0151l f\u0151szerepl\u0151je, M\u00e1ria, autisztikus jeleket mutat\u00f3, nagyon z\u00e1rt szem\u00e9ly, aki nagyon intenz\u00edven \u00e9rz\u00e9keli a val\u00f3s\u00e1got. Ezt a felfokozott \u00e9rz\u00e9kel\u00e9st nem egyszer\u0171en megmutatni szerett\u00fck volna, hanem hogy \u00e1t is \u00e9lje a n\u00e9z\u0151. Ha a l\u00e9nyegre reduk\u00e1ljuk a hangi \u00e9s a vizu\u00e1lis jeleket, azok berobbannak a tudatunkba, element\u00e1ris \u00e9rz\u00e9st keltenek benn\u00fcnk. Digit\u00e1lis kamer\u00e1val forgattunk, hogy a term\u00e9szetellenes \u00e9less\u00e9g, a kem\u00e9nys\u00e9g, a pontoss\u00e1g \u00e9s egy\u00e9b technikai megold\u00e1sok megmutass\u00e1k, hogyan \u00e9rz\u00e9keli a vil\u00e1got M\u00e1ria.\nF\u00fcst Mil\u00e1n a reg\u00e9nyben egy ezeregy\u00e9jszaka-szer\u0171, nagyon gazdag mesevil\u00e1got \u00e9p\u00edt fel, rengeteg sz\u00ednnel, szaggal, \u00e9rzettel, impulzussal, aminek a reg\u00e9nyben is c\u00e9lja van, \u00e9s a filmben is megvan a maga dramaturgiai funkci\u00f3ja.\nEz a film arr\u00f3l szeretne sz\u00f3lni, hogy mennyire uralhatatlanul gazdag ez a vil\u00e1g, \u00e9s ehhez k\u00e9pest a kicsinyes, ped\u00e1ns, mindent megfejt\u0151, mindent bedobozol\u00f3 attit\u0171d, amivel \u00e1ltal\u00e1ban mindannyian hozz\u00e1\u00e1llunk, amilyen m\u00f3don menedzselni pr\u00f3b\u00e1ljuk, mennyivel szeg\u00e9nyesebb. Amire a film legv\u00e9g\u00e9n valahogy r\u00e1j\u00f6n a kapit\u00e1ny, az az, hogy r\u00e9sze kell lenni az \u00e9letnek, nem pedig valamifajta fel\u00fcgyel\u0151k\u00e9nt igazgatni.\nFontos volt, hogy a sz\u00e9ps\u00e9g \u00e9s a vizu\u00e1lis gazdags\u00e1g, az elemi \u00f6r\u00f6m megjelenjen a helysz\u00ednekben, az operat\u0151ri munk\u00e1ban, mindenben, hogy \u00e9rezze az ember, mennyi mindenr\u0151l mond le, amikor kis igavon\u00f3 baromk\u00e9nt int\u00e9zi saj\u00e1t \u00e9let\u00e9nek dolgait.\n\n<strong>A p\u00e1rizsi \u00e9s a hamburgi lak\u00e1s k\u00e9pei is nagyon m\u00e1s hangulat\u00faak.\n<\/strong>A p\u00e1rizsi lak\u00e1st Lizzy rendezte be, sz\u00e1m\u00e1ra nagyon otthonos. Eleg\u00e1ns, \u00e1tl\u00e1that\u00f3, hatalmas \u00fcvegfel\u00fcletek, francia ablakok. Erre r\u00e1 is j\u00e1tszottunk a vil\u00e1g\u00edt\u00e1ssal. A hamburgi b\u00e9relt lak\u00e1sban mindketten idegenek. L\u00e1ng Imola, a l\u00e1tv\u00e1nytervez\u0151m vaskos, nagy b\u00fatorokat, alacsonyabb mennyezetet, keskenyebb ablakokat keresett. A falak nem csak s\u00f6t\u00e9tek, hanem m\u00e9g mint\u00e1sak is. Valahogy r\u00e1juk szorul ez az eg\u00e9sz vil\u00e1g. Lizzynek nemcsak idegen, de valamif\u00e9le b\u00f6rt\u00f6n is. A kapit\u00e1nynak sem saj\u00e1tja, mert, az \u0151 vil\u00e1ga a f\u00e9ny, a v\u00edz, a fed\u00e9lzet szabads\u00e1ga.\n\n<strong>A kapit\u00e1ny t\u00f6rt\u00e9net\u00e9t nevezhetj\u00fck-e fejl\u0151d\u00e9st\u00f6rt\u00e9netnek? Mit tud kezdeni a k\u00ednkeserves tapasztalataival?\n<\/strong>A kapit\u00e1ny egy nagyon kerek vil\u00e1gb\u00f3l indul, otthon \u00e9rzi mag\u00e1t, \u00e9s nagyon sikeres is benne.\nErr\u0151l besz\u00e9l az elej\u00e9n a fi\u00e1hoz, azt mondja, ez az \u00e9n vil\u00e1gom. Amint a sz\u00e1razf\u00f6ldre l\u00e9p, hogy elkezdje a k\u00f6z\u00f6s \u00e9letet Lizzyvel, a fejl\u0151d\u00e9se ink\u00e1bb leboml\u00e1s. A film n\u00e9gy\u00f6t\u00f6de az, hogy egym\u00e1s ut\u00e1n vesz\u00edti el a biztons\u00e1got, a fog\u00f3dz\u00f3kat, \u00e9s egyre jobban k\u00e9ts\u00e9gbeesik. Ez nagyon f\u00e1jdalmas, de en\u00e9lk\u00fcl a vesztes\u00e9g n\u00e9lk\u00fcl nem tudna \u00fajat tal\u00e1lni. A film v\u00e9ge fel\u00e9, amikor valamit meg\u00e9rt, \u00e9s kezd \u00fajra \u00f6ssze\u00e1llni a vil\u00e1g, megint csak a fi\u00e1hoz besz\u00e9l. Nem v\u00e9letlen, hogy nem ott van v\u00e9ge a filmnek, mert ez valamifajta megvil\u00e1gosod\u00e1snak is t\u0171nhet, der\u0171nek \u00e9s magabiztoss\u00e1gnak, amikor azt gondolja, hogy a szenved\u00e9lyt, a v\u00e1gyakat, a l\u00fcktet\u0151 \u00e9s sokszor f\u00e1jdalmas r\u00e9sz\u00e9t az emberi \u00e9letnek el lehet engedni. Akkor pillantja meg Lizzyt \u00fajra, \u00e9s szembes\u00fcl azzal, hogy \u00e9rdemes elfogadni al\u00e1zattal azt, hogy ilyen t\u00f6k\u00e9letlen l\u00e9nyek vagyunk, ennyire bele vagyunk vetve ebbe a kisz\u00e1m\u00edthatatlan, nagy-nagy titokzatos \u00e9letbe, \u00e9s hogy ez nem vesztes\u00e9g, hanem ett\u0151l sz\u00e9p, ett\u0151l vagyunk emberek. Az, amivel \u0151 tov\u00e1bb haj\u00f3zik, az ennek az \u00e9rz\u00e9snek az igazi meg\u00e9l\u00e9se. Ezt nagyon pozit\u00edvnak sz\u00e1ntam.\n\n<strong>Mivel foglalkozol most?\n<\/strong>B\u00e9k\u00e9s Itala sz\u00e1m\u00e1ra \u00edrok most egy forgat\u00f3k\u00f6nyvet. A Testr\u0151l \u00e9s l\u00e9lekr\u0151l-ben a takar\u00edt\u00f3n\u0151 szerep\u00e9t az\u00e9rt \u00edrtam bele a t\u00f6rt\u00e9netbe, mert nagyon szerettem volna Ital\u00e1val dolgozni, megmutatni azt az \u00e9rdes humort, az \u00e9bers\u00e9get, a dinamik\u00e1t, ami ennyi id\u0151sen is ott van benne. K\u00fcl\u00f6nleges, nagy sz\u00edn\u00e9szn\u0151nek tartom. Rem\u00e9lem, hogy egy f\u0151szerepben ezt meg tudja mutatni.\n\n<strong>Tan\u00edtott\u00e1l a r\u00e9gi SZFE-n. A FreeSZFE-n is k\u00e9sz\u00fclsz tan\u00edtani?\n<\/strong>\u00dagy volt, hogy \u0151sszel elind\u00edtunk egy oszt\u00e1lyt, de a kem\u00e9ny anyagi k\u00f6r\u00fclm\u00e9nyek miatt nem tudunk biztos\u00edtani sem m\u0171termet, sem eszk\u00f6z\u00f6ket. Egy rendez\u0151-operat\u0151ri k\u00e9pz\u00e9s sokkal dr\u00e1g\u00e1bb p\u00e9ld\u00e1ul a sz\u00edn\u00e9szk\u00e9pz\u00e9sn\u00e9l. Elengedhetetlen egyfajta infrastrukt\u00fara. En\u00e9lk\u00fcl csak elm\u00e9letileg tudn\u00e1nk arr\u00f3l besz\u00e9lgetni, hogy milyen lenne filmet csin\u00e1lni. Rem\u00e9lem j\u00f6v\u0151re siker\u00fcl \u00f6sszehozni.\nCsod\u00e1latos dolognak tartom, ami egy \u00e9vvel ezel\u0151tt t\u00f6rt\u00e9nt, \u00e9s hogy l\u00e9trej\u00f6tt a FreeSZFE. Azok az emberek, akik ott tanultak \u00e9s dolgoztak, megbizonyosodhattak r\u00f3la, hogy \u0151k egy igazi k\u00f6z\u00f6ss\u00e9g. Igazi teszthelyzet volt, amit mindenki megd\u00f6bben\u00e9s\u00e9re, messze-messze t\u00falteljes\u00edtett a di\u00e1ks\u00e1g. Ez \u00f6r\u00f6mre ad okot. Ez a legfontosabb abban, ami t\u00f6rt\u00e9nt, amivel \u00e9rdemes foglalkozni.\n\n<strong>Itt az advent, a kar\u00e1csonyi k\u00e9sz\u00fcl\u0151d\u00e9s ideje. Hogyan t\u00f6lt\u00f6d a kar\u00e1csonyt? K\u00e9rhetn\u00e9k \u2013 szok\u00e1sunk szerint \u2013 \u00fczenetet az olvas\u00f3inknak \u00e9s a terjeszt\u0151knek?<\/strong>\nK\u00edv\u00e1nom mindenkinek, hogy pr\u00f3b\u00e1lja meg az adventi id\u0151szakot val\u00f3di adventk\u00e9nt v\u00e9gig\u00e9lni. Eg\u00e9szen felemel\u0151 \u00e9rz\u00e9s, ha egyfajta leegyszer\u0171s\u00f6d\u00e9s, lelassul\u00e1s, kitisztul\u00e1s, \u00e9s a befesz\u00fcl\u00e9s elenged\u00e9se l\u00e9trej\u00f6n. Akkor nagy es\u00e9llyel a val\u00f3di kar\u00e1csony is megt\u00f6rt\u00e9nik. Nem csin\u00e1ljuk, hanem megt\u00f6rt\u00e9nik.\nA f\u00e9rjem \u00c9szak-Rajna-Vesztf\u00e1li\u00e1b\u00f3l, egy nagyon r\u00e9gi telep\u00fcl\u00e9sr\u0151l sz\u00e1rmazik. A csal\u00e1dja mindk\u00e9t \u00e1ga legal\u00e1bb n\u00e9gysz\u00e1z \u00e9ve ebben a kis faluban lakik a hegyek k\u00f6z\u00f6tt. Nagy csal\u00e1d, n\u00e9gy gyerek, nagy gazdas\u00e1g \u00e9s nagy konyha, ahol minden d\u00e9lut\u00e1n \u00f6sszegy\u0171lik a csal\u00e1d k\u00e1v\u00e9zni \u00e9s besz\u00e9lgetni. Ott a \u201emagyar ember ev\u00e9s k\u00f6zben nem besz\u00e9l\u201d egy\u00e1ltal\u00e1n nem m\u0171k\u00f6dik, hanem ez a napi szinten mindent megbesz\u00e9l\u00e9s \u00e9s ellazul\u00e1s terepe. N\u00e1luk csak az eg\u00e9szen kis gyerekek kapnak aj\u00e1nd\u00e9kot, egy\u00e9bk\u00e9nt a kar\u00e1csony arr\u00f3l sz\u00f3l, hogy mindannyian \u00f6sszegy\u0171lnek, odautazik, aki a gyerekek k\u00f6z\u00fcl m\u00e1r nem ott \u00e9l. Egy h\u00e9tig mindenki csak kialussza mag\u00e1t, nagyon hosszan reggelizik, feln\u0151ttek \u00e9s gyerekek t\u00e1rsasj\u00e1t\u00e9koznak egym\u00e1ssal \u00e9jszak\u00e1ba ny\u00fal\u00f3an. Hossz\u00fa s\u00e9t\u00e1kat tesznek a hegyekben. A munk\u00e1t megosztj\u00e1k egym\u00e1s k\u00f6zt: ki mikor f\u0151z, vagy sz\u00e9pen eltakar\u00edt ut\u00e1na. J\u00f3 nekem meg\u00e9lni, hogy milyen egyszer\u0171 \u00e9s b\u00f6lcs tud lenni egy ilyen faluk\u00f6z\u00f6ss\u00e9g. Ott szinte minden csal\u00e1dban \u00edgy zajlik az \u00fcnnep. K\u00edv\u00e1nok ilyen egyszer\u0171s\u00e9get mindenkinek!<\/pre>\n\n\n\n<p class=\"has-text-align-right\"><strong>Fridrich Piroska<\/strong><\/p>\n<div class='watch-action'><div class='watch-position align-left'><div class='action-like'><a class='lbg-style1 like-14769 jlk' href='javascript:void(0)' data-task='like' data-post_id='14769' data-nonce='f48ebca404' rel='nofollow'><img class='wti-pixel' src='https:\/\/fedelnelkul.hu\/wp-content\/plugins\/wti-like-post\/images\/pixel.gif' title='Like' \/><span class='lc-14769 lc'>0<\/span><\/a><\/div><\/div> <div class='status-14769 status align-left'><\/div><\/div><div class='wti-clear'><\/div>","protected":false},"excerpt":{"rendered":"<p>Enyedi Ildik\u00f3 saj\u00e1t nyelv\u00e9n \u2013 filmnyelven \u2013 a legfontosabb dolgokat fogalmazza meg az \u00e9letr\u0151l \u00e9s az emberi kapcsolatokr\u00f3l. Ezekr\u0151l a dolgokr\u00f3l besz\u00e9lgett\u00fcnk, most a szavak nyelv\u00e9n. Hogyan lett a filmk\u00e9sz\u00edt\u00e9s a v\u00e1lasztott p\u00e1ly\u00e1d? Akkor d\u00f6nt\u00f6ttem el, amikor befejeztem az els\u0151 j\u00e1t\u00e9kfilmemet. Eg\u00e9szen addig nyitva tartottam a lehet\u0151s\u00e9get b\u00e1rmire. \u00dagy gondoltam, hogy mindenf\u00e9l\u00e9t fogok csin\u00e1lni, filmet &hellip; <a href=\"https:\/\/fedelnelkul.hu\/en\/2024\/08\/07\/uralhatatlanul-gazdag-ez-a-vilag\/\" class=\"more-link\">Continue reading <span class=\"screen-reader-text\">\u201eUralhatatlanul gazdag ez a vil\u00e1g\u201d<\/span><\/a><\/p>\n","protected":false},"author":125,"featured_media":14917,"comment_status":"closed","ping_status":"open","sticky":false,"template":"","format":"standard","meta":{"footnotes":""},"categories":[584,8,276],"tags":[],"class_list":["post-14769","post","type-post","status-publish","format-standard","has-post-thumbnail","hentry","category-584","category-interju","category-sztarinterju"],"_links":{"self":[{"href":"https:\/\/fedelnelkul.hu\/en\/wp-json\/wp\/v2\/posts\/14769","targetHints":{"allow":["GET"]}}],"collection":[{"href":"https:\/\/fedelnelkul.hu\/en\/wp-json\/wp\/v2\/posts"}],"about":[{"href":"https:\/\/fedelnelkul.hu\/en\/wp-json\/wp\/v2\/types\/post"}],"author":[{"embeddable":true,"href":"https:\/\/fedelnelkul.hu\/en\/wp-json\/wp\/v2\/users\/125"}],"replies":[{"embeddable":true,"href":"https:\/\/fedelnelkul.hu\/en\/wp-json\/wp\/v2\/comments?post=14769"}],"version-history":[{"count":3,"href":"https:\/\/fedelnelkul.hu\/en\/wp-json\/wp\/v2\/posts\/14769\/revisions"}],"predecessor-version":[{"id":14919,"href":"https:\/\/fedelnelkul.hu\/en\/wp-json\/wp\/v2\/posts\/14769\/revisions\/14919"}],"wp:featuredmedia":[{"embeddable":true,"href":"https:\/\/fedelnelkul.hu\/en\/wp-json\/wp\/v2\/media\/14917"}],"wp:attachment":[{"href":"https:\/\/fedelnelkul.hu\/en\/wp-json\/wp\/v2\/media?parent=14769"}],"wp:term":[{"taxonomy":"category","embeddable":true,"href":"https:\/\/fedelnelkul.hu\/en\/wp-json\/wp\/v2\/categories?post=14769"},{"taxonomy":"post_tag","embeddable":true,"href":"https:\/\/fedelnelkul.hu\/en\/wp-json\/wp\/v2\/tags?post=14769"}],"curies":[{"name":"wp","href":"https:\/\/api.w.org\/{rel}","templated":true}]}}