{"id":1474,"date":"2018-02-10T20:33:47","date_gmt":"2018-02-10T20:33:47","guid":{"rendered":"http:\/\/fedelnelkul.hu\/2018\/02\/10\/ejjeli-merenges\/"},"modified":"2018-02-10T20:33:47","modified_gmt":"2018-02-10T20:33:47","slug":"ejjeli-merenges","status":"publish","type":"post","link":"https:\/\/fedelnelkul.hu\/en\/2018\/02\/10\/ejjeli-merenges\/","title":{"rendered":"\u00c9jjeli mereng\u00e9s"},"content":{"rendered":"<p><font size=\"2\"><\/p>\n<div align=\"justify\">\n<p>\n<font size=\"2\"><\/font>\n<\/p>\n<p>\n<font size=\"2\">Hajnali f\u00e9lh\u00e1rom van.<br \/>\nN\u00e9m\u00e1n \u00fcl\u00f6k az \u00e1gyam sz\u00e9l\u00e9n,<br \/>\nnem \u00e9rtem, mi\u00e9rt \u00e9bredtem fel.<\/font>\n<\/p>\n<p>\n<br \/>\n<font size=\"2\">A r\u00e9gen \u00e1t\u00e9lt j\u00f3- rosszeml\u00e9kek<br \/>\n\u00fagy t\u00f6rnek r\u00e1m,<br \/>\nmint Torre\u00e1dor a bik\u00e1ra.<br \/>\nMondogatom magamnak;<br \/>\nennek semmi \u00e9rtelme, de hi\u00e1ba.<\/font>\n<\/p>\n<p>\n<br \/>\n<font size=\"2\">Sz\u00f6rny\u0171, hogy<br \/>\nmilyen t\u00e1vol m\u00e9g a reggel.<br \/>\nDe nemsok\u00e1ra itt az este <br \/>\n\u00e9s kezd\u0151dik el\u00f6lr\u0151l<br \/>\na kem\u00e9ny j\u00e1t\u00e9k.<br \/>\nEgy kis alv\u00e1s is m\u00e1r aj\u00e1nd\u00e9k.<br \/>\n<\/font>\n<\/p>\n<\/div>\n<p><\/font><\/p>\n<div class='watch-action'><div class='watch-position align-left'><div class='action-like'><a class='lbg-style1 like-1474 jlk' href='javascript:void(0)' data-task='like' data-post_id='1474' data-nonce='63bf5167ec' rel='nofollow'><img class='wti-pixel' src='https:\/\/fedelnelkul.hu\/wp-content\/plugins\/wti-like-post\/images\/pixel.gif' title='Like' \/><span class='lc-1474 lc'>0<\/span><\/a><\/div><\/div> <div class='status-1474 status align-left'><\/div><\/div><div class='wti-clear'><\/div>","protected":false},"excerpt":{"rendered":"<p>Hajnali f\u00e9lh\u00e1rom van. N\u00e9m\u00e1n \u00fcl\u00f6k az \u00e1gyam sz\u00e9l\u00e9n, nem \u00e9rtem, mi\u00e9rt \u00e9bredtem fel. A r\u00e9gen \u00e1t\u00e9lt j\u00f3- rosszeml\u00e9kek \u00fagy t\u00f6rnek r\u00e1m, mint Torre\u00e1dor a bik\u00e1ra. Mondogatom magamnak; ennek semmi \u00e9rtelme, de hi\u00e1ba. Sz\u00f6rny\u0171, hogy milyen t\u00e1vol m\u00e9g a reggel. De nemsok\u00e1ra itt az este \u00e9s kezd\u0151dik el\u00f6lr\u0151l a kem\u00e9ny j\u00e1t\u00e9k. Egy kis alv\u00e1s is m\u00e1r &hellip; <a href=\"https:\/\/fedelnelkul.hu\/en\/2018\/02\/10\/ejjeli-merenges\/\" class=\"more-link\">Continue reading <span class=\"screen-reader-text\">\u00c9jjeli mereng\u00e9s<\/span><\/a><\/p>\n","protected":false},"author":89,"featured_media":0,"comment_status":"closed","ping_status":"open","sticky":false,"template":"","format":"standard","meta":{"footnotes":""},"categories":[112,253],"tags":[],"class_list":["post-1474","post","type-post","status-publish","format-standard","hentry","category-112","category-beszamolo"],"_links":{"self":[{"href":"https:\/\/fedelnelkul.hu\/en\/wp-json\/wp\/v2\/posts\/1474","targetHints":{"allow":["GET"]}}],"collection":[{"href":"https:\/\/fedelnelkul.hu\/en\/wp-json\/wp\/v2\/posts"}],"about":[{"href":"https:\/\/fedelnelkul.hu\/en\/wp-json\/wp\/v2\/types\/post"}],"author":[{"embeddable":true,"href":"https:\/\/fedelnelkul.hu\/en\/wp-json\/wp\/v2\/users\/89"}],"replies":[{"embeddable":true,"href":"https:\/\/fedelnelkul.hu\/en\/wp-json\/wp\/v2\/comments?post=1474"}],"version-history":[{"count":0,"href":"https:\/\/fedelnelkul.hu\/en\/wp-json\/wp\/v2\/posts\/1474\/revisions"}],"wp:attachment":[{"href":"https:\/\/fedelnelkul.hu\/en\/wp-json\/wp\/v2\/media?parent=1474"}],"wp:term":[{"taxonomy":"category","embeddable":true,"href":"https:\/\/fedelnelkul.hu\/en\/wp-json\/wp\/v2\/categories?post=1474"},{"taxonomy":"post_tag","embeddable":true,"href":"https:\/\/fedelnelkul.hu\/en\/wp-json\/wp\/v2\/tags?post=1474"}],"curies":[{"name":"wp","href":"https:\/\/api.w.org\/{rel}","templated":true}]}}