{"id":14688,"date":"2024-07-30T16:51:13","date_gmt":"2024-07-30T14:51:13","guid":{"rendered":"https:\/\/fedelnelkul.hu\/?p=14688"},"modified":"2024-07-30T17:02:24","modified_gmt":"2024-07-30T15:02:24","slug":"megtisztulva-feheren-2","status":"publish","type":"post","link":"https:\/\/fedelnelkul.hu\/en\/2024\/07\/30\/megtisztulva-feheren-2\/","title":{"rendered":"Kondor Vilmos: \u00d6rv\u00e9nyben (r\u00e9szlet)"},"content":{"rendered":"\n<p>1989. J\u00daNIUS 16.<\/p>\n\n\n\n<pre class=\"wp-block-verse\">\u2013 Megyek m\u00e1r, megyek, megyek, MEGYEK! \u2013 kiab\u00e1lta Ferenczy a bej\u00e1rati ajt\u00f3 fel\u00e9 botork\u00e1lva. Nem tudta, mennyi az id\u0151, nem is \u00e9rdekelte, a nap fenn volt, h\u00e9t \u00e1gra s\u00fct\u00f6tt, \u00e9s neki enn\u00e9l t\u00f6bbet nem kellett tudnia. Ak\u00e1rki \u00e9bresztette is fel, Ferenczy m\u00e9g egy enn\u00e9l is melegebb \u00e9ghajlatra k\u00edv\u00e1nta. \r\n\u2013 Apuk\u00e1m, gyere m\u00e1r! \u2013 tolta f\u00e9lre Ferenczyt az ajt\u00f3b\u00f3l Tam\u00e1s, amint nagy lend\u00fclettel bel\u00e9pett.\r\n\u2013 Azt most hagyjuk, hogy kivert\u00e9l az \u00e1gyb\u00f3l, de mi a szar van rajtad? R\u00e1d szakadt a vir\u00e1gl\u00e1da? \u2013 Ferenczy visszat\u00e1molygott a nappaliba. Tam\u00e1s az ablak el\u0151tt \u00e1llt, arc\u00e1n a vil\u00e1g legsz\u00e9lesebb vigyor\u00e1val, alatta a keleti blokk legp\u00e1lmaf\u00e1sabb hawaii ing\u00e9ben, mellk\u00f6z\u00e9pig kigombolva, amely alatt egy szint\u00e9n vir\u00e1gokkal er\u0151sen megnyomott bermudagatya harangozott Tam\u00e1s kifejezetten v\u00e9kony v\u00e1dlija f\u00f6l\u00f6tt. Haj\u00e1r\u00f3l nem sajn\u00e1lta a zsel\u00e9t, orr\u00e1n egy Marlboro felirat\u00fa napszem\u00fcveg egyens\u00falyozott.\r\n\u2013 M\u00e9gis mi a retkes rosseb\u00e9rt keltett\u00e9l fel? \u2013 n\u00e9zett r\u00e1 Ferenczy a napf\u00e9nyt\u0151l hunyorogva. \r\n\u2013 Mi\u00e9rt? M\u00e9g k\u00e9rded, hogy mi\u00e9rt? \u2013 k\u00e9rdezett vissza Tam\u00e1s hars\u00e1ny-vid\u00e1man. \u2013 Mi\u00e9rt?\r\n\u2013 Ezt k\u00e9rdeztem, j\u00f3l hallottad. \r\n\u2013 Hell\u00f3, tes\u00f3 \u2013 ny\u00fajtotta Tam\u00e1s a kez\u00e9t. Ferenczy darabosan el\u0151retolta jobbj\u00e1t, mire Tam\u00e1s elkapta, \u00e9s ezt \u00fcv\u00f6lt\u00f6tte: \u2013 Soha, bazdmeg, soha!\r\n\u2013 Soha nem fogsz velem kezet? A falhoz, oda basz\u00f3dj\u00e1l hozz\u00e1, de gyorsan. \r\n\u2013 Egy h\u00e9tig senkivel sem, ha \u00e9rdekel. Legal\u00e1bb egy h\u00e9tig nem mosok kezet, \u00e9s enni is csak bal k\u00e9zzel fogok. Tudod, milyen kurva nagy mel\u00f3 bal k\u00e9zzel fel\u00f6lt\u00f6zni? \r\n\u2013 Elt\u00f6rted?\r\n\u2013 \u00dagy n\u00e9z ki? \r\n\u2013 Nem \u2013 r\u00e1ntotta meg a v\u00e1ll\u00e1t Ferenczy. \u2013 Elt\u00f6rjem \u00e9n? Akarod? Mert sz\u00edvesen. \r\n\u2013 Bal k\u00e9zzel fogom a farkam is, amikor hugyozok. \r\n\u2013 Huh \u2013 b\u00f3lintott Ferenczy. \u2013 Az t\u00e9nyleg nem egyszer\u0171. \u00c9s mi\u00e9rt, ha m\u00e1r \u00edgy r\u00e1m t\u00f6rted az ajt\u00f3t az egyetlen kibaszott szabadnapomon? \r\nTam\u00e1s \u00fagy ny\u00fajtotta el\u0151re jobb kez\u00e9t, mintha az orsz\u00e1galm\u00e1t tartotta volna benne. \r\n\u2013 Tudod, kivel fogtam kezet tegnap este? \r\n\u2013 Mittom\u00e9n. Ter\u00e9z any\u00e1val.\r\n\u2013 Hogy te milyen h\u00fclye vagy. \r\n\u2013 A Lind\u00e1val. \r\n\u2013 Uramisten, hogy lett\u00e9l te rend\u0151r?\r\n\u2013 Tudod, mit? Ink\u00e1bb nem is akarom tudni. \r\n\u2013 De akarod. \r\n\u2013 Akarom? \u2013 sand\u00edtott r\u00e1 Ferenczy a frissen meggy\u00fajtott Helikon f\u00fcstje m\u00f6g\u00fcl. \r\n\u2013 AZ \u00d6TV\u00d6S CS\u00d6PIVEL! \u2013 b\u00f6mb\u00f6lte Tam\u00e1s. \u2013 A Bujtorral, bazmeg, tegnap a Bujtorral fogtam kezet. Egy h\u00e9tig nem mosok kezet. Egy h\u00f3napig!\r\n\u2013 Hol a ny\u00e1lban tal\u00e1lkozt\u00e1l te a Bujtorral? Azt ne mondd, hogy g\u00e1zolajat vesz t\u0151led, mert kit\u00e9pem a szalagot A Pog\u00e1ny Madonna-kazett\u00e1b\u00f3l. \r\n\u2013 Tihanyban, a hegyen, Fels\u0151v\u00e1ron, megvan? \r\n\u2013 Meg.\r\n\u2013 Na, tegnap d\u00e9lut\u00e1n felmentem oda \u2013 magyar\u00e1zta ked\u00e9lyesen Tam\u00e1s, \u00e9s a napszem\u00fcveg szellem\u00e9hez ill\u0151en a sz\u00e1j\u00e1ba dugott egy sz\u00e1l Marlbor\u00f3t. \u2013 Fels\u0151v\u00e1rra. Nem mondom, amilyen \u00fat volt, vityill\u00f3kra sz\u00e1m\u00edtottam. \r\n\u2013 \u00c9s mi\u00e9rt pont Fels\u0151v\u00e1rra? Mi\u00e9rt nem Sajkodra? Di\u00f3sdra? \r\n\u2013 Mert reggel a vizeletem sz\u00edne ezt javasolta \u2013 f\u00fajta ki a f\u00fcst\u00f6t Tam\u00e1s. \u2013 Mert megn\u00e9ztem az adatb\u00e1zist, \u00e9s Fels\u0151v\u00e1ron \u00e9l\u0151 ember nem j\u00e1rt n\u00e1lunk \u00e9vek \u00f3ta. Csak van valaki, mondok magamban, akinek kell egy kis biztos\u00edt\u00e1s jut\u00e1nyos \u00e1ron. \u00c9s van, bazeg.\r\n\u2013 V\u00e1rj, kital\u00e1lom. Az \u00d6tv\u00f6s Cs\u00f6pi?\r\n\u2013 Rohadjak meg, te egy s\u00e1m\u00e1n vagy, tes\u00f3! Csatlakozz a Waszlavikhoz, micsoda csapat lenn\u00e9tek! Das ist mein Auto! \u2013 rikkantotta Tam\u00e1s. \u2013 Kicsit bolyongtam, \u00e9s az az igazs\u00e1g, hogy el\u0151sz\u00f6r azt hittem, lukra futottam. Tudod, mit csin\u00e1lnak ezek a kurva dr\u00e1ga nyaral\u00f3ikban? \r\n\u2013 Nyaralnak? \u2013 k\u00e9rdezett vissza Ferenczy, noha tudta, hogy t\u00e9ves v\u00e1laszt adott.\r\n\u2013 L\u00f3faszt, semmit, bazdmeg, semmit, mert nincsenek ott! \u2013 cs\u00f3v\u00e1lta a fej\u00e9t Tam\u00e1s. \u2013 Nekem, ha ilyen nyaral\u00f3m lenne, akkor benne lakn\u00e9k. De nem ezek, mert ezek ott sincsenek. Mi van most? J\u00fanius k\u00f6zepe?\r\n\u2013 Az. \r\n\u2013 Ott t\u00f6lt\u00f6ttem az eg\u00e9sz napot, rohadjak meg, legal\u00e1bb \u00f6tven h\u00e1zba becs\u00f6ngettem, az ujjam leszakadt, a l\u00e1bam lerohadt, kurva meleg volt, csak mondom, am\u00edg te benn vakartad a her\u00e9idet a kapit\u00e1nys\u00e1gon, addig nekem a t\u00f6k\u00f6mr\u0151l is izzads\u00e1g csurgott, kopogtatok, cs\u00f6ngetek, kiab\u00e1lok, amit akarsz, t\u00edz ember, ha volt az eg\u00e9sz faluban.\r\n\u2013 Nem lehet, hogy t\u00f6bben is, csak nem akartak sz\u00f3ba \u00e1llni az \u00f3b\u00e9gat\u00f3 barommal? \u2013 \u00e9rdekl\u0151d\u00f6tt Ferenczy. \r\n\u2013 L\u00f3faszt, apuk\u00e1m, \u00e9n rendesen kiab\u00e1lok, nem \u00f3b\u00e9gatok \u2013 legyintett Tam\u00e1s sz\u00e9les \u00edvben, amit\u0151l a hamu v\u00e9gre leesett a cigarett\u00e1r\u00f3l. Ferenczy percek \u00f3ta irigykedve n\u00e9zte az egyre hosszabbod\u00f3 hamut a Marlboro v\u00e9g\u00e9n. Bezzeg a Helikonra el\u00e9g r\u00e1n\u00e9zni, potyog le a hamu r\u00f3la, olyan pocs\u00e9k doh\u00e1nyb\u00f3l van. \u2013 Azt\u00e1n az egyik h\u00e1zb\u00f3l kij\u00f6tt a Cs\u00f6pi, esk\u00fcsz\u00f6m neked, meg se b\u00edrtam sz\u00f3lalni, k\u00f6pni-nyelni nem tudtam, ott \u00e1llt el\u0151ttem a Cs\u00f6pi, \u00e9s azt k\u00e9rdezte, hogy miben seg\u00edthet. \u00c9rted? T\u0151lem, bazdmeg, t\u0151lem!\r\n\u2013 Elv\u00e9gre te \u00e1llt\u00e1l ott.\r\n\u2013 Micsoda v\u00e9letlen, \u00faristen, nem is \u00e9rtem! Kinyitotta a kaput, kezet ny\u00fajtott, bemutatkozott, h\u00e1t \u00e9n majdnem meg\u00f6leltem, \u00e9rted te ezt? Mondok, biztos van m\u00e1r biztos\u00edt\u00e1sa, ugye, Cs\u00f6pi? \r\n\u2013 Cs\u00f6pinek h\u00edvtad?\r\n\u2013 Mi m\u00e1snak? \u2013 n\u00e9zett r\u00e1 Tam\u00e1s \u00e9rtetlen\u00fcl. \u2013 Mondta, hogy van. H\u00e1t akkor \u00e9n menn\u00e9k is, mondtam, mire tudod, mit k\u00e9rdezett?\r\n\u2013 Hogy akarsz-e egy autogramot? \r\n\u2013 Ez egy ember, te, ez egy rendes, igazi ember, nem olyan egy h\u00fclye, mint te, tes\u00f3m \u2013 r\u00e1zta a fej\u00e9t Tam\u00e1s. \u2013 Azt mondta, k\u00e9r egy \u00fcveg vizet? Olyan meleg van, l\u00e1tom, izzad. Ezt mondta.\r\n\u2013 V\u00e1rj\u00e1l \u2013 emelte fel Ferenczy a kez\u00e9t. \u2013 A v\u00edz az\u00f3ta a lak\u00e1sodban van, a vitrinben.\r\n\u2013 \u00c9s tudja! \u2013 csapott az ablakp\u00e1rk\u00e1nyra Tam\u00e1s. \u2013 Na, szedd \u00f6ssze magad, megy\u00fcnk.\r\n\u2013 M\u00e9gis hova? \u2013 nyomta el a csikket Ferenczy. \r\n\u2013 Hova, te nyomorult, ilyen sz\u00e9p az id\u0151, megr\u00f6ffentj\u00fck a s\u00e1rga sz\u00f6rnyet. \r\n\u2013 Kurva\u00e9let \u2013 \u00e1llt fel Ferenczy \u2013, hajnali hatkor \u00e9rtem haza, alig aludtam \u00f6t \u00f3r\u00e1t, \u00e9s most \u00fcljek be mell\u00e9d abba a szartalicsk\u00e1ba?\r\n\u2013 Ja \u2013 b\u00f3lintott Tam\u00e1s. \u2013 Mi\u00e9rt, van jobb dolgod?\r\n\u2013 Meg akartam n\u00e9zni a temet\u00e9st.\r\n\u2013 Hogy mi van? \u2013 vonta fel Tam\u00e1s a szem\u00f6ld\u00f6k\u00e9t. \u2013 Temet\u00e9st? Te h\u00fclye vagy az agyadban? Benne? \r\n\u2013 A Nagy Imre-temet\u00e9st. \r\n\u2013 Aha.\r\n\u2013 \u00dajratemet\u00e9st.\r\n\u2013 Aha. Nem baj. Majd megn\u00e9zed m\u00e1skor. \r\n\u2013 Vagy hazahozol d\u00e9lut\u00e1nra, vagy \u00fatk\u00f6zben megn\u00e9zz\u00fck valahol. \r\n\u2013 A temet\u00e9st. M\u00e9gis hol a ny\u00e1lban n\u00e9zz\u00fck meg? \r\n\u2013 Adja a t\u00e9v\u00e9.\r\n\u2013 A magyar?\r\n\u2013 Nem, a kambodzsai. Te melyik orsz\u00e1gban \u00e9lsz? De most t\u00e9nyleg, bazdmeg, mindenki ezt hallgatja, a h\u00edreket, kiv\u00e9ve persze t\u00e9ged. \r\n\u2013 L\u00f3faszt. Ma is hallgattam h\u00edreket. \r\n\u2013 Mert ja. \r\n\u2013 Azt hallottam, hogy beg\u00f6rb\u00fclt a homlokod, \u00f6sszement a p\u00f6cs\u00f6d, \u00e9s sz\u0151r n\u0151tt a f\u00fcledben. De ne agg\u00f3dj, tudom a gy\u00f3gym\u00f3dot. \r\n\u2013 Ja, megkergetj\u00fck a s\u00e1rga vill\u00e1mot. \r\n\u2013 \u00c9s tudja!\r\nFerenczynek t\u00e9nyleg nem volt dolga. H\u00fasz perc m\u00falva m\u00e1r Balatonsz\u0151l\u0151s fel\u00e9 repesztettek leh\u00fazott ablakkal, a r\u00e1di\u00f3b\u00f3l a V\u2019Moto-Rock b\u00f6mb\u00f6lt, Tam\u00e1s bal k\u00e9zzel a korm\u00e1nyt fogta, sebess\u00e9get azonban m\u00e1r Ferenczynek kellett v\u00e1ltania. Tam\u00e1s kinyomta a kuplungot, Ferenczy r\u00e1ntott egyet a v\u00e1lt\u00f3n, \u00e9s d\u00f6ng\u00f6ltek tov\u00e1bb. A faluba \u00e9rve Ferenczy addig nem volt hajland\u00f3 v\u00e1ltani, am\u00edg Tam\u00e1s meg nem \u00edg\u00e9rte neki, hogy nem tolja padl\u00f3ig a g\u00e1zped\u00e1lt, de ahogy ki\u00e9rtek a lank\u00e1s-kanyarg\u00f3s \u00fatra, nem volt meg\u00e1ll\u00e1s. A hepehup\u00e1s, bukkan\u00f3kkal teli \u00faton Tam\u00e1s k\u00edm\u00e9let n\u00e9lk\u00fcl taposta a g\u00e1zt, a Wartburg n\u00e9gy kereke nemegyszer a leveg\u0151ben p\u00f6rg\u00f6tt, \u00e9s amikor aszfaltot \u00e9rtek, az eg\u00e9sz kocsiszekr\u00e9ny ny\u00f6g\u00f6tt-recsegett, amit\u0151l Ferenczyre a fr\u00e1sz j\u00f6tt, de maga is meglepve tapasztalta, hogy nem volt ellen\u00e9re az \u0151r\u00fcltk\u00f6d\u00e9s. \r\n\u2013 H\u00e1rmasba! \u2013 rikoltotta Tam\u00e1s, \u00e9s Ferenczy v\u00e1ltott. \r\nAmi\u00f3ta visszaj\u00f6tt Par\u00e1dsasv\u00e1rr\u00f3l, a kapcsolatuk fesz\u00fclts\u00e9ggel volt terhes, b\u00e1r ezt mintha csak Ferenczy \u00e9rezte volna, mert Tam\u00e1s ugyanolyan el\u00e1nnal tolta a napjait, ugyanolyan k\u00f6zvetlens\u00e9ggel \u00e9lte meg a bar\u00e1ts\u00e1gukat, mint annak el\u0151tte. Ferenczyben fel\u00fct\u00f6tte fej\u00e9t a gyan\u00fa, hogy Tam\u00e1s t\u00e9nyleg \u00e1rtatlan abban, hogy Judit olyan er\u0151sen vonz\u00f3dott hozz\u00e1. Az volt a legrosszabb, hogy nem tudta elmondani senkinek, mit\u0151l olyan vacak a kedve. Bl\u00e1sznak nem lehetett mondani semmit, m\u00e9g azt sem, hogy t\u00edz \u00f3ra m\u00falt kilenc perccel, mert azonnal basztatta volna, hogy mikor volt ideje ezt kinyomozni, egyed\u00fcl Tam\u00e1snak mondhatta volna el, de mit is? Hogy akarat\u00e1n k\u00edv\u00fcl lecsapta a kez\u00e9r\u0151l a n\u0151t, akire a tudom\u00e1ny legfrissebb \u00e1ll\u00e1sa szerint eg\u00e9sz \u00e9let\u00e9ben v\u00e1rt? Ferenczy maga is hallotta, milyen h\u00fcly\u00e9n hangzott ez a mondat, ez\u00e9rt megpr\u00f3b\u00e1lta ink\u00e1bb lenyelni, de a mondat megakadt a tork\u00e1n, \u00e9s gomb\u00f3ck\u00e9nt \u00fclt benne. \r\n\u2013 Vissza kettes, padl\u00f3g\u00e1z! \u2013 b\u00f6mb\u00f6lte Tam\u00e1s, mire Ferenczy lejjebb h\u00fazta a v\u00e1lt\u00f3t, Tam\u00e1s pedig bejelent\u00e9s\u00e9hez h\u0171en padl\u00f3ig nyomta a g\u00e1zped\u00e1lt. A Wartburg m\u00e1r az elrugaszkod\u00e1s pillanat\u00e1ban nagyokat ny\u00f6g\u00f6tt, Ferenczy kapaszkodott mindenbe, amit csak \u00e9rt. Nem volt nagy az emelked\u0151, de Tam\u00e1s olyan j\u00f3 pillanatban kapta el, hogy Ferenczy \u00fagy \u00e9rezte, sz\u00e1llnak, mint Steve McQueen a Mustangj\u00e1val. \u00c9rezte ezt annak ellen\u00e9re, hogy a Balatonsz\u0151l\u0151s \u00e9s P\u00e9csely k\u00f6zti \u00fat nem San Francisco, a Wartburg minden, csak nem egy Ford Mustang, \u00e9s amikor McQueen San Francisco utc\u00e1in d\u00f6ngetett, \u0151k ketten m\u00e9g nem \u00e9ltek. A Wartburg csak sz\u00e1llt, \u00e9s sz\u00e1llt, Ferenczy ereiben \u0151r\u00fclt sebess\u00e9ggel nyargalt az adrenalin, \u00e9s minden egyes leveg\u0151ben t\u00f6lt\u00f6tt sz\u00e1zadm\u00e1sodpercet \u00e9lvezett, eg\u00e9szen addig a pillanatig, amikor szemb\u0151l hirtelen megjelent egy terepj\u00e1r\u00f3. Ferenczy megkapaszkodott, Tam\u00e1s meg \u00fagy \u00fcv\u00f6lt\u00f6tt, hogy azt m\u00e9g Pepinke is megirigyelhette volna: \r\n\u2013 MICSUBISI PADZSER\u00d3! Kurva\u00e9let, PADZSER\u00d3! \u2013 rikoltotta, \u00e9s izgalm\u00e1ban ugrott egyet. A Pajero sof\u0151rje r\u00e1tapadt a dud\u00e1ra, \u00e9s leh\u00faz\u00f3dott az \u00fat sz\u00e9l\u00e9re, Tam\u00e1s meg f\u00e9lrer\u00e1ntotta a korm\u00e1nyt. B\u00e1rcsak ne tette volna, mert kicsit f\u00e9loldalasan \u00e9rtek f\u00f6ldet. El\u0151sz\u00f6r a Wartburg bal eleje fogott aszfaltot, majd a h\u00e1rom marad\u00e9k ker\u00e9k, amit\u0151l a kocsi megr\u00e1zta a far\u00e1t, \u00e9s ekkor egy hirtelen csattan\u00e1st k\u00f6vet\u0151en a motorh\u00e1ztet\u0151 egy darabon kidudorodott, a motor le\u00e1llt, a Wartburg cs\u00f6r\u00f6gve lassult, \u00e9s v\u00e9g\u00fcl nyikorogva meg\u00e1llt. \r\n\u2013 A turb\u00f3felt\u00f6lt\u0151! Megint! \u2013 pattant ki Tam\u00e1s a kocsib\u00f3l, Ferenczynek azonban el\u0151tte m\u00e9g le kellett feszegetnie az ujjait az ablakteker\u0151r\u0151l. \u2013 L\u00e1ttad a PADZSER\u00d3T?\r\n\u2013 Te meg mir\u0151l besz\u00e9lsz? \r\n\u2013 Turb\u00f3felt\u00f6lt\u0151! Kurvaanyj\u00e1t, k\u00e9t hete cser\u00e9ltettem. A PADZSER\u00d3 megvolt? He? \r\n\u2013 Szedd m\u00e1r \u00f6ssze magad! \r\n\u2013 Ember nem volt m\u00e9g \u00fagy \u00f6sszeszedve, mint \u00e9n, csak n\u00f6v\u00e9ny \u00e9s \u00e1sv\u00e1ny. \r\n\u2013 Milyen turb\u00f3r\u00f3l besz\u00e9lsz? \r\n\u2013 Amit fel kell t\u00f6lteni. Egy felt\u00f6lt\u0151vel. Az a neve, hogy turb\u00f3felt\u00f6lt\u0151.\r\n\u2013 Turb\u00f3. Ebben a kocsiban \u2013 r\u00e1zta a fej\u00e9t Ferenczy. \r\n\u2013 Olyasmi \u2013 r\u00fagott egyet Tam\u00e1s az aut\u00f3ba, majd felnyitotta a motorh\u00e1ztet\u0151t. \r\n\u2013 Onn\u00e9t nem hi\u00e1nyzik valami? \u2013 mutatott a motorra Ferenczy. \r\n\u2013 Melyik vagy? Ferj\u00e1ncz? Doktor Tandari? Hogy v\u00e1god te ezt \u2013 p\u00f6ccintette el Tam\u00e1s a csikket. \u2013 Hogy a pics\u00e1ba ne hi\u00e1nyozna. A turb\u00f3felt\u00f6lt\u0151.\r\n\u2013 Tudom, mi a neve. Az eny\u00e9mben nincs, de ebben a szarban, ebben van \u2013 csettintett Ferenczy. \u2013 Megvan. H\u0171t\u0151ventil\u00e1tor. Az nyomta ki a motorh\u00e1ztet\u0151t?\r\n\u2013 Az \u2013 legyintett Tam\u00e1s. \r\n\u2013 Gyere \u2013 intett Ferenczy. \u2013 P\u00e9csely f\u00e9l \u00f3ra gyalog. Enni is tudunk, am\u00edg ezt a romot odah\u00fazz\u00e1k.\r\n\u2013 Most nem lehet? Leint\u00fcnk valakit. \r\n\u2013 H\u00e1ny kocsival tal\u00e1lkoztunk? B\u00e1rmelyik ir\u00e1nyban? \r\nTam\u00e1s nem felelt. \r\n\u2013 Na l\u00e1tod. K\u00fcl\u00f6nben is, ismerek ott egy szak\u00e9rt\u0151t \u2013 kezdte Ferenczy. \u2013 A F\u00e9nyes Totya megoldja.\r\n\u2013 F\u00e9nyes Totya.\r\n\u2013 P\u00e9cselyi turb\u00f3felt\u00f6lt\u0151-jav\u00edt\u00f3 kisiparos g\u00e9emk\u00e1 \u2013 vigyorgott Ferenczy.\r<\/pre>\n\n\n\n<p>Libri Kiad\u00f3, 2021, 3999 Ft, ISBN: 9789634336822<\/p>\n<div class='watch-action'><div class='watch-position align-left'><div class='action-like'><a class='lbg-style1 like-14688 jlk' href='javascript:void(0)' data-task='like' data-post_id='14688' data-nonce='a4559c5496' rel='nofollow'><img class='wti-pixel' src='https:\/\/fedelnelkul.hu\/wp-content\/plugins\/wti-like-post\/images\/pixel.gif' title='Like' \/><span class='lc-14688 lc'>0<\/span><\/a><\/div><\/div> <div class='status-14688 status align-left'><\/div><\/div><div class='wti-clear'><\/div>","protected":false},"excerpt":{"rendered":"<p>1989. J\u00daNIUS 16. \u2013 Megyek m\u00e1r, megyek, megyek, MEGYEK! \u2013 kiab\u00e1lta Ferenczy a bej\u00e1rati ajt\u00f3 fel\u00e9 botork\u00e1lva. Nem tudta, mennyi az id\u0151, nem is \u00e9rdekelte, a nap fenn volt, h\u00e9t \u00e1gra s\u00fct\u00f6tt, \u00e9s neki enn\u00e9l t\u00f6bbet nem kellett tudnia. Ak\u00e1rki \u00e9bresztette is fel, Ferenczy m\u00e9g egy enn\u00e9l is melegebb \u00e9ghajlatra k\u00edv\u00e1nta. \u2013 Apuk\u00e1m, gyere m\u00e1r! &hellip; <a href=\"https:\/\/fedelnelkul.hu\/en\/2024\/07\/30\/megtisztulva-feheren-2\/\" class=\"more-link\">Continue reading <span class=\"screen-reader-text\">Kondor Vilmos: \u00d6rv\u00e9nyben (r\u00e9szlet)<\/span><\/a><\/p>\n","protected":false},"author":9349,"featured_media":0,"comment_status":"closed","ping_status":"open","sticky":false,"template":"","format":"standard","meta":{"footnotes":""},"categories":[592,9],"tags":[],"class_list":["post-14688","post","type-post","status-publish","format-standard","hentry","category-592","category-szepproza"],"_links":{"self":[{"href":"https:\/\/fedelnelkul.hu\/en\/wp-json\/wp\/v2\/posts\/14688","targetHints":{"allow":["GET"]}}],"collection":[{"href":"https:\/\/fedelnelkul.hu\/en\/wp-json\/wp\/v2\/posts"}],"about":[{"href":"https:\/\/fedelnelkul.hu\/en\/wp-json\/wp\/v2\/types\/post"}],"author":[{"embeddable":true,"href":"https:\/\/fedelnelkul.hu\/en\/wp-json\/wp\/v2\/users\/9349"}],"replies":[{"embeddable":true,"href":"https:\/\/fedelnelkul.hu\/en\/wp-json\/wp\/v2\/comments?post=14688"}],"version-history":[{"count":1,"href":"https:\/\/fedelnelkul.hu\/en\/wp-json\/wp\/v2\/posts\/14688\/revisions"}],"predecessor-version":[{"id":14689,"href":"https:\/\/fedelnelkul.hu\/en\/wp-json\/wp\/v2\/posts\/14688\/revisions\/14689"}],"wp:attachment":[{"href":"https:\/\/fedelnelkul.hu\/en\/wp-json\/wp\/v2\/media?parent=14688"}],"wp:term":[{"taxonomy":"category","embeddable":true,"href":"https:\/\/fedelnelkul.hu\/en\/wp-json\/wp\/v2\/categories?post=14688"},{"taxonomy":"post_tag","embeddable":true,"href":"https:\/\/fedelnelkul.hu\/en\/wp-json\/wp\/v2\/tags?post=14688"}],"curies":[{"name":"wp","href":"https:\/\/api.w.org\/{rel}","templated":true}]}}