{"id":14549,"date":"2024-07-26T00:47:52","date_gmt":"2024-07-25T22:47:52","guid":{"rendered":"https:\/\/fedelnelkul.hu\/?p=14549"},"modified":"2024-07-26T00:48:17","modified_gmt":"2024-07-25T22:48:17","slug":"korbacs-es-kaloda","status":"publish","type":"post","link":"https:\/\/fedelnelkul.hu\/en\/2024\/07\/26\/korbacs-es-kaloda\/","title":{"rendered":"Korb\u00e1cs \u00e9s kaloda"},"content":{"rendered":"\n<p>\u2013 Gabika kihez ker\u00fclt?<\/p>\n\n\n\n<p>\u2013 Csap\u00e1s Dezs\u0151h\u00f6z, azt mondj\u00e1k, \u0151 a legjobb.<\/p>\n\n\n\n<p>\u2013 Nagy m\u00e1zli. \u00c9s Esztit ki fogja majd tan\u00edtani?<\/p>\n\n\n\n<p>\u2013 Vecs\u00e9sin\u00e9.<\/p>\n\n\n\n<p>\u2013 Neki minden a kisujj\u00e1ban van, de az\u00e9rt nem irigyellek. Brut\u00e1l egy n\u0151. T\u00fal kell \u00e9lni, nem tudtok m\u00e1st csin\u00e1lni. Esztinek m\u00e1r mondtad?<\/p>\n\n\n\n<p>A gyerekek t\u00f6bbs\u00e9ge m\u00e9g nem tudja, hogy az iskol\u00e1b\u00f3l j\u00faliusban \u00f6nk\u00e9nt t\u00e1vozott matematika, irodalom, f\u00f6ldrajz, t\u00f6rt\u00e9nelem, technika, biol\u00f3gia \u00e9s angol nyelv szakos tan\u00e1rok hely\u00e9re nem tal\u00e1ltak pedag\u00f3gusokat. Ellenben a most bevezetett \u00faj tant\u00e1rgy oktat\u00e1s\u00e1ra k\u00e9t nagy h\u00edr\u0171, legend\u00e1s oktat\u00f3t is szerz\u0151dtettek, Vecs\u00e9sin\u00e9t \u00e9s Csap\u00e1s Dezs\u0151t, de a tanfel\u00fcgyelet azt \u00edg\u00e9rte, j\u00f6nnek m\u00e1sok is. Kor\u00e1bban mindketten hossz\u00fa \u00e9vtizedeket t\u00f6lt\u00f6ttek nevel\u0151k\u00e9nt, Vecs\u00e9sin\u00e9 a szegedi Csillagban, Csap\u00e1s pedig az Idegenl\u00e9gi\u00f3 Oktat\u00e1si K\u00f6zpontj\u00e1ban, Alg\u00edrban. Els\u0151 \u00f3r\u00e1jukat rendhagy\u00f3 m\u00f3don nem az iskol\u00e1ban, hanem k\u00fcls\u0151 helysz\u00ednen tartj\u00e1k, ez\u00fattal k\u00f6z\u00f6sen.<\/p>\n\n\n\n<p>\u2013 Na, mit l\u00e1ttok ott? Hogy mit? Majdnem j\u00f3 a v\u00e1lasz, de az nem hagyom\u00e1nyos ker\u00edt\u00e9s, hanem sz\u00f6gesdr\u00f3tker\u00edt\u00e9s. Peng\u00e9s. Van benne \u00e1ram is, v\u00e9letlen\u00fcl se \u00e9rints\u00e9tek meg! Az pedig ott k\u00f6z\u00e9pen, vajon mi lehet? Nem, nem j\u00e1tsz\u00f3t\u00e9r, hanem k\u00ednz\u00f3t\u00e9r, kalod\u00e1val, akaszt\u00f3f\u00e1val. \u00c9s tudja k\u00f6z\u00fcletek valaki, hogy az az oszlop mire j\u00f3? Neeeem, nem m\u00e1sz\u00f3ka. Oda a hadifoglyokat kell kik\u00f6t\u00f6zni, ott lehet megkorb\u00e1csolni \u0151ket, vagy m\u00ednusz h\u00fasz fokos hidegben slaggal locsolni a meztelen test\u00fcket. Majd vet\u00edt\u00fcnk nektek ilyen filmeket, csak hogy l\u00e1ss\u00e1tok, hogyan zajlik a korb\u00e1csol\u00e1s, vagy hogy mi a kaloda helyes haszn\u00e1lata. De mi most els\u0151sorban az\u00e9rt vagyunk itt, \u00e9s ezt fogjuk nektek \u00e9vek alatt megtan\u00edtani, hogy mik\u00e9nt kell b\u00e1nni a hadifoglyokkal. Ez az\u00e9rt is fontos, mert ha ti rendesek vagytok, akkor egy esetleges hadifogs\u00e1g eset\u00e9n ezt ti is joggal v\u00e1rhatj\u00e1tok el fogvatart\u00f3itokt\u00f3l.<\/p>\n\n\n\n<p>Lesznek t\u00fal\u00e9l\u00e9si gyakorlatok is, \u00e9s tartunk f\u00e1jdalomcsillap\u00edt\u00e1s \u00f3r\u00e1t, ahol a l\u0151tt \u00e9s v\u00e1gott sebek kezel\u00e9s\u00e9vel ismertet\u00fcnk meg titeket, valamint a szakszer\u0171 \u00fajrat\u00e1pl\u00e1l\u00e1ssal, hiszen \u00e9heztet\u00e9s ut\u00e1n nem lehet a hadifoglyoknak habzsolni. \u00d3ri\u00e1si szerencse, hogy az iskol\u00e1nknak a l\u0151t\u00e9r mellett m\u00e1r ilyen gyakorl\u00f3t\u00e1bora is van. Ki akarja els\u0151k\u00e9nt kipr\u00f3b\u00e1lni a kalod\u00e1t vagy a korb\u00e1csot?<\/p>\n\n\n\n<p>Mivel tant\u00e1rgyunk, a \u201eHum\u00e1nus b\u00e1n\u00e1sm\u00f3d a hadifoglyokkal\u201d terepgyakorlat\u00e1n egyetlen gyerek sem merte megkorb\u00e1csoltatni mag\u00e1t, ez\u00e9rt Vecs\u00e9sin\u00e9 demonstr\u00e1lta mindezt. V\u00e9resre verte Csap\u00e1s Dezs\u0151t, \u00e1ramot vezetett a test\u00e9be, kalod\u00e1ba z\u00e1rta, v\u00e9g\u00fcl az \u00e1jult tan\u00e1rkoll\u00e9g\u00e1t fellocsolta, sebeit bek\u00f6t\u00f6zte, majd megetette. \u00c9s ez a l\u00e9nyeg. Az embers\u00e9g, a korszer\u0171 oktat\u00e1s.<\/p>\n\n\n\n<p>Megjelent a szerz\u0151 <em>A r\u00fadt\u00e1ncosn\u0151 fegyvere<\/em> c\u00edm\u0171 k\u00f6tet\u00e9ben. Kaphat\u00f3 terjeszt\u0151inkn\u00e9l \u00e9s szerkeszt\u0151s\u00e9g\u00fcnkben!<\/p>\n<div class='watch-action'><div class='watch-position align-left'><div class='action-like'><a class='lbg-style1 like-14549 jlk' href='javascript:void(0)' data-task='like' data-post_id='14549' data-nonce='a4559c5496' rel='nofollow'><img class='wti-pixel' src='https:\/\/fedelnelkul.hu\/wp-content\/plugins\/wti-like-post\/images\/pixel.gif' title='Like' \/><span class='lc-14549 lc'>0<\/span><\/a><\/div><\/div> <div class='status-14549 status align-left'><\/div><\/div><div class='wti-clear'><\/div>","protected":false},"excerpt":{"rendered":"<p>\u2013 Gabika kihez ker\u00fclt? \u2013 Csap\u00e1s Dezs\u0151h\u00f6z, azt mondj\u00e1k, \u0151 a legjobb. \u2013 Nagy m\u00e1zli. \u00c9s Esztit ki fogja majd tan\u00edtani? \u2013 Vecs\u00e9sin\u00e9. \u2013 Neki minden a kisujj\u00e1ban van, de az\u00e9rt nem irigyellek. Brut\u00e1l egy n\u0151. T\u00fal kell \u00e9lni, nem tudtok m\u00e1st csin\u00e1lni. Esztinek m\u00e1r mondtad? A gyerekek t\u00f6bbs\u00e9ge m\u00e9g nem tudja, hogy az iskol\u00e1b\u00f3l &hellip; <a href=\"https:\/\/fedelnelkul.hu\/en\/2024\/07\/26\/korbacs-es-kaloda\/\" class=\"more-link\">Continue reading <span class=\"screen-reader-text\">Korb\u00e1cs \u00e9s kaloda<\/span><\/a><\/p>\n","protected":false},"author":9161,"featured_media":0,"comment_status":"closed","ping_status":"open","sticky":false,"template":"","format":"standard","meta":{"footnotes":""},"categories":[540,9],"tags":[],"class_list":["post-14549","post","type-post","status-publish","format-standard","hentry","category-540","category-szepproza"],"_links":{"self":[{"href":"https:\/\/fedelnelkul.hu\/en\/wp-json\/wp\/v2\/posts\/14549","targetHints":{"allow":["GET"]}}],"collection":[{"href":"https:\/\/fedelnelkul.hu\/en\/wp-json\/wp\/v2\/posts"}],"about":[{"href":"https:\/\/fedelnelkul.hu\/en\/wp-json\/wp\/v2\/types\/post"}],"author":[{"embeddable":true,"href":"https:\/\/fedelnelkul.hu\/en\/wp-json\/wp\/v2\/users\/9161"}],"replies":[{"embeddable":true,"href":"https:\/\/fedelnelkul.hu\/en\/wp-json\/wp\/v2\/comments?post=14549"}],"version-history":[{"count":2,"href":"https:\/\/fedelnelkul.hu\/en\/wp-json\/wp\/v2\/posts\/14549\/revisions"}],"predecessor-version":[{"id":14551,"href":"https:\/\/fedelnelkul.hu\/en\/wp-json\/wp\/v2\/posts\/14549\/revisions\/14551"}],"wp:attachment":[{"href":"https:\/\/fedelnelkul.hu\/en\/wp-json\/wp\/v2\/media?parent=14549"}],"wp:term":[{"taxonomy":"category","embeddable":true,"href":"https:\/\/fedelnelkul.hu\/en\/wp-json\/wp\/v2\/categories?post=14549"},{"taxonomy":"post_tag","embeddable":true,"href":"https:\/\/fedelnelkul.hu\/en\/wp-json\/wp\/v2\/tags?post=14549"}],"curies":[{"name":"wp","href":"https:\/\/api.w.org\/{rel}","templated":true}]}}