{"id":1453,"date":"2018-02-10T20:33:46","date_gmt":"2018-02-10T20:33:46","guid":{"rendered":"http:\/\/fedelnelkul.hu\/2018\/02\/10\/urim-vagytummim\/"},"modified":"2018-02-10T20:33:46","modified_gmt":"2018-02-10T20:33:46","slug":"urim-vagytummim","status":"publish","type":"post","link":"https:\/\/fedelnelkul.hu\/en\/2018\/02\/10\/urim-vagytummim\/","title":{"rendered":"Urim vagyTummim"},"content":{"rendered":"<p><font size=\"2\"><\/font><font size=\"2\"><\/p>\n<div align=\"justify\">\n<p>\n<font size=\"2\">\u00dcres kopott f\u00e9ny szob\u00e1m szeglet\u00e9ben,<br \/>\nh\u00e1l\u00f3t sz\u0151 a p\u00f3k, r\u00e9g meszelt falon,<br \/>\nk\u00e9telyem fojt, \u00e9s ok\u00e1n keserg\u00e9sem<br \/>\nnem ment fel, mi\u00e9rt n\u00e9ztem r\u00e9g vakon&#8230;<br \/>\n<\/font>\n<\/p>\n<p>\n<font size=\"2\"><br \/>\nHittem a c\u00e9l szent, f\u00f6ldh\u00f6z szegelt l\u00e9tem<br \/>\n\u00e1br\u00e1ndok \u00e1gy\u00e1n nem sokat latol,<br \/>\ngondok ezrein, magasra tett l\u00e9cen,<br \/>\nmint forr\u00f3 k\u00e9s, a vajon \u00e1thatol&#8230;<br \/>\n<\/font>\n<\/p>\n<p>\n<font size=\"2\"><br \/>\nLehet hit kev\u00e9s? Gyarl\u00f3 f\u00f6ldi ember<br \/>\n\u00e9rtelme apr\u00f3 g\u00f6r\u00f6ngy\u00f6n bukik,<br \/>\ns hol pillanat sz\u00f3l, ott minden elveszhet,<br \/>\n<\/font>\n<\/p>\n<p>\n<font size=\"2\">s ami marad, sem sz\u00e1m\u00edthat m\u00e1r&#8230; <br \/>\n\u00fagyis&#8230;<br \/>\ncsup\u00e1n az \u00f6r\u00f6k&#8230; sz\u00e9na, szalma neked.<br \/>\nV\u00e1laszt\u00e1s szabad: Urim vagy Tummim?<\/font>\n<\/p>\n<p>\n<font size=\"2\">\u00a0\u00a0\u00a0\u00a0\u00a0\u00a0\u00a0\u00a0\u00a0\u00a0\u00a0\u00a0\u00a0\u00a0\u00a0\u00a0\u00a0\u00a0\u00a0\u00a0\u00a0\u00a0\u00a0\u00a0\u00a0\u00a0\u00a0\u00a0\u00a0\u00a0\u00a0\u00a0\u00a0\u00a0\u00a0\u00a0 <br \/>\n<\/font>\n<\/p>\n<\/div>\n<p><\/font><\/p>\n<div class='watch-action'><div class='watch-position align-left'><div class='action-like'><a class='lbg-style1 like-1453 jlk' href='javascript:void(0)' data-task='like' data-post_id='1453' data-nonce='63bf5167ec' rel='nofollow'><img class='wti-pixel' src='https:\/\/fedelnelkul.hu\/wp-content\/plugins\/wti-like-post\/images\/pixel.gif' title='Like' \/><span class='lc-1453 lc'>0<\/span><\/a><\/div><\/div> <div class='status-1453 status align-left'><\/div><\/div><div class='wti-clear'><\/div>","protected":false},"excerpt":{"rendered":"<p>\u00dcres kopott f\u00e9ny szob\u00e1m szeglet\u00e9ben, h\u00e1l\u00f3t sz\u0151 a p\u00f3k, r\u00e9g meszelt falon, k\u00e9telyem fojt, \u00e9s ok\u00e1n keserg\u00e9sem nem ment fel, mi\u00e9rt n\u00e9ztem r\u00e9g vakon&#8230; Hittem a c\u00e9l szent, f\u00f6ldh\u00f6z szegelt l\u00e9tem \u00e1br\u00e1ndok \u00e1gy\u00e1n nem sokat latol, gondok ezrein, magasra tett l\u00e9cen, mint forr\u00f3 k\u00e9s, a vajon \u00e1thatol&#8230; Lehet hit kev\u00e9s? Gyarl\u00f3 f\u00f6ldi ember \u00e9rtelme apr\u00f3 &hellip; <a href=\"https:\/\/fedelnelkul.hu\/en\/2018\/02\/10\/urim-vagytummim\/\" class=\"more-link\">Continue reading <span class=\"screen-reader-text\">Urim vagyTummim<\/span><\/a><\/p>\n","protected":false},"author":23,"featured_media":0,"comment_status":"closed","ping_status":"open","sticky":false,"template":"","format":"standard","meta":{"footnotes":""},"categories":[110,253],"tags":[],"class_list":["post-1453","post","type-post","status-publish","format-standard","hentry","category-110","category-beszamolo"],"_links":{"self":[{"href":"https:\/\/fedelnelkul.hu\/en\/wp-json\/wp\/v2\/posts\/1453","targetHints":{"allow":["GET"]}}],"collection":[{"href":"https:\/\/fedelnelkul.hu\/en\/wp-json\/wp\/v2\/posts"}],"about":[{"href":"https:\/\/fedelnelkul.hu\/en\/wp-json\/wp\/v2\/types\/post"}],"author":[{"embeddable":true,"href":"https:\/\/fedelnelkul.hu\/en\/wp-json\/wp\/v2\/users\/23"}],"replies":[{"embeddable":true,"href":"https:\/\/fedelnelkul.hu\/en\/wp-json\/wp\/v2\/comments?post=1453"}],"version-history":[{"count":0,"href":"https:\/\/fedelnelkul.hu\/en\/wp-json\/wp\/v2\/posts\/1453\/revisions"}],"wp:attachment":[{"href":"https:\/\/fedelnelkul.hu\/en\/wp-json\/wp\/v2\/media?parent=1453"}],"wp:term":[{"taxonomy":"category","embeddable":true,"href":"https:\/\/fedelnelkul.hu\/en\/wp-json\/wp\/v2\/categories?post=1453"},{"taxonomy":"post_tag","embeddable":true,"href":"https:\/\/fedelnelkul.hu\/en\/wp-json\/wp\/v2\/tags?post=1453"}],"curies":[{"name":"wp","href":"https:\/\/api.w.org\/{rel}","templated":true}]}}