{"id":1422,"date":"2018-02-10T20:33:46","date_gmt":"2018-02-10T20:33:46","guid":{"rendered":"http:\/\/fedelnelkul.hu\/2018\/02\/10\/technikai-okok-miatt\/"},"modified":"2018-02-10T20:33:46","modified_gmt":"2018-02-10T20:33:46","slug":"technikai-okok-miatt","status":"publish","type":"post","link":"https:\/\/fedelnelkul.hu\/en\/2018\/02\/10\/technikai-okok-miatt\/","title":{"rendered":"Technikai okok miatt&#8230;"},"content":{"rendered":"<p><font size=\"2\"><\/p>\n<div align=\"justify\">\n<p>\n<font size=\"2\"><br \/>\nValamif\u00e9le deform\u00e1lt meggy\u0151z\u0151d\u00e9sben \u00e9ltem,<br \/>\nAmir\u0151l azt hittem, ez bizony igaz:<br \/>\nOklev\u00e9l, \u00e9retts\u00e9gi, diploma, meg Phd<br \/>\nVisszahozhatja a halottaimat,<br \/>\nBizonyosan fontos sz\u00e1mukra,<br \/>\nNoha irod\u00e1ink falaira egyed\u00fcl \u00f6nmagunk\u00e9rt sz\u00f6gelj\u00fck,<br \/>\nDe baroms\u00e1g az eg\u00e9sz.<br \/>\nLekentem magamat ragaszt\u00f3val,<br \/>\n\u00cdgy m\u00e9g a ny\u00e1ladz\u00e1st is elker\u00fclheti,<br \/>\nAki b\u00e9lyeget k\u00edv\u00e1nna nyomni r\u00e1m.<br \/>\nEzek ut\u00e1n sem fogok j\u00f6nni semmif\u00e9le v\u00e9d\u0151p\u00e1nc\u00e9llal,<br \/>\n\u00cdrok \u00e9s ennyi:<br \/>\nA BNO-k\u00f3djaimat ki lehet k\u00e9rni nyugodtan, <br \/>\nFelhatalmaztam r\u00e1 a h\u00e1ziorvosomat,<br \/>\nMert a helyzet pillanatnyilag &#8211; a lelkem<br \/>\nTechnikai okok miatt Z\u00c1RVA.<br \/>\nKegyetlen\u00fcl em\u00e9szt a sz\u00e9gyen\u00e9rzet,<br \/>\nHogy az \u00f6tletet egy\u00e1ltal\u00e1n fel mertem vetni &#8211;<br \/>\nMi lenne, ha bab\u00e9rkoszor\u00fak c\u00e9lpontj\u00e1v\u00e1 v\u00e1lna a fejem?<br \/>\nCsak h\u00e1l\u00e1t adhatok az olvas\u00f3imnak,<br \/>\nT\u0151lem ez a maximum, a tollam hegye<br \/>\nEgyszerre mozog a szememmel,<br \/>\nMagyarul a plagiz\u00e1lt verskiv\u00e1g\u00e1sokra immunis vagyok,<br \/>\nV\u00e1llat r\u00e1nd\u00edtok a ny\u00f6sz\u00f6rg\u0151s napl\u00f3r\u00e9szletekre,<br \/>\nSz\u00edvbaj, \u00f6ngyilkoss\u00e1g, depresszi\u00f3, alkoholizmus, milli\u00f3 <br \/>\nizmus,<br \/>\n\u00c9s alkalmi drogfogyaszt\u00e1s a palett\u00e1n &#8211; h\u00e1t \u00e9lvezkedjetek,<br \/>\nMert a helyzet pillanatnyilag &#8211; a lelkem<br \/>\nTechnikai okok miatt Z\u00c1RVA.<br \/>\nA testv\u00e9rem telefon\u00e1lt az el\u0151bb,<br \/>\nLehet, Nektek l\u00e9nyegtelen,<br \/>\nDe tudnotok kell, hogy alig besz\u00e9l\u00fcnk,<br \/>\n\u00c9s k\u00e9s\u0151n hallottam meg, pl\u00e1ne kider\u00fclt:<br \/>\nTegnapel\u0151tt a t\u00e9ren egym\u00e1s mellett s\u00e9t\u00e1ltunk el,<br \/>\nAzt hiszem erre joggal mondhatjuk: durva,<br \/>\nMikor ketten maradtunk egym\u00e1snak a sz\u0171kebb csal\u00e1db\u00f3l.<br \/>\nA hangsz\u00f3r\u00f3 sz\u00e9tszedi a dobh\u00e1rty\u00e1m, az agyamat, igen,<br \/>\n\u00a0a tudatomat \u00e9pp\u00fagy,<br \/>\nMert a helyzet pillanatnyilag &#8211; a lelkem<br \/>\nTechnikai okok miatt Z\u00c1RVA.<br \/>\nAz \u00e9n u.n. k\u00f6lt\u00e9szetem is n\u00f6veli a fakitermel\u00e9st,<br \/>\nOlyan felszabad\u00edt\u00f3 lenne, ha a s\u00fcllyeszt\u0151be cenz\u00far\u00e1zn\u00e1nak.<br \/>\nElmenni lap\u00e1tolni a t\u00e9lhez hallucin\u00e1lt havat,<br \/>\nKaparni a fest\u00e9kp\u00f6tty\u00f6ket a parkett\u00e1r\u00f3l a szaki ut\u00e1n,<br \/>\nHadd szedje sz\u00e9t a gumikeszty\u0171nket a h\u00edg\u00edt\u00f3,<br \/>\nElv\u00e9gre elvagyunk, am\u00edg dolgozik&#8230;<br \/>\nKi vagyok \u00e9n, kik vagyunk mi?<br \/>\nNa ne m\u00e1&#8217; \u00fajkori pr\u00f3f\u00e9t\u00e1k,<br \/>\nMes\u00e9l\u00fcnk, azt\u00e1n kussolunk,<br \/>\nHa s\u00ednbe teszik ujjainkat.<br \/>\nNos?<br \/>\nT\u00e9ged is elhagytak? Igaz\u00e1n sajn\u00e1lom.<br \/>\nSz\u00e1nd\u00e9kosan v\u00e1ltottam t\u00e9m\u00e1t, m\u00e9gis<br \/>\nUgyanazon a fonalon maradtam:<br \/>\nMiv\u00e9gre izzadunk?<br \/>\nL\u00e1tom meglep\u0151dt\u00e9l,<br \/>\nA hirtelen \u00e1ramsz\u00fcnetekn\u00e9l ez egy\u00e1ltal\u00e1n nem<br \/>\n\u00dajszer\u0171 jelens\u00e9g, <br \/>\nFigyelhetn\u00e9k r\u00e1d, ha \u00fagy tartan\u00e1 kedvem, \u00e1, hagyom,<br \/>\nMert a helyzet pillanatnyilag &#8211; a lelkem<br \/>\nTechnikai okok miatt Z\u00c1RVA.<br \/>\nSzerinted mi a fen\u00e9nek l\u00f3g a nyakamban<br \/>\nSzent Rita med\u00e1lja,<br \/>\n\u00c9s nem \u00e9n magam l\u00f3gok egy f\u00e1n?<br \/>\nTal\u00e1n az\u00e9rt, mert rem\u00e9lek,<br \/>\nTiszta r\u00f6hej, m\u00e9g \u00e9n is,<br \/>\n&#8222;Van \u00f6t %-a a t\u00fal\u00e9l\u00e9sre&#8221;- hallottam a z\u00f6ld f\u00fcgg\u00f6ny m\u00f6g\u00fcl.<br \/>\nSz\u00e9p ez a hozz\u00e1\u00e1ll\u00e1s,<br \/>\nIm\u00e1t a k\u00f3rh\u00e1zak folyos\u00f3ira!<br \/>\nParagrafusokra lenne sz\u00fcks\u00e9g, <br \/>\nEhelyett kizavarj\u00e1k a lelkigondoz\u00f3kat.<br \/>\nA saj\u00e1t szememmel l\u00e1ttam,<br \/>\nM\u00e1r k\u00e9ptelen vagyok visszatartani<br \/>\nEnnyi ki\u00e1br\u00e1nd\u00edt\u00f3 hazugs\u00e1got.<br \/>\nMintha beomlana az \u00e9g kupol\u00e1ja,<br \/>\nMagamhoz t\u00e9rtem \u00e9s a testemben<br \/>\nMinden\u00fctt kan\u00fcl\u00f6k,<br \/>\n\u00a0\u00a0\u00a0\u00a0\u00a0\u00a0\u00a0\u00a0\u00a0\u00a0 Figyelj,<br \/>\nGyenge vagyok, hogy a kezedet fogjam,<br \/>\nDe azt hiszem meggy\u0151z\u0151, ha lejegyzem:<br \/>\nEz hat \u00e9ve t\u00f6rt\u00e9nt.<br \/>\nPersze sz\u00ednleln\u00e9k a mosolyommal,<br \/>\nAmit minden m\u00e1snapra el\u0151re kellene gy\u00e1rtanom,<br \/>\nMir\u0151l sz\u00f3l ez az eg\u00e9sz?<br \/>\nSzedd \u00f6ssze a darabk\u00e1kat,<br \/>\nMag\u00e1ny, \u00f6n\u00e9rt\u00e9kel\u00e9si zavar,<br \/>\n\u00c9s akiknek mindezt k\u00f6sz\u00f6nj\u00fck-<br \/>\nAdjunk h\u00e1l\u00e1t, kb et stb.<br \/>\nTudj\u00e1tok a szabad k\u00f6lt\u00e9szet valami \u00f3ri\u00e1si,<br \/>\nMindenkinek ki kellene pr\u00f3b\u00e1lnia,<br \/>\nEz is olyasmi, k\u00e9t nyugtat\u00f3val sem maradhatok \u00fclve,<br \/>\nHiszen mennem kell hozz\u00e1d,<br \/>\nHol laksz? Mi a neved? L\u00e1ttalak m\u00e1r valahol?<br \/>\nTe J\u00f3 Isten! Sz\u00e1mra vettelek!<br \/>\n\u00a0\u00a0\u00a0\u00a0\u00a0\u00a0\u00a0\u00a0\u00a0 Elk\u00e1rhozok,<br \/>\n\u00a0\u00a0\u00a0\u00a0\u00a0\u00a0\u00a0\u00a0\u00a0\u00a0\u00a0\u00a0\u00a0\u00a0\u00a0\u00a0\u00a0\u00a0\u00a0\u00a0\u00a0\u00a0\u00a0\u00a0\u00a0 Csak<br \/>\nMert a helyzet pillanatnyilag &#8211; a lelkem<br \/>\nTechnikai okok miatt Z\u00c1RVA.<br \/>\n<\/font>\n<\/p>\n<p>\n<font size=\"2\"><br \/>\n\u00a0\u00a0\u00a0\u00a0\u00a0<\/font>\n<\/p>\n<p>\n<font size=\"2\">\u00a0\u00a0\u00a0\u00a0\u00a0\u00a0\u00a0\u00a0\u00a0\u00a0\u00a0\u00a0\u00a0\u00a0\u00a0\u00a0\u00a0\u00a0\u00a0\u00a0\u00a0\u00a0\u00a0\u00a0\u00a0\u00a0\u00a0\u00a0\u00a0\u00a0\u00a0\u00a0\u00a0\u00a0\u00a0\u00a0\u00a0\u00a0\u00a0\u00a0\u00a0\u00a0\u00a0\u00a0\u00a0\u00a0\u00a0\u00a0 (2011 m\u00e1rcius, els\u0151 d\u00edj)<\/font>\n<\/p>\n<\/div>\n<p><\/font><\/p>\n<div class='watch-action'><div class='watch-position align-left'><div class='action-like'><a class='lbg-style1 like-1422 jlk' href='javascript:void(0)' data-task='like' data-post_id='1422' data-nonce='63bf5167ec' rel='nofollow'><img class='wti-pixel' src='https:\/\/fedelnelkul.hu\/wp-content\/plugins\/wti-like-post\/images\/pixel.gif' title='Like' \/><span class='lc-1422 lc'>0<\/span><\/a><\/div><\/div> <div class='status-1422 status align-left'><\/div><\/div><div class='wti-clear'><\/div>","protected":false},"excerpt":{"rendered":"<p>Valamif\u00e9le deform\u00e1lt meggy\u0151z\u0151d\u00e9sben \u00e9ltem, Amir\u0151l azt hittem, ez bizony igaz: Oklev\u00e9l, \u00e9retts\u00e9gi, diploma, meg Phd Visszahozhatja a halottaimat, Bizonyosan fontos sz\u00e1mukra, Noha irod\u00e1ink falaira egyed\u00fcl \u00f6nmagunk\u00e9rt sz\u00f6gelj\u00fck, De baroms\u00e1g az eg\u00e9sz. Lekentem magamat ragaszt\u00f3val, \u00cdgy m\u00e9g a ny\u00e1ladz\u00e1st is elker\u00fclheti, Aki b\u00e9lyeget k\u00edv\u00e1nna nyomni r\u00e1m. Ezek ut\u00e1n sem fogok j\u00f6nni semmif\u00e9le v\u00e9d\u0151p\u00e1nc\u00e9llal, \u00cdrok \u00e9s ennyi: &hellip; <a href=\"https:\/\/fedelnelkul.hu\/en\/2018\/02\/10\/technikai-okok-miatt\/\" class=\"more-link\">Continue reading <span class=\"screen-reader-text\">Technikai okok miatt&#8230;<\/span><\/a><\/p>\n","protected":false},"author":352,"featured_media":0,"comment_status":"closed","ping_status":"open","sticky":false,"template":"","format":"standard","meta":{"footnotes":""},"categories":[107,10],"tags":[],"class_list":["post-1422","post","type-post","status-publish","format-standard","hentry","category-107","category-vers"],"_links":{"self":[{"href":"https:\/\/fedelnelkul.hu\/en\/wp-json\/wp\/v2\/posts\/1422","targetHints":{"allow":["GET"]}}],"collection":[{"href":"https:\/\/fedelnelkul.hu\/en\/wp-json\/wp\/v2\/posts"}],"about":[{"href":"https:\/\/fedelnelkul.hu\/en\/wp-json\/wp\/v2\/types\/post"}],"author":[{"embeddable":true,"href":"https:\/\/fedelnelkul.hu\/en\/wp-json\/wp\/v2\/users\/352"}],"replies":[{"embeddable":true,"href":"https:\/\/fedelnelkul.hu\/en\/wp-json\/wp\/v2\/comments?post=1422"}],"version-history":[{"count":0,"href":"https:\/\/fedelnelkul.hu\/en\/wp-json\/wp\/v2\/posts\/1422\/revisions"}],"wp:attachment":[{"href":"https:\/\/fedelnelkul.hu\/en\/wp-json\/wp\/v2\/media?parent=1422"}],"wp:term":[{"taxonomy":"category","embeddable":true,"href":"https:\/\/fedelnelkul.hu\/en\/wp-json\/wp\/v2\/categories?post=1422"},{"taxonomy":"post_tag","embeddable":true,"href":"https:\/\/fedelnelkul.hu\/en\/wp-json\/wp\/v2\/tags?post=1422"}],"curies":[{"name":"wp","href":"https:\/\/api.w.org\/{rel}","templated":true}]}}