{"id":13647,"date":"2024-07-09T15:20:53","date_gmt":"2024-07-09T13:20:53","guid":{"rendered":"https:\/\/fedelnelkul.hu\/?p=13647"},"modified":"2024-07-09T15:21:20","modified_gmt":"2024-07-09T13:21:20","slug":"almazold-pillanat","status":"publish","type":"post","link":"https:\/\/fedelnelkul.hu\/en\/2024\/07\/09\/almazold-pillanat\/","title":{"rendered":"Almaz\u00f6ld pillanat"},"content":{"rendered":"\n<pre class=\"wp-block-verse\">\u00e1t\u00f6leltem \u00e1lmomban a F\u00f6ldet\r\na felsz\u00ednre import\u00e1lom magam\r\n\u00faj bimb\u00f3kat festek almaz\u00f6ldet\r\n\u00e9s f\u00e9lig t\u00f6lt\u00f6tt ritmussal a poharam\r\neln\u00e9zem ahogy megfesz\u00fcl a j\u00f3\r\nk\u00eds\u00e9rleti dr\u00e1ma eg\u00e9sz sz\u00ednpadom\r\naz emberi \u00e9rt\u00e9k elsz\u00f3rnival\u00f3\r\nha befogad az embers\u00e9ges vadon\r\n\u00f6sszegy\u0171jt\u00f6m mindazt ami kell\u00e9k\r\nsz\u00e1rnyam alatt ezer pillanat\r\nhogy \u00e1lmaim a vil\u00e1gra seg\u00edts\u00e9k\r\n\u00f6szt\u00f6n kell \u2013val\u00f3di pap\u00edrdarab\r\n\r\nnem b\u00fajhatsz el jeles akar\u00e1ssal\r\ncsupa harm\u00f3nia a v\u00e9gtelen\r\nl\u00e1zad\u00f3 vagy piros sz\u00edvlap\u00e1ttal\r\n\u00e9s kezedben apr\u00f3 \u00fcress\u00e9g terem\r\nb\u00fas arcodon elcsatangolt mondat\r\n\u00e9s a r\u00e9tegekben \u0151szi dallamod\r\nj\u00e1t\u00e9kszer\u00fcl lehozom a Holdat\r\nam\u00edg f\u00e9nyek al\u00e1zz\u00e1k hajnalod\r\n\r\na h\u0171v\u00f6s \u00e9jszaka belereszket\r\nahol a bor\u00fas \u00e1lom f\u00f6lmagasztal\r\nr\u00f6g\u00f6s zs\u00e1kutc\u00e1ba visz t\u00f6rt\u00e9nelmed\r\nde az \u00e1rbocod rejtjele marasztal\r<\/pre>\n<div class='watch-action'><div class='watch-position align-left'><div class='action-like'><a class='lbg-style1 like-13647 jlk' href='javascript:void(0)' data-task='like' data-post_id='13647' data-nonce='aaba13ab08' rel='nofollow'><img class='wti-pixel' src='https:\/\/fedelnelkul.hu\/wp-content\/plugins\/wti-like-post\/images\/pixel.gif' title='Like' \/><span class='lc-13647 lc'>0<\/span><\/a><\/div><\/div> <div class='status-13647 status align-left'><\/div><\/div><div class='wti-clear'><\/div>","protected":false},"excerpt":{"rendered":"<p>\u00e1t\u00f6leltem \u00e1lmomban a F\u00f6ldet a felsz\u00ednre import\u00e1lom magam \u00faj bimb\u00f3kat festek almaz\u00f6ldet \u00e9s f\u00e9lig t\u00f6lt\u00f6tt ritmussal a poharam eln\u00e9zem ahogy megfesz\u00fcl a j\u00f3 k\u00eds\u00e9rleti dr\u00e1ma eg\u00e9sz sz\u00ednpadom az emberi \u00e9rt\u00e9k elsz\u00f3rnival\u00f3 ha befogad az embers\u00e9ges vadon \u00f6sszegy\u0171jt\u00f6m mindazt ami kell\u00e9k sz\u00e1rnyam alatt ezer pillanat hogy \u00e1lmaim a vil\u00e1gra seg\u00edts\u00e9k \u00f6szt\u00f6n kell \u2013val\u00f3di pap\u00edrdarab nem b\u00fajhatsz &hellip; <a href=\"https:\/\/fedelnelkul.hu\/en\/2024\/07\/09\/almazold-pillanat\/\" class=\"more-link\">Continue reading <span class=\"screen-reader-text\">Almaz\u00f6ld pillanat<\/span><\/a><\/p>\n","protected":false},"author":9274,"featured_media":0,"comment_status":"closed","ping_status":"open","sticky":false,"template":"","format":"standard","meta":{"footnotes":""},"categories":[536,10],"tags":[],"class_list":["post-13647","post","type-post","status-publish","format-standard","hentry","category-536","category-vers"],"_links":{"self":[{"href":"https:\/\/fedelnelkul.hu\/en\/wp-json\/wp\/v2\/posts\/13647","targetHints":{"allow":["GET"]}}],"collection":[{"href":"https:\/\/fedelnelkul.hu\/en\/wp-json\/wp\/v2\/posts"}],"about":[{"href":"https:\/\/fedelnelkul.hu\/en\/wp-json\/wp\/v2\/types\/post"}],"author":[{"embeddable":true,"href":"https:\/\/fedelnelkul.hu\/en\/wp-json\/wp\/v2\/users\/9274"}],"replies":[{"embeddable":true,"href":"https:\/\/fedelnelkul.hu\/en\/wp-json\/wp\/v2\/comments?post=13647"}],"version-history":[{"count":1,"href":"https:\/\/fedelnelkul.hu\/en\/wp-json\/wp\/v2\/posts\/13647\/revisions"}],"predecessor-version":[{"id":13648,"href":"https:\/\/fedelnelkul.hu\/en\/wp-json\/wp\/v2\/posts\/13647\/revisions\/13648"}],"wp:attachment":[{"href":"https:\/\/fedelnelkul.hu\/en\/wp-json\/wp\/v2\/media?parent=13647"}],"wp:term":[{"taxonomy":"category","embeddable":true,"href":"https:\/\/fedelnelkul.hu\/en\/wp-json\/wp\/v2\/categories?post=13647"},{"taxonomy":"post_tag","embeddable":true,"href":"https:\/\/fedelnelkul.hu\/en\/wp-json\/wp\/v2\/tags?post=13647"}],"curies":[{"name":"wp","href":"https:\/\/api.w.org\/{rel}","templated":true}]}}