{"id":13406,"date":"2024-07-03T16:16:29","date_gmt":"2024-07-03T14:16:29","guid":{"rendered":"https:\/\/fedelnelkul.hu\/?p=13406"},"modified":"2025-08-11T16:19:59","modified_gmt":"2025-08-11T14:19:59","slug":"almok-foldjen-kotetbemutato","status":"publish","type":"post","link":"https:\/\/fedelnelkul.hu\/en\/2024\/07\/03\/almok-foldjen-kotetbemutato\/","title":{"rendered":"\u00c1lmok f\u00f6ldj\u00e9n &#8211; K\u00f6tetbemutat\u00f3"},"content":{"rendered":"\n<p><em>Cafe Zsiv\u00e1g\u00f3, 2023.09.24.<\/em><\/p>\n\n\n\n<p><em>Nagy \u00f6r\u00f6mmel osztjuk meg \u00d6n\u00f6kkel a h\u00edrt, hogy a P\u00e1lferi Karit\u00e1sszal egy\u00fcttm\u0171k\u00f6d\u00e9sben megjelent a Fed\u00e9l N\u00e9lk\u00fcl K\u00f6nyvek 9. darabja: Kir\u00e1ly S\u00e1ndor: \u00c1lmok f\u00f6ldj\u00e9n c\u00edm\u0171 versesk\u00f6tete.<\/em><em><\/em><\/p>\n\n\n\n<p>A k\u00f6nyvbemutat\u00f3nak szeptember 24-\u00e9n, vas\u00e1rnap d\u00e9lut\u00e1n a Caf\u00e9 Zsiv\u00e1g\u00f3 adott helysz\u00ednt. A terem zs\u00fafol\u00e1sig telt, a hangulat m\u00e9gis nagyon idilli \u00e9s csal\u00e1dias volt.<\/p>\n\n\n\n<p>A versekb\u0151l a szerz\u0151 \u00e9s Bocskor B\u00edborka, a Magashegyi Underground \u00e9nekesn\u0151je olvasott fel. Az esem\u00e9ny v\u00e9g\u00e9n S\u00e1ndor dedik\u00e1lta is a hossz\u00fa sorban \u00e1ll\u00f3 rajong\u00f3k k\u00f6nyveit.<\/p>\n\n\n\n<p>S\u00e1ndor 2017 \u00f3ta rendszeres szerz\u0151je lapunknak. A k\u00f6tetbe 20 v\u00e1logatott vers, \u00e9s a versekhez k\u00e9sz\u00fclt 15 m\u0171v\u00e9sz 20 illusztr\u00e1ci\u00f3ja ker\u00fclt be. \u201eEz a picinyke verses-k\u00e9pes gy\u0171jtem\u00e9ny, melyet a kezedben tartasz, t\u00f6bb esztend\u0151nyi szervez\u00e9s, munka, v\u00e1rakoz\u00e1s, \u00e9s legink\u00e1bb sok j\u00f3\u00e9rz\u00e9s\u0171 embert\u00e1rsam seg\u00edt\u0151k\u00e9szs\u00e9g\u00e9nek eredm\u00e9nye.\u201d \u2013 \u00edrja a szerz\u0151 el\u0151szav\u00e1ban. S\u00e1ndor els\u0151dleges c\u00e9lja, hogy t\u00e1mogassa hajl\u00e9ktalan sorst\u00e1rsait, hiszen a k\u00f6nyv kiz\u00e1r\u00f3lag lap\u00e1rusainkn\u00e1l kaphat\u00f3. K\u00f6sz\u00f6nj\u00fck mindenkinek, akinek elj\u00f6tt!<\/p>\n\n\n\n<figure class=\"wp-block-gallery has-nested-images columns-default is-cropped wp-block-gallery-1 is-layout-flex wp-block-gallery-is-layout-flex\">\n<figure class=\"wp-block-image size-large\"><img loading=\"lazy\" decoding=\"async\" width=\"1024\" height=\"683\" data-id=\"13408\" src=\"https:\/\/fedelnelkul.hu\/wp-content\/uploads\/2024\/07\/9M7A8170-1024x683.jpg\" alt=\"\" class=\"wp-image-13408\" srcset=\"https:\/\/fedelnelkul.hu\/wp-content\/uploads\/2024\/07\/9M7A8170-1024x683.jpg 1024w, https:\/\/fedelnelkul.hu\/wp-content\/uploads\/2024\/07\/9M7A8170-300x200.jpg 300w, https:\/\/fedelnelkul.hu\/wp-content\/uploads\/2024\/07\/9M7A8170-768x512.jpg 768w, https:\/\/fedelnelkul.hu\/wp-content\/uploads\/2024\/07\/9M7A8170-1536x1024.jpg 1536w, https:\/\/fedelnelkul.hu\/wp-content\/uploads\/2024\/07\/9M7A8170-2048x1365.jpg 2048w\" sizes=\"auto, (max-width: 1024px) 100vw, 1024px\" \/><\/figure>\n\n\n\n<figure class=\"wp-block-image size-large\"><img loading=\"lazy\" decoding=\"async\" width=\"1024\" height=\"683\" data-id=\"13409\" src=\"https:\/\/fedelnelkul.hu\/wp-content\/uploads\/2024\/07\/9M7A8630-1-1024x683.jpg\" alt=\"\" class=\"wp-image-13409\" srcset=\"https:\/\/fedelnelkul.hu\/wp-content\/uploads\/2024\/07\/9M7A8630-1-1024x683.jpg 1024w, https:\/\/fedelnelkul.hu\/wp-content\/uploads\/2024\/07\/9M7A8630-1-300x200.jpg 300w, https:\/\/fedelnelkul.hu\/wp-content\/uploads\/2024\/07\/9M7A8630-1-768x512.jpg 768w, https:\/\/fedelnelkul.hu\/wp-content\/uploads\/2024\/07\/9M7A8630-1-1536x1024.jpg 1536w, https:\/\/fedelnelkul.hu\/wp-content\/uploads\/2024\/07\/9M7A8630-1-2048x1365.jpg 2048w\" sizes=\"auto, (max-width: 1024px) 100vw, 1024px\" \/><figcaption>fot\u00f3k: Mer\u00e9nyi Zita (Magyar Kur\u00edr)<\/figcaption><\/figure>\n\n\n\n<figure class=\"wp-block-image size-large\"><img loading=\"lazy\" decoding=\"async\" width=\"1024\" height=\"683\" data-id=\"13411\" src=\"https:\/\/fedelnelkul.hu\/wp-content\/uploads\/2024\/07\/9M7A8402-1024x683.jpg\" alt=\"\" class=\"wp-image-13411\" srcset=\"https:\/\/fedelnelkul.hu\/wp-content\/uploads\/2024\/07\/9M7A8402-1024x683.jpg 1024w, https:\/\/fedelnelkul.hu\/wp-content\/uploads\/2024\/07\/9M7A8402-300x200.jpg 300w, https:\/\/fedelnelkul.hu\/wp-content\/uploads\/2024\/07\/9M7A8402-768x512.jpg 768w, https:\/\/fedelnelkul.hu\/wp-content\/uploads\/2024\/07\/9M7A8402-1536x1024.jpg 1536w, https:\/\/fedelnelkul.hu\/wp-content\/uploads\/2024\/07\/9M7A8402-2048x1365.jpg 2048w\" sizes=\"auto, (max-width: 1024px) 100vw, 1024px\" \/><\/figure>\n<\/figure>\n\n\n\n<p><\/p>\n<div class='watch-action'><div class='watch-position align-left'><div class='action-like'><a class='lbg-style1 like-13406 jlk' href='javascript:void(0)' data-task='like' data-post_id='13406' data-nonce='a4559c5496' rel='nofollow'><img class='wti-pixel' src='https:\/\/fedelnelkul.hu\/wp-content\/plugins\/wti-like-post\/images\/pixel.gif' title='Like' \/><span class='lc-13406 lc'>0<\/span><\/a><\/div><\/div> <div class='status-13406 status align-left'><\/div><\/div><div class='wti-clear'><\/div>","protected":false},"excerpt":{"rendered":"<p>Cafe Zsiv\u00e1g\u00f3, 2023.09.24. Nagy \u00f6r\u00f6mmel osztjuk meg \u00d6n\u00f6kkel a h\u00edrt, hogy a P\u00e1lferi Karit\u00e1sszal egy\u00fcttm\u0171k\u00f6d\u00e9sben megjelent a Fed\u00e9l N\u00e9lk\u00fcl K\u00f6nyvek 9. darabja: Kir\u00e1ly S\u00e1ndor: \u00c1lmok f\u00f6ldj\u00e9n c\u00edm\u0171 versesk\u00f6tete. A k\u00f6nyvbemutat\u00f3nak szeptember 24-\u00e9n, vas\u00e1rnap d\u00e9lut\u00e1n a Caf\u00e9 Zsiv\u00e1g\u00f3 adott helysz\u00ednt. A terem zs\u00fafol\u00e1sig telt, a hangulat m\u00e9gis nagyon idilli \u00e9s csal\u00e1dias volt. A versekb\u0151l a szerz\u0151 &hellip; <a href=\"https:\/\/fedelnelkul.hu\/en\/2024\/07\/03\/almok-foldjen-kotetbemutato\/\" class=\"more-link\">Continue reading <span class=\"screen-reader-text\">\u00c1lmok f\u00f6ldj\u00e9n &#8211; K\u00f6tetbemutat\u00f3<\/span><\/a><\/p>\n","protected":false},"author":9115,"featured_media":0,"comment_status":"closed","ping_status":"open","sticky":false,"template":"","format":"standard","meta":{"footnotes":""},"categories":[534,253,314],"tags":[],"class_list":["post-13406","post","type-post","status-publish","format-standard","hentry","category-534","category-beszamolo","category-rendezvenyeink-kotetbemutatok"],"_links":{"self":[{"href":"https:\/\/fedelnelkul.hu\/en\/wp-json\/wp\/v2\/posts\/13406","targetHints":{"allow":["GET"]}}],"collection":[{"href":"https:\/\/fedelnelkul.hu\/en\/wp-json\/wp\/v2\/posts"}],"about":[{"href":"https:\/\/fedelnelkul.hu\/en\/wp-json\/wp\/v2\/types\/post"}],"author":[{"embeddable":true,"href":"https:\/\/fedelnelkul.hu\/en\/wp-json\/wp\/v2\/users\/9115"}],"replies":[{"embeddable":true,"href":"https:\/\/fedelnelkul.hu\/en\/wp-json\/wp\/v2\/comments?post=13406"}],"version-history":[{"count":2,"href":"https:\/\/fedelnelkul.hu\/en\/wp-json\/wp\/v2\/posts\/13406\/revisions"}],"predecessor-version":[{"id":13412,"href":"https:\/\/fedelnelkul.hu\/en\/wp-json\/wp\/v2\/posts\/13406\/revisions\/13412"}],"wp:attachment":[{"href":"https:\/\/fedelnelkul.hu\/en\/wp-json\/wp\/v2\/media?parent=13406"}],"wp:term":[{"taxonomy":"category","embeddable":true,"href":"https:\/\/fedelnelkul.hu\/en\/wp-json\/wp\/v2\/categories?post=13406"},{"taxonomy":"post_tag","embeddable":true,"href":"https:\/\/fedelnelkul.hu\/en\/wp-json\/wp\/v2\/tags?post=13406"}],"curies":[{"name":"wp","href":"https:\/\/api.w.org\/{rel}","templated":true}]}}