{"id":13398,"date":"2024-07-03T16:06:23","date_gmt":"2024-07-03T14:06:23","guid":{"rendered":"https:\/\/fedelnelkul.hu\/?p=13398"},"modified":"2024-07-03T16:06:58","modified_gmt":"2024-07-03T14:06:58","slug":"egy-szocmunkas-naploja-pumpa","status":"publish","type":"post","link":"https:\/\/fedelnelkul.hu\/en\/2024\/07\/03\/egy-szocmunkas-naploja-pumpa\/","title":{"rendered":"Egy szocmunk\u00e1s napl\u00f3ja: Pumpa"},"content":{"rendered":"\n<p>Am\u00fagy t\u00f6kre \u00e9rdekelne, hogy honnan ered a \u201efelmegy a pumpa bennem\u201d kifejez\u00e9s. Persze meg is n\u00e9zhetn\u00e9m, meg azt\u00e1n val\u00f3sz\u00edn\u0171 nem fogok most \u00f6n\u00f6kt\u0151l erre v\u00e1laszt kapni, csak \u00edgy \u00edrok. Mintha besz\u00e9ln\u00e9k. \u00c9s ez j\u00f6tt. Merthogy a pumpa, na az azt\u00e1n fel tud menni. Nagyon igyekszem elker\u00fclni a konfliktusokat. Van t\u00edpus, akit felt\u00f6lt \u00e9s \u00e9ltet, \u00e9n is ismerek. Hopp, kard ki kard, adrenalin fel \u00e9s \u00e9rzi, hogy \u00e9l. Aki ny\u00edltan csin\u00e1lja, m\u00e9g valahogy tudok is reag\u00e1lni. K\u00e9rdezek mondjuk. Vagy lemerevedem \u2013 ez a rosszabb, de mit tagadjam. Az alattomos provok\u00e1ci\u00f3val nehezebben b\u00e1nok el, de sok van. Tartok t\u0151le, meglesz a rutin. De \u00e9n nem vagyok az a csakaz\u00e9rtis forma, ink\u00e1bb engedek sokszor, csak legyen m\u00e1r b\u00e9ke. (Err\u0151l persze az eny\u00e9im lehet, hogy m\u00e1st mondan\u00e1nak. Megk\u00e9rdem majd legk\u00f6zelebbre. \ud83d\ude0a)<\/p>\n\n\n\n<p>Ami biztos, hogy egyre t\u00f6bb az utcai harc, \u00e9rtem ezalatt a m\u00e1sik min\u0151s\u00edtget\u00e9s\u00e9t. Fesz\u00fclt mindenki. \u00c9s akkor \u00e9n egyre kev\u00e9sb\u00e9 \u00e1llok bele, fel\u00e1llok a buszon, el\u0151reengedem, elharapom a kibuggyan\u00f3 ezt-azt, azt\u00e1n van, hogy kiborulok. \u00c9s akkor a bar\u00e1tn\u0151im elkezdtek felpump\u00e1lni engem. Nem d\u00fchileg, hanem egoilag. Vagyis ez tal\u00e1n nem is ego, csak valami renyhe \u00f6n\u00e9rdek\u00e9rv\u00e9nyes\u00edt\u00e9s, mert panasz nincs, \u00e1ltal\u00e1ban megtal\u00e1lnak a lehet\u0151s\u00e9gek, de hogy \u00e9n nem teszek \u00e9rt\u00fck semmit, na az is ziher. Hogy h\u00e1t ok\u00e9 ez a mentalit\u00e1s, csak \u00e9n rendre r\u00e1cseszek, a m\u00e1sik meg r\u00f6h\u00f6g a mark\u00e1ba, n\u00e9ha-n\u00e9ha mondjuk bele\u00e1llhatok a dolgokba. \u00c9s ma elj\u00f6tt az id\u0151m, \u00e9reztem. A nagy t\u00e9rk\u00f6vekb\u0151l kirakott j\u00e1rda, amin \u00e1t lehet v\u00e1gni a sima \u00e9s sz\u00e9les betonj\u00e1rda \u00e9s a panel k\u00f6z\u00f6tt, egyemberes. M\u00e9g akkor is, ha tavaly \u00f3ta egy konfekci\u00f3nyit csappant az embers\u00e9gem \u2013 mondjuk \u00edgy sem az a n\u00e1dsz\u00e1l a fajt\u00e1m. De a szemben megjelen\u0151 n\u0151 karcs\u00fa, meg\u00e1llap\u00edtom, hogy tuti nem kell s\u00edr\u00e1sra g\u00f6rb\u00fclt sz\u00e1jjal nemet mondania a Daubner \u00f6sszesre, hogy azt\u00e1n k\u00e1b\u00e9 s\u00edrva megegye azt \u00e9s sebesen keresse az elsej\u00e9t az agy\u00e1ban, h\u00e1ny napig kurvulhat, most m\u00e1r mindegy, akkor ez \u00edgy esett, na elsej\u00e9t\u0151l t\u00e9nyleg szigor\u00faan. Nem, \u0151 alkatilag szerencs\u00e9s, megismerem a t\u00edpust. (Mondjuk nem tudom hol van az k\u0151be v\u00e9sve, hogy fogy\u00f3k\u00far\u00e1k csak elsej\u00e9vel kezd\u0151dhetnek, \u00e9n ebben laza is vagyok, m\u00e1sodik\u00e1n egy kudarcba fulladt elseje ut\u00e1n mindig gondolom, hogy na majd tizedike, azt\u00e1n olyan 15-\u00e9n ugrom a k\u00f6vetkez\u0151 h\u00f3napra. De mindegy is.)<\/p>\n\n\n\n<p>Teh\u00e1t a n\u0151 sem f\u00e9rne el mellettem. Meg egy hozz\u00e1 hasonl\u00f3 m\u00e1zlista mellett sem, m\u00e1r ami az alkat\u00e1t illeti. Mondom, egyemberes. Itt valakinek le kell l\u00e9pnie a s\u00e1rba, mert a lend\u00fclet mindkett\u0151nkn\u00e9l megvolt, nem r\u00f6gt\u00f6n\u00f6zt\u00fcnk divatbemutat\u00f3t, nem lett a pl\u00e1cc kifut\u00f3 a v\u00e9geken v\u00e1rakoz\u00f3 n\u00e9z\u0151vel. Elindultunk ugyanis, farkasszemet n\u00e9zve, k\u00e9t kecske egy pall\u00f3, ki nevet a v\u00e9g\u00e9n meg ilyenek. Azt\u00e1n egyszerre l\u00e9pt\u00fcnk le oldalra. Azt\u00e1n elkezdt\u00fcnk r\u00f6h\u00f6gni \u00e9s a j\u00e1rd\u00e1t szabadon hagyva cuppogtunk a s\u00e1rban v\u00e9gig.<\/p>\n\n\n\n<p>De legal\u00e1bb mindenki nevetett a v\u00e9g\u00e9n.<\/p>\n\n\n\n<p><em>Szeretettel:<\/em><\/p>\n\n\n\n<p><em>Nuszer Mirjam<\/em><\/p>\n<div class='watch-action'><div class='watch-position align-left'><div class='action-like'><a class='lbg-style1 like-13398 jlk' href='javascript:void(0)' data-task='like' data-post_id='13398' data-nonce='f48ebca404' rel='nofollow'><img class='wti-pixel' src='https:\/\/fedelnelkul.hu\/wp-content\/plugins\/wti-like-post\/images\/pixel.gif' title='Like' \/><span class='lc-13398 lc'>0<\/span><\/a><\/div><\/div> <div class='status-13398 status align-left'><\/div><\/div><div class='wti-clear'><\/div>","protected":false},"excerpt":{"rendered":"<p>Am\u00fagy t\u00f6kre \u00e9rdekelne, hogy honnan ered a \u201efelmegy a pumpa bennem\u201d kifejez\u00e9s. Persze meg is n\u00e9zhetn\u00e9m, meg azt\u00e1n val\u00f3sz\u00edn\u0171 nem fogok most \u00f6n\u00f6kt\u0151l erre v\u00e1laszt kapni, csak \u00edgy \u00edrok. Mintha besz\u00e9ln\u00e9k. \u00c9s ez j\u00f6tt. Merthogy a pumpa, na az azt\u00e1n fel tud menni. Nagyon igyekszem elker\u00fclni a konfliktusokat. Van t\u00edpus, akit felt\u00f6lt \u00e9s \u00e9ltet, \u00e9n &hellip; <a href=\"https:\/\/fedelnelkul.hu\/en\/2024\/07\/03\/egy-szocmunkas-naploja-pumpa\/\" class=\"more-link\">Continue reading <span class=\"screen-reader-text\">Egy szocmunk\u00e1s napl\u00f3ja: Pumpa<\/span><\/a><\/p>\n","protected":false},"author":9130,"featured_media":0,"comment_status":"closed","ping_status":"open","sticky":false,"template":"","format":"standard","meta":{"footnotes":""},"categories":[534,453,454],"tags":[],"class_list":["post-13398","post","type-post","status-publish","format-standard","hentry","category-534","category-blog","category-mirjam"],"_links":{"self":[{"href":"https:\/\/fedelnelkul.hu\/en\/wp-json\/wp\/v2\/posts\/13398","targetHints":{"allow":["GET"]}}],"collection":[{"href":"https:\/\/fedelnelkul.hu\/en\/wp-json\/wp\/v2\/posts"}],"about":[{"href":"https:\/\/fedelnelkul.hu\/en\/wp-json\/wp\/v2\/types\/post"}],"author":[{"embeddable":true,"href":"https:\/\/fedelnelkul.hu\/en\/wp-json\/wp\/v2\/users\/9130"}],"replies":[{"embeddable":true,"href":"https:\/\/fedelnelkul.hu\/en\/wp-json\/wp\/v2\/comments?post=13398"}],"version-history":[{"count":1,"href":"https:\/\/fedelnelkul.hu\/en\/wp-json\/wp\/v2\/posts\/13398\/revisions"}],"predecessor-version":[{"id":13399,"href":"https:\/\/fedelnelkul.hu\/en\/wp-json\/wp\/v2\/posts\/13398\/revisions\/13399"}],"wp:attachment":[{"href":"https:\/\/fedelnelkul.hu\/en\/wp-json\/wp\/v2\/media?parent=13398"}],"wp:term":[{"taxonomy":"category","embeddable":true,"href":"https:\/\/fedelnelkul.hu\/en\/wp-json\/wp\/v2\/categories?post=13398"},{"taxonomy":"post_tag","embeddable":true,"href":"https:\/\/fedelnelkul.hu\/en\/wp-json\/wp\/v2\/tags?post=13398"}],"curies":[{"name":"wp","href":"https:\/\/api.w.org\/{rel}","templated":true}]}}