{"id":13392,"date":"2024-07-03T15:56:32","date_gmt":"2024-07-03T13:56:32","guid":{"rendered":"https:\/\/fedelnelkul.hu\/?p=13392"},"modified":"2024-07-03T15:57:24","modified_gmt":"2024-07-03T13:57:24","slug":"ki-fog-iden-fazni","status":"publish","type":"post","link":"https:\/\/fedelnelkul.hu\/en\/2024\/07\/03\/ki-fog-iden-fazni\/","title":{"rendered":"Ki fog id\u00e9n f\u00e1zni?"},"content":{"rendered":"\n<pre class=\"wp-block-verse\">Ki fog id\u00e9n f\u00e1zni?\r\nKi fog lukas zsebben kotor\u00e1szni?\r\nKi fogja f\u00e9lve v\u00e1rni a tavaszt,\r\nMert az kilakoltat\u00e1st hoz, s panaszt!\r\nKi fog v\u00e9gre r\u00e1d\u00f6bbenni,\r\nMilyen kitasz\u00edtottnak lenni!\r\nNem v\u00e1dolni m\u00e1sokat,\r\nKiknek \u00e9let\u00fck fonala elszakadt!\r\nKi fog \u00e1llni az \u00e9tterem el\u0151tt,\r\n\u00c9s b\u00e1mulni a bent ev\u0151t?\r\nKi fog nagyot nyelni \u00fcres sz\u00e1jjal,\r\nVagy megel\u00e9gedni a csirke l\u00e1bbal?\r\n\r\nTe! Ti!\r\nEgyre t\u00f6bben!\r\n\r\nKi az, kinek sz\u00e1ja sz\u00f3val van teli,\r\n\u00c9s \u00e9leted tervezi?\r\nKi mag\u00e1nak milli\u00f3s emel\u00e9st ad,\r\nDe aki r\u00e1 szavazott, meg fagy!\r\nFog-e \u0151 is f\u00e1zni?\r\nCsirke l\u00e1bat r\u00e1gni?\r\nKuk\u00e1ban kotor\u00e1szni?\r\nLak\u00e1s\u00e1ban dideregni?\r\nVagy onnan is kipender\u00fclni?\r\n\r\nNem hiszem!\r\nNem j\u00e1rt \u00edgy m\u00e9g senki sem!\r\n\r\nHogy mi\u00e9rt \u00edrtam ezt a verset?\r\nHogy utc\u00e1n, s neten m\u00e9rt kereslek?\r\nHogy ne legyetek restek!\r\nB\u00e1b\u00fa forma testek!\r\nK\u00e9rdezzetek r\u00e1 a g\u0151g\u00f6sre,\r\nS ha nem j\u00f3 a v\u00e1lasz,\r\nKergess\u00e9tek el \u00f6r\u00f6kre!\r\nAz\u00e9rt v\u00e1lasztottad \u0151t,\r\nMert \u00edg\u00e9rt sz\u00e9p j\u00f6v\u0151t!\r\nDe az csak neki van,\r\nTe meg l\u00e9gy hajl\u00e9ktalan?\r\nVerj s\u00e1trat a parlament el\u0151tt,\r\nS kergesd el a sok semmittev\u0151t!\r\n<\/pre>\n<div class='watch-action'><div class='watch-position align-left'><div class='action-like'><a class='lbg-style1 like-13392 jlk' href='javascript:void(0)' data-task='like' data-post_id='13392' data-nonce='a4559c5496' rel='nofollow'><img class='wti-pixel' src='https:\/\/fedelnelkul.hu\/wp-content\/plugins\/wti-like-post\/images\/pixel.gif' title='Like' \/><span class='lc-13392 lc'>0<\/span><\/a><\/div><\/div> <div class='status-13392 status align-left'><\/div><\/div><div class='wti-clear'><\/div>","protected":false},"excerpt":{"rendered":"<p>Ki fog id\u00e9n f\u00e1zni? Ki fog lukas zsebben kotor\u00e1szni? Ki fogja f\u00e9lve v\u00e1rni a tavaszt, Mert az kilakoltat\u00e1st hoz, s panaszt! Ki fog v\u00e9gre r\u00e1d\u00f6bbenni, Milyen kitasz\u00edtottnak lenni! Nem v\u00e1dolni m\u00e1sokat, Kiknek \u00e9let\u00fck fonala elszakadt! Ki fog \u00e1llni az \u00e9tterem el\u0151tt, \u00c9s b\u00e1mulni a bent ev\u0151t? Ki fog nagyot nyelni \u00fcres sz\u00e1jjal, Vagy megel\u00e9gedni a &hellip; <a href=\"https:\/\/fedelnelkul.hu\/en\/2024\/07\/03\/ki-fog-iden-fazni\/\" class=\"more-link\">Continue reading <span class=\"screen-reader-text\">Ki fog id\u00e9n f\u00e1zni?<\/span><\/a><\/p>\n","protected":false},"author":61,"featured_media":0,"comment_status":"closed","ping_status":"open","sticky":false,"template":"","format":"standard","meta":{"footnotes":""},"categories":[534,10],"tags":[],"class_list":["post-13392","post","type-post","status-publish","format-standard","hentry","category-534","category-vers"],"_links":{"self":[{"href":"https:\/\/fedelnelkul.hu\/en\/wp-json\/wp\/v2\/posts\/13392","targetHints":{"allow":["GET"]}}],"collection":[{"href":"https:\/\/fedelnelkul.hu\/en\/wp-json\/wp\/v2\/posts"}],"about":[{"href":"https:\/\/fedelnelkul.hu\/en\/wp-json\/wp\/v2\/types\/post"}],"author":[{"embeddable":true,"href":"https:\/\/fedelnelkul.hu\/en\/wp-json\/wp\/v2\/users\/61"}],"replies":[{"embeddable":true,"href":"https:\/\/fedelnelkul.hu\/en\/wp-json\/wp\/v2\/comments?post=13392"}],"version-history":[{"count":1,"href":"https:\/\/fedelnelkul.hu\/en\/wp-json\/wp\/v2\/posts\/13392\/revisions"}],"predecessor-version":[{"id":13393,"href":"https:\/\/fedelnelkul.hu\/en\/wp-json\/wp\/v2\/posts\/13392\/revisions\/13393"}],"wp:attachment":[{"href":"https:\/\/fedelnelkul.hu\/en\/wp-json\/wp\/v2\/media?parent=13392"}],"wp:term":[{"taxonomy":"category","embeddable":true,"href":"https:\/\/fedelnelkul.hu\/en\/wp-json\/wp\/v2\/categories?post=13392"},{"taxonomy":"post_tag","embeddable":true,"href":"https:\/\/fedelnelkul.hu\/en\/wp-json\/wp\/v2\/tags?post=13392"}],"curies":[{"name":"wp","href":"https:\/\/api.w.org\/{rel}","templated":true}]}}