{"id":13390,"date":"2024-07-03T15:54:10","date_gmt":"2024-07-03T13:54:10","guid":{"rendered":"https:\/\/fedelnelkul.hu\/?p=13390"},"modified":"2024-07-03T15:54:43","modified_gmt":"2024-07-03T13:54:43","slug":"orok-es-egyeduli","status":"publish","type":"post","link":"https:\/\/fedelnelkul.hu\/en\/2024\/07\/03\/orok-es-egyeduli\/","title":{"rendered":"\u00d6r\u00f6k \u00e9s egyed\u00fcli"},"content":{"rendered":"\n<pre class=\"wp-block-verse\"><em>Pilinszky J\u00e1nos eml\u00e9ke el\u0151tt ad\u00f3zva<\/em>\r\n\r\n\u00c1tl\u00e9pve a k\u00fcsz\u00f6b\u00f6t, \u00fajra \u00fatnak eredek\r\na testem \u00e9bred\u00e9s\u00e9t v\u00e1rva \u00e9s hallgatva;\r\n\u00e9s b\u00e1r tudom, minden utam neh\u00e9z \u00e9s meredek,\r\nkib\u00e9k\u00fcl\u0151 mosolyt er\u0151ltetek az ajkamra.\r\nFeledve a m\u00falt perceit el b\u00e1rhogy is teltek,\r\n\u00e1tfestve azt, mit tegnap m\u00e9g s\u00f6t\u00e9ttel jel\u00f6ltem;\r\nakkor is, ha csak n\u00e9znek, de meg m\u00e1r nem ismernek,\r\nnem tudva, m\u00e9rt f\u00e9lnek \u00e9s menek\u00fclnek el\u0151lem.\r\n\r\nJ\u00e1rva az utak gomolyg\u00f3 vak csillagk\u00f6d\u00e9ben,\r\ns\u00edrva el b\u00e1natom a hull\u00e1moknak, a k\u00f6veknek;\r\nnem tudva m\u00e9rt szeretnek kegyetlen\u00fcl, s\u00f6t\u00e9ten,\r\nhogy mer\u00e9szen \u00e9s sz\u00edvdobogva m\u00e9rt nem k\u00f6vettek.\r\nNem is csin\u00e1lva bel\u0151lem se gondot, se \u00fcgyet,\r\nrem\u00e9lve csak meg\u0151riz az\u00e9rt majd egy-egy k\u00f6nyvt\u00e1r;\r\nkavarva fel magamban \u00fajra a jeges t\u00fczet,\r\ngondolva k\u00f6zben, hogy mindegy mi j\u00f6n, csak j\u00f6jj\u00f6n m\u00e1r.\r\n\r\nTov\u00e1bb \u00e9lve tiszt\u00e1n \u00e9s \u0151szint\u00e9n \u00e9s nyitottan,\r\nnem k\u00fcldve magam a pokolra, se a hal\u00e1lba;\r\nki magam m\u00e1r olyan sokakkal \u00e1m\u00edtottam,\r\nel\u00e1rulva \u00e9s csak megsemmis\u00fcl\u00e9st tal\u00e1lva.\r\n\u00cdrva le sz\u00e1zszor, hogy mi\u00f3ta \u00e9s hogy mennyire,\r\nmik\u00f6zben a szemekben csak tragikus h\u0151s lettem;\r\n\u00e1llva, mint akinek nem lesz soha \u00e9s senkije,\r\nhogy magam megint csak csupaszra vetk\u0151ztessem.\r\n\r\nHogy csak tov\u00e1bb hib\u00e1ztassatok \u00e9s gyal\u00e1zzatok,\r\nmint aki a vil\u00e1gon m\u00e1r semmivel sem jobb\u00edt;\r\n\u00fagy \u00e9rezve, enn\u00e9l jobban m\u00e1r nem is f\u00e1zhatok,\r\n\u00edt\u00e9lve el magam a sokadik \u00e9letfogytig.\r\nEjtve magam \u00e9s a vil\u00e1got is zavarba,\r\nhogy te is csak a gy\u00f6tr\u0151 \u00e1lmaimba temetkezz;\r\njeges t\u00fczeket \u00e9s porfelh\u0151ket kavarva\r\n\u00e9rkezve el az \u00fajabb \u00e9s v\u00e9gs\u0151 \u00fctk\u00f6zethez.\r\n\r\nM\u00edg k\u00f6nnyeimet el, sz\u00e9gyenkezve, n\u00e9m\u00e1n fojtom,\r\ntudva, ki mellettem csak a r\u00e9meim \u00e1lln\u00e1nak;\r\nnem is tudva, mi\u00e9rt keresg\u00e9lem \u0151ket folyton,\r\nmaradva sz\u00edvem alj\u00e1n embertelen \u00e1rv\u00e1nak.\r\nN\u00e9zve a vil\u00e1got m\u00e1sok romba hogyan d\u00f6ntik,\r\nnem kapaszkodva, csak a bennem rejl\u0151 er\u0151ben;\r\nm\u00edg az \u00e9lvezet fel, \u00fajra a torkomig \u00f6mlik,\r\nkeresve azt, aki lehetett volna bel\u0151lem.\r\n<\/pre>\n<div class='watch-action'><div class='watch-position align-left'><div class='action-like'><a class='lbg-style1 like-13390 jlk' href='javascript:void(0)' data-task='like' data-post_id='13390' data-nonce='a4559c5496' rel='nofollow'><img class='wti-pixel' src='https:\/\/fedelnelkul.hu\/wp-content\/plugins\/wti-like-post\/images\/pixel.gif' title='Like' \/><span class='lc-13390 lc'>0<\/span><\/a><\/div><\/div> <div class='status-13390 status align-left'><\/div><\/div><div class='wti-clear'><\/div>","protected":false},"excerpt":{"rendered":"<p>Pilinszky J\u00e1nos eml\u00e9ke el\u0151tt ad\u00f3zva \u00c1tl\u00e9pve a k\u00fcsz\u00f6b\u00f6t, \u00fajra \u00fatnak eredek a testem \u00e9bred\u00e9s\u00e9t v\u00e1rva \u00e9s hallgatva; \u00e9s b\u00e1r tudom, minden utam neh\u00e9z \u00e9s meredek, kib\u00e9k\u00fcl\u0151 mosolyt er\u0151ltetek az ajkamra. Feledve a m\u00falt perceit el b\u00e1rhogy is teltek, \u00e1tfestve azt, mit tegnap m\u00e9g s\u00f6t\u00e9ttel jel\u00f6ltem; akkor is, ha csak n\u00e9znek, de meg m\u00e1r nem ismernek, &hellip; <a href=\"https:\/\/fedelnelkul.hu\/en\/2024\/07\/03\/orok-es-egyeduli\/\" class=\"more-link\">Continue reading <span class=\"screen-reader-text\">\u00d6r\u00f6k \u00e9s egyed\u00fcli<\/span><\/a><\/p>\n","protected":false},"author":295,"featured_media":0,"comment_status":"closed","ping_status":"open","sticky":false,"template":"","format":"standard","meta":{"footnotes":""},"categories":[534,10],"tags":[],"class_list":["post-13390","post","type-post","status-publish","format-standard","hentry","category-534","category-vers"],"_links":{"self":[{"href":"https:\/\/fedelnelkul.hu\/en\/wp-json\/wp\/v2\/posts\/13390","targetHints":{"allow":["GET"]}}],"collection":[{"href":"https:\/\/fedelnelkul.hu\/en\/wp-json\/wp\/v2\/posts"}],"about":[{"href":"https:\/\/fedelnelkul.hu\/en\/wp-json\/wp\/v2\/types\/post"}],"author":[{"embeddable":true,"href":"https:\/\/fedelnelkul.hu\/en\/wp-json\/wp\/v2\/users\/295"}],"replies":[{"embeddable":true,"href":"https:\/\/fedelnelkul.hu\/en\/wp-json\/wp\/v2\/comments?post=13390"}],"version-history":[{"count":1,"href":"https:\/\/fedelnelkul.hu\/en\/wp-json\/wp\/v2\/posts\/13390\/revisions"}],"predecessor-version":[{"id":13391,"href":"https:\/\/fedelnelkul.hu\/en\/wp-json\/wp\/v2\/posts\/13390\/revisions\/13391"}],"wp:attachment":[{"href":"https:\/\/fedelnelkul.hu\/en\/wp-json\/wp\/v2\/media?parent=13390"}],"wp:term":[{"taxonomy":"category","embeddable":true,"href":"https:\/\/fedelnelkul.hu\/en\/wp-json\/wp\/v2\/categories?post=13390"},{"taxonomy":"post_tag","embeddable":true,"href":"https:\/\/fedelnelkul.hu\/en\/wp-json\/wp\/v2\/tags?post=13390"}],"curies":[{"name":"wp","href":"https:\/\/api.w.org\/{rel}","templated":true}]}}