{"id":1333,"date":"2018-02-10T20:33:43","date_gmt":"2018-02-10T20:33:43","guid":{"rendered":"http:\/\/fedelnelkul.hu\/2018\/02\/10\/farkasfutam\/"},"modified":"2018-02-10T20:33:43","modified_gmt":"2018-02-10T20:33:43","slug":"farkasfutam","status":"publish","type":"post","link":"https:\/\/fedelnelkul.hu\/en\/2018\/02\/10\/farkasfutam\/","title":{"rendered":"Farkasfutam"},"content":{"rendered":"<p>\n1.<\/p>\n<p>A hideg olyan s\u0171r\u0171 vastagon t\u00f6m\u00f6tt<br \/>\ns anyagszer\u0171 mint a h\u00f3 tiszta<br \/>\ns \u00e1thatolhatatlan t\u00f6m\u00e9ny mint<br \/>\naz a sz\u00f6veg az a vers ott \u00e9s akkor<br \/>\nmibe be\u00e1sta mag\u00e1t mint h\u00f3d a g\u00e1tba<br \/>\ns r\u00e9g elfeledte m\u00e1r az eg\u00e9szet pedig<br \/>\nszavai hogy sz\u00e9tolvadtak a nyelv\u00e9n&#8230;<\/p>\n<p>ak\u00e1r a h\u00f3pelyhek itt \u00e9s most miket<br \/>\narc\u00e1ba v\u00e1g a sz\u00e9l hi\u00e1ba feje f\u00f6l\u00f6tt<br \/>\na m\u00e9rf\u00f6ld magas szikla fagyott az \u00e9g&#8230;<br \/>\nFut\u00f3 farkas\u00e1rny\u00e9k vet\u00fcl, \u00fct mindenre, bed\u0171l&#8230;<\/p>\n<p>2.<\/p>\n<p>Rohan egy feh\u00e9r farkas a t\u00e9lben<br \/>\nK\u00f6rbeveszi v\u00e9gtelen fekete erd\u0151<br \/>\neget ostroml\u00f3 f\u00e1k szikl\u00e1k<br \/>\nmik telibe \u00fctik az eget<br \/>\nsz\u00e1ll a h\u00f3 a mancsa al\u00f3l rep\u00fcl<br \/>\nmint e hold odaf\u00f6nt alant a talaj<br \/>\nfa\u00e1gak halmok buck\u00e1k \u00e9s k\u00f6vek &#8211;<\/p>\n<p>benne minden a p\u00e1rj\u00e1\u00e9rt hev\u00fcl&#8230;<\/p>\n<p>3.<\/p>\n<p>Rohan vele egy\u00fctt a Hold,<br \/>\n\u00e1t a csupasz \u00e1ggubancokon &#8211;<br \/>\nkereszt\u00fcl szeli a csillagos eget&#8230;<\/p>\n<p>&#8222;H\u00f3, H\u00f3&#8230;&#8221;\u00a0 mormolja, de a<br \/>\nfarkas nem v\u00e1laszol, mancsa<br \/>\nalatt reccsen az \u00e1g, a m\u00e1r lehullott<br \/>\nh\u00f3, ropog&#8230; S\u00f3hajt a sz\u00e9l, a f\u00e1k k\u00f6z\u00f6tt<br \/>\nide-oda b\u00fava f\u00e1zik, reszket, odavan<\/p>\n<p>egy kis meleg\u00e9rt m\u00edg forr\u00f3 dzsungelr\u0151l<br \/>\n\u00e1lmodik d\u00fch\u00e9ben meg n\u00e9ha<br \/>\nhavat kavar simogat jeget lelket<br \/>\nfagyaszt embert s farkast \u00f6lel<br \/>\nd\u00e9delget r\u00e9szv\u00e9tlen hi\u00e1ba<br \/>\nnem k\u00e9rte r\u00e1 senki se ny\u00e1ron se t\u00e9len<\/p>\n<p>4.<\/p>\n<p>Rohanok, csak rohanok, hajt<br \/>\na sz\u00fcks\u00e9g, a v\u00e1gy \u00e9n rezessz\u0151r\u0171<br \/>\nnapillat\u00fa p\u00e1rom\u00e9rt a mancsom a markom<br \/>\ntele van m\u00e1ris vele \u00f3, a te dr\u00e1ga,<br \/>\nm\u00e9z\u00e9des husod benne&#8230;<\/p>\n<p>Remeg\u0151 l\u00e1bakon \u00e1llok a fagyban n\u00e9lk\u00fcled<br \/>\nf\u00e1zom de f\u00e1zom nagyon, a horpaszom<br \/>\nm\u00e1r mennyire, mennyire remeg itt \u00e9rted..<\/p>\n<div class='watch-action'><div class='watch-position align-left'><div class='action-like'><a class='lbg-style1 like-1333 jlk' href='javascript:void(0)' data-task='like' data-post_id='1333' data-nonce='333e2b5e1c' rel='nofollow'><img class='wti-pixel' src='https:\/\/fedelnelkul.hu\/wp-content\/plugins\/wti-like-post\/images\/pixel.gif' title='Like' \/><span class='lc-1333 lc'>0<\/span><\/a><\/div><\/div> <div class='status-1333 status align-left'><\/div><\/div><div class='wti-clear'><\/div>","protected":false},"excerpt":{"rendered":"<p>1. A hideg olyan s\u0171r\u0171 vastagon t\u00f6m\u00f6tt s anyagszer\u0171 mint a h\u00f3 tiszta s \u00e1thatolhatatlan t\u00f6m\u00e9ny mint az a sz\u00f6veg az a vers ott \u00e9s akkor mibe be\u00e1sta mag\u00e1t mint h\u00f3d a g\u00e1tba s r\u00e9g elfeledte m\u00e1r az eg\u00e9szet pedig szavai hogy sz\u00e9tolvadtak a nyelv\u00e9n&#8230; ak\u00e1r a h\u00f3pelyhek itt \u00e9s most miket arc\u00e1ba v\u00e1g a &hellip; <a href=\"https:\/\/fedelnelkul.hu\/en\/2018\/02\/10\/farkasfutam\/\" class=\"more-link\">Continue reading <span class=\"screen-reader-text\">Farkasfutam<\/span><\/a><\/p>\n","protected":false},"author":96,"featured_media":0,"comment_status":"closed","ping_status":"open","sticky":false,"template":"","format":"standard","meta":{"footnotes":""},"categories":[99,10],"tags":[],"class_list":["post-1333","post","type-post","status-publish","format-standard","hentry","category-99","category-vers"],"_links":{"self":[{"href":"https:\/\/fedelnelkul.hu\/en\/wp-json\/wp\/v2\/posts\/1333","targetHints":{"allow":["GET"]}}],"collection":[{"href":"https:\/\/fedelnelkul.hu\/en\/wp-json\/wp\/v2\/posts"}],"about":[{"href":"https:\/\/fedelnelkul.hu\/en\/wp-json\/wp\/v2\/types\/post"}],"author":[{"embeddable":true,"href":"https:\/\/fedelnelkul.hu\/en\/wp-json\/wp\/v2\/users\/96"}],"replies":[{"embeddable":true,"href":"https:\/\/fedelnelkul.hu\/en\/wp-json\/wp\/v2\/comments?post=1333"}],"version-history":[{"count":0,"href":"https:\/\/fedelnelkul.hu\/en\/wp-json\/wp\/v2\/posts\/1333\/revisions"}],"wp:attachment":[{"href":"https:\/\/fedelnelkul.hu\/en\/wp-json\/wp\/v2\/media?parent=1333"}],"wp:term":[{"taxonomy":"category","embeddable":true,"href":"https:\/\/fedelnelkul.hu\/en\/wp-json\/wp\/v2\/categories?post=1333"},{"taxonomy":"post_tag","embeddable":true,"href":"https:\/\/fedelnelkul.hu\/en\/wp-json\/wp\/v2\/tags?post=1333"}],"curies":[{"name":"wp","href":"https:\/\/api.w.org\/{rel}","templated":true}]}}