{"id":13154,"date":"2024-07-01T17:14:12","date_gmt":"2024-07-01T15:14:12","guid":{"rendered":"https:\/\/fedelnelkul.hu\/?p=13154"},"modified":"2024-07-01T17:15:01","modified_gmt":"2024-07-01T15:15:01","slug":"akarsz-e-lenni","status":"publish","type":"post","link":"https:\/\/fedelnelkul.hu\/en\/2024\/07\/01\/akarsz-e-lenni\/","title":{"rendered":"Akarsz-e lenni"},"content":{"rendered":"\n<pre class=\"wp-block-verse\">Akarsz e lenni a l\u00e9lek bar\u00e1tom,\r\nkihez el\u00e9rnek a ki nem mondott szavak,\r\nfestesz e mosolyt az arcomra,\r\nhogy r\u00fat k\u00e9pem m\u00e1r m\u00e1sokat ne riasszanak.\r\n\r\nAkarsz e lenni l\u00e9lek bar\u00e1tom,\r\nkinek \u00fagy n\u00e9zhetek a szem\u00e9be,\r\nahogy l\u00e1zad\u00f3 vizek rohannak,\r\n\u00e9s f\u00e9nyt t\u00fckr\u00f6znek a hajnali \u00e9gre.\r\n\r\nAkarsz e lenni l\u00e9lek bar\u00e1tom,\r\nki elj\u00e1tssza any\u00e1m j\u00f3s\u00e1g\u00e1t nekem,\r\nhogy \u00fagy \u00e9rezzem mint r\u00e9gen,\r\nmikor \u00f6l\u00e9ben pihent l\u00e1zas fejem.\r\n\r\nAkarsz e lenni l\u00e9lek bar\u00e1tom,\r\nki a sz\u00edvem csendbe csomagolja,\r\nvagy \u0151szi szelek dal\u00e1val csit\u00edtja,\r\nha a b\u00e1natt\u00f3l \u0151r\u00fclten zakatolna,\r\n\r\nAkarsz e lenni l\u00e9lek bar\u00e1tom,\r\nki a szememb\u0151l \u00e1rad\u00f3 s\u00f3s foly\u00f3nak,\r\nigaz szeretetb\u0151l \u00e1ll\u00edt g\u00e1tat,\r\n\u00e9s mosolyt rajzol k\u00f6r\u00e9, hogy ne csal\u00f3djak.\r\n\r\nMinden v\u00e1gynak csal\u00f3d\u00e1s a v\u00e9ge,\r\nt\u00f6r\u00f6tt sz\u00e1rnya a l\u00e9leknek nem gy\u00f3gyulhat,\r\nki egyed\u00fcl van, l\u00e9lek bar\u00e1tot nem tal\u00e1l,\r\ncsillaga a n\u00e9ma \u00e9gen v\u00e9gleg kihunyhat.\r\n<\/pre>\n<div class='watch-action'><div class='watch-position align-left'><div class='action-like'><a class='lbg-style1 like-13154 jlk' href='javascript:void(0)' data-task='like' data-post_id='13154' data-nonce='3fb9406b72' rel='nofollow'><img class='wti-pixel' src='https:\/\/fedelnelkul.hu\/wp-content\/plugins\/wti-like-post\/images\/pixel.gif' title='Like' \/><span class='lc-13154 lc'>0<\/span><\/a><\/div><\/div> <div class='status-13154 status align-left'><\/div><\/div><div class='wti-clear'><\/div>","protected":false},"excerpt":{"rendered":"<p>Akarsz e lenni a l\u00e9lek bar\u00e1tom, kihez el\u00e9rnek a ki nem mondott szavak, festesz e mosolyt az arcomra, hogy r\u00fat k\u00e9pem m\u00e1r m\u00e1sokat ne riasszanak. Akarsz e lenni l\u00e9lek bar\u00e1tom, kinek \u00fagy n\u00e9zhetek a szem\u00e9be, ahogy l\u00e1zad\u00f3 vizek rohannak, \u00e9s f\u00e9nyt t\u00fckr\u00f6znek a hajnali \u00e9gre. Akarsz e lenni l\u00e9lek bar\u00e1tom, ki elj\u00e1tssza any\u00e1m j\u00f3s\u00e1g\u00e1t nekem, &hellip; <a href=\"https:\/\/fedelnelkul.hu\/en\/2024\/07\/01\/akarsz-e-lenni\/\" class=\"more-link\">Continue reading <span class=\"screen-reader-text\">Akarsz-e lenni<\/span><\/a><\/p>\n","protected":false},"author":9288,"featured_media":0,"comment_status":"closed","ping_status":"open","sticky":false,"template":"","format":"standard","meta":{"footnotes":""},"categories":[529,10],"tags":[],"class_list":["post-13154","post","type-post","status-publish","format-standard","hentry","category-529","category-vers"],"_links":{"self":[{"href":"https:\/\/fedelnelkul.hu\/en\/wp-json\/wp\/v2\/posts\/13154","targetHints":{"allow":["GET"]}}],"collection":[{"href":"https:\/\/fedelnelkul.hu\/en\/wp-json\/wp\/v2\/posts"}],"about":[{"href":"https:\/\/fedelnelkul.hu\/en\/wp-json\/wp\/v2\/types\/post"}],"author":[{"embeddable":true,"href":"https:\/\/fedelnelkul.hu\/en\/wp-json\/wp\/v2\/users\/9288"}],"replies":[{"embeddable":true,"href":"https:\/\/fedelnelkul.hu\/en\/wp-json\/wp\/v2\/comments?post=13154"}],"version-history":[{"count":1,"href":"https:\/\/fedelnelkul.hu\/en\/wp-json\/wp\/v2\/posts\/13154\/revisions"}],"predecessor-version":[{"id":13155,"href":"https:\/\/fedelnelkul.hu\/en\/wp-json\/wp\/v2\/posts\/13154\/revisions\/13155"}],"wp:attachment":[{"href":"https:\/\/fedelnelkul.hu\/en\/wp-json\/wp\/v2\/media?parent=13154"}],"wp:term":[{"taxonomy":"category","embeddable":true,"href":"https:\/\/fedelnelkul.hu\/en\/wp-json\/wp\/v2\/categories?post=13154"},{"taxonomy":"post_tag","embeddable":true,"href":"https:\/\/fedelnelkul.hu\/en\/wp-json\/wp\/v2\/tags?post=13154"}],"curies":[{"name":"wp","href":"https:\/\/api.w.org\/{rel}","templated":true}]}}