{"id":1310,"date":"2018-02-10T20:33:42","date_gmt":"2018-02-10T20:33:42","guid":{"rendered":"http:\/\/fedelnelkul.hu\/2018\/02\/10\/feher-karacsony\/"},"modified":"2018-02-10T20:33:42","modified_gmt":"2018-02-10T20:33:42","slug":"feher-karacsony","status":"publish","type":"post","link":"https:\/\/fedelnelkul.hu\/en\/2018\/02\/10\/feher-karacsony\/","title":{"rendered":"Feh\u00e9r kar\u00e1csony"},"content":{"rendered":"<p>\nCsend van, szit\u00e1l a h\u00f3 \u00e9s j\u00e9gvir\u00e1gok ny\u00edlnak az \u00fcvegh\u00e1z ablak\u00e1n. \u00dcres vir\u00e1gcserepek gondolnak a vir\u00e1gillat\u00fa ny\u00e1rra \u00e9s l\u00e1bujjhegyen j\u00e1r a csend a padl\u00e1son a cserepek alatt. K\u00e9m\u00e9nyek f\u00fcstje sejteti, hogy meleg van a kisszob\u00e1ban \u00e9s b\u00e9ke. Feh\u00e9r a vil\u00e1g, vir\u00e1gillat\u00fa m\u00e9hz\u00fcmm\u00f6g\u00e9sr\u0151l \u00e1lmodik a kert a h\u00f3paplan al\u00e1 b\u00fajt \u00e1gy\u00e1sai. Z\u00fazmar\u00e1s n\u00e9mas\u00e1ggal \u00e1ll az \u00f6reg szomor\u00faf\u0171zfa a kert k\u00f6zep\u00e9n. Vadliba csapatok hoznak h\u00edreket idegen t\u00e1jakr\u00f3l \u00e9s keresik a kiutat a h\u00f3pehely erd\u0151b\u0151l.<br \/>\nA h\u00f3 terh\u00e9t\u0151l ny\u00f6gve \u00e1llnak \u0151rt a feny\u0151k, m\u00f3kusok kandik\u00e1lnak ki a gyant\u00e1s odvaikb\u00f3l. Di\u00f3t keres\u0151 varjak ki\u00e1ltoznak, harangsz\u00f3 sz\u00f3r b\u00e9k\u00e9s csill\u00e1mokat a temet\u0151 \u00f6reg s\u00edrjaira. Feny\u0151rig\u00f3k vonulnak, verebek zsinatolnak a vadr\u00f3zsabokor alatt. Cink\u00e9k hint\u00e1znak a kiakasztott szalonnab\u0151r\u00f6n. Istentisztelet ut\u00e1n megtelik a templomt\u00e9r. \u00dcnnepi csend \u00fcl a v\u00e1rakoz\u00f3 arcokra. Ropog a h\u00f3 a csizm\u00e1k alatt, mindenki a nagyerdei utat k\u00e9mleli.<br \/>\nA f\u00e1k erdej\u00e9b\u0151l most elindul egy sz\u00e1n, a bakon a december \u00fcl. Szit\u00e1l a h\u00f3, rep\u00fcl az aj\u00e1nd\u00e9kokkal megrakott sz\u00e1n. A lovak nyak\u00e1ban csilingelnek a kiscseng\u0151k. December mosolyog a t\u00e9li erd\u0151re,\u00a0 a term\u00e9szet feh\u00e9r templom\u00e1ra.<br \/>\nKi\u00e9rve az erd\u0151b\u0151l m\u00e1r l\u00e1tszik a falu \u00e9s a templomtorony. A lovak ismerik az utat. A templomban orgona sz\u00f3l \u00e9s meg\u00e9rkezik a sz\u00e1n. December el\u00e9l\u00e9p a sz\u00e1nr\u00f3l \u00e9s meg\u00f6lel mindenkit. Elhalkul az orgona csend lesz. December leveszi a kucsm\u00e1j\u00e1t \u00e9s \u00edgy sz\u00f3l a falu n\u00e9p\u00e9hez, Magyarok, bar\u00e1taim! \u00dajra elj\u00f6tt a szent kar\u00e1csony. Fogadj\u00e1tok kell\u0151 tisztelettel \u00e9s al\u00e1zattal a legszebb \u00fcnnepet. Szeress\u00e9tek egym\u00e1st \u00e9s az \u00e9letet. A ma esti gyertyagy\u00fajt\u00e1skor feledj\u00e9tek az elm\u00falt \u00e9v megpr\u00f3b\u00e1ltat\u00e1sait. A csal\u00e1di szeretet f\u00e9nye lobogjon minden kar\u00e1csonyf\u00e1n. \u00d6lelj\u00e9tek meg majd egym\u00e1st \u00e9s gondoljatok a temet\u0151i csendre. Im\u00e1dkozzatok, hogy maradjon meg a szeretet \u00e9s a csal\u00e1di b\u00e9ke. Isten \u00e1ldd meg a magyart.<br \/>\nDecember sz\u00e9tosztja az aj\u00e1nd\u00e9kokat. Mindenki \u00f6r\u00fcl. Angyalok \u00e9rkeznek a h\u00f3pelyheken a t\u00e9r f\u00f6l\u00e9 \u00e9s\u00a0 mennyb\u0151l az angyalt d\u00fadolja a falu n\u00e9pe. December int a lovaknak \u00e9s a sz\u00e1n elindul szilveszter fel\u00e9.<br \/>\nCsillagsz\u00f3r\u00f3k f\u00e9nye \u00f6leli meg a feh\u00e9r kar\u00e1csonyt.<\/p>\n<div class='watch-action'><div class='watch-position align-left'><div class='action-like'><a class='lbg-style1 like-1310 jlk' href='javascript:void(0)' data-task='like' data-post_id='1310' data-nonce='0fc93b1003' rel='nofollow'><img class='wti-pixel' src='https:\/\/fedelnelkul.hu\/wp-content\/plugins\/wti-like-post\/images\/pixel.gif' title='Like' \/><span class='lc-1310 lc'>0<\/span><\/a><\/div><\/div> <div class='status-1310 status align-left'><\/div><\/div><div class='wti-clear'><\/div>","protected":false},"excerpt":{"rendered":"<p>Csend van, szit\u00e1l a h\u00f3 \u00e9s j\u00e9gvir\u00e1gok ny\u00edlnak az \u00fcvegh\u00e1z ablak\u00e1n. \u00dcres vir\u00e1gcserepek gondolnak a vir\u00e1gillat\u00fa ny\u00e1rra \u00e9s l\u00e1bujjhegyen j\u00e1r a csend a padl\u00e1son a cserepek alatt. K\u00e9m\u00e9nyek f\u00fcstje sejteti, hogy meleg van a kisszob\u00e1ban \u00e9s b\u00e9ke. Feh\u00e9r a vil\u00e1g, vir\u00e1gillat\u00fa m\u00e9hz\u00fcmm\u00f6g\u00e9sr\u0151l \u00e1lmodik a kert a h\u00f3paplan al\u00e1 b\u00fajt \u00e1gy\u00e1sai. Z\u00fazmar\u00e1s n\u00e9mas\u00e1ggal \u00e1ll az \u00f6reg &hellip; <a href=\"https:\/\/fedelnelkul.hu\/en\/2018\/02\/10\/feher-karacsony\/\" class=\"more-link\">Continue reading <span class=\"screen-reader-text\">Feh\u00e9r kar\u00e1csony<\/span><\/a><\/p>\n","protected":false},"author":344,"featured_media":0,"comment_status":"closed","ping_status":"open","sticky":false,"template":"","format":"standard","meta":{"footnotes":""},"categories":[97,9],"tags":[],"class_list":["post-1310","post","type-post","status-publish","format-standard","hentry","category-97","category-szepproza"],"_links":{"self":[{"href":"https:\/\/fedelnelkul.hu\/en\/wp-json\/wp\/v2\/posts\/1310","targetHints":{"allow":["GET"]}}],"collection":[{"href":"https:\/\/fedelnelkul.hu\/en\/wp-json\/wp\/v2\/posts"}],"about":[{"href":"https:\/\/fedelnelkul.hu\/en\/wp-json\/wp\/v2\/types\/post"}],"author":[{"embeddable":true,"href":"https:\/\/fedelnelkul.hu\/en\/wp-json\/wp\/v2\/users\/344"}],"replies":[{"embeddable":true,"href":"https:\/\/fedelnelkul.hu\/en\/wp-json\/wp\/v2\/comments?post=1310"}],"version-history":[{"count":0,"href":"https:\/\/fedelnelkul.hu\/en\/wp-json\/wp\/v2\/posts\/1310\/revisions"}],"wp:attachment":[{"href":"https:\/\/fedelnelkul.hu\/en\/wp-json\/wp\/v2\/media?parent=1310"}],"wp:term":[{"taxonomy":"category","embeddable":true,"href":"https:\/\/fedelnelkul.hu\/en\/wp-json\/wp\/v2\/categories?post=1310"},{"taxonomy":"post_tag","embeddable":true,"href":"https:\/\/fedelnelkul.hu\/en\/wp-json\/wp\/v2\/tags?post=1310"}],"curies":[{"name":"wp","href":"https:\/\/api.w.org\/{rel}","templated":true}]}}