{"id":12928,"date":"2024-06-11T23:37:02","date_gmt":"2024-06-11T21:37:02","guid":{"rendered":"https:\/\/fedelnelkul.hu\/?p=12928"},"modified":"2024-06-11T23:37:31","modified_gmt":"2024-06-11T21:37:31","slug":"gyali-uti-pillanatok-haiku-lanc-33-40","status":"publish","type":"post","link":"https:\/\/fedelnelkul.hu\/en\/2024\/06\/11\/gyali-uti-pillanatok-haiku-lanc-33-40\/","title":{"rendered":"Gy\u00e1li \u00fati pillanatok, Haiku l\u00e1nc 33-40."},"content":{"rendered":"\n<pre class=\"wp-block-verse\">33.\r\nA mobilomnak\r\n\u00f6n\u00e1ll\u00f3 \u00e9lete van.\r\nB\u00e9n\u00e1zok. Sokszor...\r\n\r\n34.\r\nF\u00e1radt, m\u00e9gis elk\u00eds\u00e9r\r\na szobat\u00e1rsam.\r\nBetegeskedem.\r\n\r\n35.\r\nIzgatott cs\u00f3t\u00e1ny\r\nker\u00fclgeti mobilom.\r\nKit akarsz h\u00edvni?\r\n\r\n36.\r\nCsup\u00e1n \u00e1rucikk.\r\nsaj\u00e1t k\u00f6nyvemet veszem\r\negy k\u00f6nyvesboltban.\r\n\r\n37.\r\nAzt csak \u00fagy \u00edrtam!\r\nS nem tudtam, hogy nem tudtam...\r\nNos, \u00fagy siker\u00fclt.\r\n\r\n38.\r\nSz\u00e9treped a h\u00f3lyagom!\r\nMusz\u00e1j maradnom:\r\nel\u0151ad\u00e1s van.\r\n\r\n39.\r\nMinden fejre\u00e1ll.\r\nAz \u00e1gyam is j\u00e9ghideg.\r\nM\u00e9rt csak most \u00e9rzem?\r\n40.\r\nSzabadon estem.\r\nJeges k\u00f6veken hever\r\nminden f\u00e1jdalmam.\r\n<\/pre>\n<div class='watch-action'><div class='watch-position align-left'><div class='action-like'><a class='lbg-style1 like-12928 jlk' href='javascript:void(0)' data-task='like' data-post_id='12928' data-nonce='a4559c5496' rel='nofollow'><img class='wti-pixel' src='https:\/\/fedelnelkul.hu\/wp-content\/plugins\/wti-like-post\/images\/pixel.gif' title='Like' \/><span class='lc-12928 lc'>0<\/span><\/a><\/div><\/div> <div class='status-12928 status align-left'><\/div><\/div><div class='wti-clear'><\/div>","protected":false},"excerpt":{"rendered":"<p>33. A mobilomnak \u00f6n\u00e1ll\u00f3 \u00e9lete van. B\u00e9n\u00e1zok. Sokszor&#8230; 34. F\u00e1radt, m\u00e9gis elk\u00eds\u00e9r a szobat\u00e1rsam. Betegeskedem. 35. Izgatott cs\u00f3t\u00e1ny ker\u00fclgeti mobilom. Kit akarsz h\u00edvni? 36. Csup\u00e1n \u00e1rucikk. saj\u00e1t k\u00f6nyvemet veszem egy k\u00f6nyvesboltban. 37. Azt csak \u00fagy \u00edrtam! S nem tudtam, hogy nem tudtam&#8230; Nos, \u00fagy siker\u00fclt. 38. Sz\u00e9treped a h\u00f3lyagom! Musz\u00e1j maradnom: el\u0151ad\u00e1s van. 39. Minden &hellip; <a href=\"https:\/\/fedelnelkul.hu\/en\/2024\/06\/11\/gyali-uti-pillanatok-haiku-lanc-33-40\/\" class=\"more-link\">Continue reading <span class=\"screen-reader-text\">Gy\u00e1li \u00fati pillanatok, Haiku l\u00e1nc 33-40.<\/span><\/a><\/p>\n","protected":false},"author":379,"featured_media":0,"comment_status":"closed","ping_status":"open","sticky":false,"template":"","format":"standard","meta":{"footnotes":""},"categories":[495,10],"tags":[],"class_list":["post-12928","post","type-post","status-publish","format-standard","hentry","category-495","category-vers"],"_links":{"self":[{"href":"https:\/\/fedelnelkul.hu\/en\/wp-json\/wp\/v2\/posts\/12928","targetHints":{"allow":["GET"]}}],"collection":[{"href":"https:\/\/fedelnelkul.hu\/en\/wp-json\/wp\/v2\/posts"}],"about":[{"href":"https:\/\/fedelnelkul.hu\/en\/wp-json\/wp\/v2\/types\/post"}],"author":[{"embeddable":true,"href":"https:\/\/fedelnelkul.hu\/en\/wp-json\/wp\/v2\/users\/379"}],"replies":[{"embeddable":true,"href":"https:\/\/fedelnelkul.hu\/en\/wp-json\/wp\/v2\/comments?post=12928"}],"version-history":[{"count":2,"href":"https:\/\/fedelnelkul.hu\/en\/wp-json\/wp\/v2\/posts\/12928\/revisions"}],"predecessor-version":[{"id":12933,"href":"https:\/\/fedelnelkul.hu\/en\/wp-json\/wp\/v2\/posts\/12928\/revisions\/12933"}],"wp:attachment":[{"href":"https:\/\/fedelnelkul.hu\/en\/wp-json\/wp\/v2\/media?parent=12928"}],"wp:term":[{"taxonomy":"category","embeddable":true,"href":"https:\/\/fedelnelkul.hu\/en\/wp-json\/wp\/v2\/categories?post=12928"},{"taxonomy":"post_tag","embeddable":true,"href":"https:\/\/fedelnelkul.hu\/en\/wp-json\/wp\/v2\/tags?post=12928"}],"curies":[{"name":"wp","href":"https:\/\/api.w.org\/{rel}","templated":true}]}}