{"id":1269,"date":"2018-02-10T20:33:40","date_gmt":"2018-02-10T20:33:40","guid":{"rendered":"http:\/\/fedelnelkul.hu\/2018\/02\/10\/hajduk-hanzavarosban\/"},"modified":"2018-02-10T20:33:40","modified_gmt":"2018-02-10T20:33:40","slug":"hajduk-hanzavarosban","status":"publish","type":"post","link":"https:\/\/fedelnelkul.hu\/en\/2018\/02\/10\/hajduk-hanzavarosban\/","title":{"rendered":"Hajd\u00fak Hanzav\u00e1rosban"},"content":{"rendered":"<p>\nH\u00e1rman ok\u00e1dtak, a t\u00f6bbiek horkoltak, vedeltek, cs\u00e1mcsogtak, de ez \u00edgy is volt rendj\u00e9n \u00fctk\u00f6zet ut\u00e1n. Gy\u0151ztek, elf\u00e1radtak, pihenni \u00e9s mulatni akartak. M\u00e9g olyanok is voltak, akik a fogad\u00f3ban fizettek is. N\u00e9h\u00e1nyan a szolg\u00e1l\u00f3k csecs\u00e9t szorongatt\u00e1k, Ambrus mindig is tudta, hogy extra Hungariam est vita, ez\u00e9rt nem is r\u00f6k\u00f6ny\u00f6d\u00f6tt meg k\u00fcl\u00f6n\u00f6sebben, l\u00e1tott \u0151 m\u00e1r ilyet Erd\u0151elve, majd k\u00e9s\u0151bb Maz\u00farf\u00f6ld kocsm\u00e1iban. Ami\u00f3ta a nagys\u00e1gos princeps rex lett, \u0151 is feljebb emelkedett a szam\u00e1rl\u00e9tr\u00e1n.<br \/>\nLesz\u00e1lltam \u00e9s ezzel kil\u00e9ptem a zuhog\u00f3 es\u0151be. A busz tov\u00e1bbment Tallin fel\u00e9. A hamuban s\u00fclt pog\u00e1cs\u00e1m m\u00e1r r\u00e9g elfogyott, tal\u00e1n h\u00e1rom krajc\u00e1rom, ha maradt. Farkas k\u00e1v\u00e9barna litewk\u00e1j\u00e1t szapor\u00e1n leporolv\u00e1n &#8211; miut\u00e1n fel\u00e9bredt egy kedves ny\u00edrfa alatt &#8211; visszasietett a v\u00e1rosba. A sztrelecek hull\u00e1it m\u00e9g nem takar\u00edtott\u00e1k el, de a p\u00e9nzv\u00e1lt\u00f3k m\u00e1r m\u0171k\u00f6dtek, s\u00f3s sz\u00e9l f\u00fajt a tenger fel\u0151l, a patr\u00edciush\u00e1zak ablakaiban gyerty\u00e1k pisl\u00e1koltak&#8230; R\u00e9m\u00fclten ugrottam le a tramvajr\u00f3l, amikor egy b\u00e1jos kalauzn\u0151 k\u00e9p\u00e9ben megjelent a willendorfi V\u00e9nusz. A k\u00f6d\u00f6s tengerparton lepusztult szakszervezeti \u00fcd\u00fcl\u0151k, siv\u00e1r strandok, borosty\u00e1nos f\u00f6venyek \u00e9s kifesz\u00edtett hal\u00e1szh\u00e1l\u00f3k v\u00e1ltogatt\u00e1k egym\u00e1st. Ambrus kedvtelve \u00e9s \u0151szinte \u00e1h\u00edtattal forgatta a Biblia Picta Pauperum s\u00e1rga lapjait, b\u00e1r a Vulgata veretes sorait is k\u00f6nnyed\u00e9n meg\u00e9rtette&#8230; Keletr\u0151l k\u00e9l a h\u00e1rom b\u00f6lcs, szavuk mirh\u00e1n suhan, j\u00e1szolt ig\u00e9z k\u00f6nnyes szem\u0171 sz\u0171z n\u0151, csecs\u00e9n istenfiat b\u00e1mul a l\u00e1ng s \u0151rz\u0151je barmoknak, nyugalmat s\u00fag a sz\u00edv&#8230; A filol\u00f3gia professzora \u00fajfent leteremtett, \u00edgy k\u00e9nytelen voltam v\u00e9gre el\u0151venni a leend\u0151 szakdolgozatom v\u00f6r\u00f6sbort\u00f3l foltos piszkozat\u00e1t \u00e9s ac\u00e9los l\u00e9pteimet a poros polcok \u00e9s a hist\u00f3riaillat\u00fa k\u00f6nyvek fel\u00e9 ir\u00e1ny\u00edtani&#8230; Rex Stephanus \u00e9s Iv\u00e1n c\u00e1r nem k\u00edm\u00e9lt\u00e9k hadaikat \u00e9s minden erej\u00fckkel puszt\u00edtott\u00e1k egym\u00e1s katon\u00e1it. Hossz\u00fa, v\u00e9res h\u00f3napok k\u00f6vett\u00e9k egym\u00e1st \u00c9szak rideg mez\u0151in. Farkas egykoron Cissylvania lank\u00e1s t\u00e1jain l\u00e1tta meg a napvil\u00e1got \u00e9s a kert f\u00e1inak gy\u00fcm\u00f6lcsei mindig esz\u00e9be jutottak, ha egy-egy pirospozsg\u00e1s balti parasztl\u00e1ny az \u00fatj\u00e1ba, net\u00e1n az \u00f6l\u00e9be ker\u00fclt&#8230; A lensz\u0151ke, az\u00farszem\u0171 l\u00e1ny a k\u00f6nyvt\u00e1r b\u00fcf\u00e9j\u00e9ben \u00fclt \u00e9s kaka\u00f3t ivott. \u00c9n s\u00f6rr\u0151l \u00e9s cs\u00f3kr\u00f3l \u00e1lmodtam.<\/p>\n<p>Cs\u00e1khy Ambrus hadnagy m\u00e9g itt a f\u00e9nyes Hansa v\u00e1ros\u00e1ban is tiszteletlen\u00fcl r\u00f6h\u00f6g\u00f6tt azon, hogy az 53 esztend\u0151s Anna regina hitvesi jogait k\u00f6vetelv\u00e9n berontott a fels\u00e9ges \u00far h\u00e1l\u00f3szob\u00e1j\u00e1ba, aki t\u00edz \u00e9vvel ifjabb er\u00e9nyeit \u00e9s nemesebb szerveit f\u00e9ltve r\u00e9m\u00fclten menek\u00fclt az ablakon \u00e1t h\u0171 kamar\u00e1sa \u00e9s szolg\u00e1i seg\u00edts\u00e9g\u00e9vel&#8230; ANNA \u00d6R\u00d6K, gondolhatta volna fels\u00e9ges n\u0151je k\u00e9sei, m\u00e9rs\u00e9kelt tehets\u00e9g\u0171 reinkarn\u00e1ci\u00f3j\u00e1r\u00f3l, S\u00e1rv\u00e1ri Nusi szubrettr\u0151l, sz\u00fcletett Sal Ann\u00e1r\u00f3l a lengyel kir\u00e1ly&#8230; A V\u00f6r\u00f6s L\u00f6v\u00e9szek eml\u00e9km\u0171v\u00e9n\u00e9l tal\u00e1lkoztunk, de ma nem a Russzkij Cs\u00e1j nev\u0171 te\u00e1z\u00f3ba, hanem templomba ment\u00fcnk. Mint k\u00e9t pr\u00edmtambura \u00fclt\u00fcnk a padok k\u00f6z\u00f6tt. Szentl\u00e9lek, a ravasz pszichodr\u00e1ma terapeuta az orrunkn\u00e1l fogva vezetett mindkett\u0151nket. Farkas fiatalkori j\u00f3 pajt\u00e1sa, Johann \u00dcberwald egy kicsiny, szorgalmas n\u00e9p\u0171 barcas\u00e1gi falub\u00f3l sz\u00e1rmazott \u00e9s k\u00e9s\u0151bb muks no viduslaikiem, azaz igazi k\u00f6z\u00e9pkori szerzetes v\u00e1lt bel\u0151le&#8230; Az id\u0151nk\u00e9nt rem\u00e9nytelen szerelemt\u0151l zsong\u00f3 l\u00e9lekkel, mint egykori kul\u00e1kivad\u00e9k sztoikus egykedv\u0171s\u00e9ggel l\u00e9ptem be a koll\u00e9giumi szob\u00e1ba, de antr\u00e9m m\u00e9rs\u00e9kelt sikert aratott; szobat\u00e1rsam m\u00e1r alaposan bevodk\u00e1zott \u00e9s szok\u00e1s\u00e1hoz h\u00edven most is azon d\u00fch\u00f6ng\u00f6tt, meglehet\u0151sen indulatosan; miszerint Jalta ut\u00e1n h\u00fasz \u00e9vvel m\u00e9g mindig nagyobb, n\u00e9pesebb, er\u0151sebb szomsz\u00e9daink vannak a napfelkelte mindennapos ir\u00e1ny\u00e1ban&#8230; A j\u00e9zust\u00e1rsas\u00e1g l\u00edceum\u00e1nak otthon\u00e1t a Feketefej\u0171ek C\u00e9h\u00e9nek egy lerobbant \u00e9p\u00fclet\u00e9ben tal\u00e1lta meg a p\u00fcsp\u00f6k, a kir\u00e1ly pedig r\u00e1b\u00f3lintott \u00e9s b\u0151kez\u0171 r\u00e1ad\u00e1sk\u00e9nt m\u00e9g a Szent-Jakab templomot is megv\u00e1s\u00e1rolta a jezsuit\u00e1knak. Csak a j\u00f3isten tudn\u00e1 megmondani, hogyan kvadr\u00e1l Szent P\u00e9ter az \u00e1gostai hitvall\u00e1shoz? De ez nem csak bennem mer\u00fclt fel&#8230; P\u00e9ld\u00e1nak ok\u00e1\u00e9rt a v\u00e1ros lak\u00f3i a katedr\u00e1lisban regn\u00e1l\u00f3 Sz\u0171z M\u00e1ri\u00e1t v\u00edzpr\u00f3b\u00e1nak vetett\u00e9k al\u00e1, \u00e9s mivel a szobor els\u00fcllyedt, boszork\u00e1nynak nyilv\u00e1n\u00edtott\u00e1k&#8230; \u0150szint\u00e9n sz\u00f3lva sz\u00edvemben j\u00f3 ideje b\u00fas \u00e9s unalmas interregnum honolt. Gyakorl\u00f3 futurol\u00f3gusk\u00e9nt a kolesz retr\u00f3diszk\u00f3j\u00e1ban enyh\u00e9n m\u00f3dosult tudattal egym\u00e1shoz simul\u00f3 internacion\u00e1lis szerelmesp\u00e1rt vizion\u00e1ltam lelkesen&#8230; Nemzetk\u00f6zi h\u00edrszerz\u00e9s m\u00e1r akkoriban is l\u00e9tezett, \u00edgy a b\u00e9csi udvarnak &#8211; ahol egy\u00e9bir\u00e1nt k\u00e9t hossz\u00fa esztend\u0151t t\u00f6lt\u00f6tt fogs\u00e1gban &#8211; is a tudom\u00e1s\u00e1ra jutott, hogy Stephanus \u00f6ccs\u00e9t a magyar kir\u00e1lys\u00e1g tr\u00f3nj\u00e1n, a rzeczpospolita kancell\u00e1rj\u00e1t, h\u0171 rokon\u00e1t \u00e9s bar\u00e1tj\u00e1t a transsylvaniai fejedelmi sz\u00e9kben szeretn\u00e9 l\u00e1tni; megteremtend\u0151 a h\u00e1rom orsz\u00e1g sz\u00f6vets\u00e9g\u00e9t a t\u00f6r\u00f6k \u00e9s a n\u00e9met hatalmass\u00e1gok ellen\u00e9ben. Nem v\u00e9letlen\u00fcl mondogatt\u00e1k r\u00f3la: &#8222; Vagy soha ne sz\u00fcletett volna, vagy ha sz\u00fcletett, \u00f6r\u00f6kk\u00e9 \u00e9lne&#8230;&#8221; \u00a0<br \/>\nB\u00edbor f\u00e9nyben darvadt a biedermeier publikum, lelkem, a f\u00e1radt Maedchen f\u00fcr alles unottan mer\u00fclt el h\u00e1rom poh\u00e1r kr\u00edmi pezsg\u0151ben; kezem e kicsiny orsz\u00e1g kicsiny le\u00e1ny\u00e1nak kicsiny kacs\u00f3j\u00e1t kereste&#8230; Ambrus az ut\u00f3bbi hetekben egyre jobban belef\u00e1radt mindenbe. L\u00e1tott m\u00e1r n\u00e9h\u00e1ny heves liberum vet\u00f3t az orsz\u00e1ggy\u0171l\u00e9sben, l\u00e1tott m\u00e1r n\u00e9h\u00e1ny g\u00e1lyarabs\u00e1gba indul\u00f3 reform\u00e1tus lelk\u00e9szt, de itt \u00e9s most, ebben a hanzav\u00e1rosban anno Domini 1582, m\u00e1r alig v\u00e1rta a l\u00edvf\u00f6ldi exped\u00edci\u00f3 v\u00e9g\u00e9t, egy tocsog\u00f3, hars\u00e1ny good-bye drinket, hogy ut\u00e1na v\u00e9gre hazat\u00e9rhessen asszony\u00e1hoz \u00e9s le\u00e1nyaihoz, a k\u00e9k Visztula partj\u00e1ra&#8230;<br \/>\nT\u00e1vol a kik\u00f6t\u0151 m\u00f3l\u00f3it\u00f3l bokros d\u0171n\u00e9k, h\u00f3sz\u00edn sir\u00e1lyok, sz\u00fcrke felh\u0151k am\u00fagy k\u00f6z\u00e9pkoriasan idegen\u00edtett\u00e9k el a h\u00e1rom leg\u00e9nyt a pokolt\u00f3l, a mennyt\u0151l, s\u0151t m\u00e9g K\u00f6z\u00e9p-Eur\u00f3p\u00e1t\u00f3l is&#8230; <br \/>\nH\u00e1rom b\u0171ne miatt Ammon fiainak, s\u0151t n\u00e9gy miatt, nem ford\u00edtom el; mert sz\u00e9thasogatt\u00e1k Gile\u00e1d terhes asszonyait, hogy kisz\u00e9les\u00edthess\u00e9k az \u0151 hat\u00e1rokat. T\u00fczet vetek az\u00e9rt Rabba k\u0151fal\u00e1ra, \u00e9s az em\u00e9szti meg az \u0151 palot\u00e1it; harci ki\u00e1lt\u00e1ssal a h\u00e1bor\u00fa napj\u00e1n, puszt\u00edt\u00f3 viharral a sz\u00e9lv\u00e9sznek napj\u00e1n.<br \/>\nKecses Jugendstil fassade lebeg k\u00e9t szomor\u00fa nyugd\u00edjas felett, kopott, \u00e1lmos csavarg\u00f3 vizel egy \u00f6reg fa t\u00f6v\u00e9ben, savany\u00fa izzadts\u00e1gszag\u00fa a d\u00e9lut\u00e1n, egy koszos napilap apr\u00f3hirdet\u00e9sei rem\u00e9nykednek, v\u00e1gyakoznak, seftelnek, ak\u00e1r egy hal\u00f3d\u00f3 hellenisztikus polisz&#8230;<\/p>\n<div class='watch-action'><div class='watch-position align-left'><div class='action-like'><a class='lbg-style1 like-1269 jlk' href='javascript:void(0)' data-task='like' data-post_id='1269' data-nonce='3fb9406b72' rel='nofollow'><img class='wti-pixel' src='https:\/\/fedelnelkul.hu\/wp-content\/plugins\/wti-like-post\/images\/pixel.gif' title='Like' \/><span class='lc-1269 lc'>0<\/span><\/a><\/div><\/div> <div class='status-1269 status align-left'><\/div><\/div><div class='wti-clear'><\/div>","protected":false},"excerpt":{"rendered":"<p>H\u00e1rman ok\u00e1dtak, a t\u00f6bbiek horkoltak, vedeltek, cs\u00e1mcsogtak, de ez \u00edgy is volt rendj\u00e9n \u00fctk\u00f6zet ut\u00e1n. Gy\u0151ztek, elf\u00e1radtak, pihenni \u00e9s mulatni akartak. M\u00e9g olyanok is voltak, akik a fogad\u00f3ban fizettek is. N\u00e9h\u00e1nyan a szolg\u00e1l\u00f3k csecs\u00e9t szorongatt\u00e1k, Ambrus mindig is tudta, hogy extra Hungariam est vita, ez\u00e9rt nem is r\u00f6k\u00f6ny\u00f6d\u00f6tt meg k\u00fcl\u00f6n\u00f6sebben, l\u00e1tott \u0151 m\u00e1r ilyet Erd\u0151elve, &hellip; <a href=\"https:\/\/fedelnelkul.hu\/en\/2018\/02\/10\/hajduk-hanzavarosban\/\" class=\"more-link\">Continue reading <span class=\"screen-reader-text\">Hajd\u00fak Hanzav\u00e1rosban<\/span><\/a><\/p>\n","protected":false},"author":191,"featured_media":0,"comment_status":"closed","ping_status":"open","sticky":false,"template":"","format":"standard","meta":{"footnotes":""},"categories":[93,9],"tags":[],"class_list":["post-1269","post","type-post","status-publish","format-standard","hentry","category-93","category-szepproza"],"_links":{"self":[{"href":"https:\/\/fedelnelkul.hu\/en\/wp-json\/wp\/v2\/posts\/1269","targetHints":{"allow":["GET"]}}],"collection":[{"href":"https:\/\/fedelnelkul.hu\/en\/wp-json\/wp\/v2\/posts"}],"about":[{"href":"https:\/\/fedelnelkul.hu\/en\/wp-json\/wp\/v2\/types\/post"}],"author":[{"embeddable":true,"href":"https:\/\/fedelnelkul.hu\/en\/wp-json\/wp\/v2\/users\/191"}],"replies":[{"embeddable":true,"href":"https:\/\/fedelnelkul.hu\/en\/wp-json\/wp\/v2\/comments?post=1269"}],"version-history":[{"count":0,"href":"https:\/\/fedelnelkul.hu\/en\/wp-json\/wp\/v2\/posts\/1269\/revisions"}],"wp:attachment":[{"href":"https:\/\/fedelnelkul.hu\/en\/wp-json\/wp\/v2\/media?parent=1269"}],"wp:term":[{"taxonomy":"category","embeddable":true,"href":"https:\/\/fedelnelkul.hu\/en\/wp-json\/wp\/v2\/categories?post=1269"},{"taxonomy":"post_tag","embeddable":true,"href":"https:\/\/fedelnelkul.hu\/en\/wp-json\/wp\/v2\/tags?post=1269"}],"curies":[{"name":"wp","href":"https:\/\/api.w.org\/{rel}","templated":true}]}}