{"id":12187,"date":"2024-05-22T11:24:37","date_gmt":"2024-05-22T09:24:37","guid":{"rendered":"https:\/\/fedelnelkul.hu\/?p=12187"},"modified":"2024-11-13T17:56:04","modified_gmt":"2024-11-13T16:56:04","slug":"ev-alkotasa-2023","status":"publish","type":"post","link":"https:\/\/fedelnelkul.hu\/en\/2024\/05\/22\/ev-alkotasa-2023\/","title":{"rendered":"\u00c9v Alkot\u00e1sa 2023 Sajt\u00f3h\u00edr"},"content":{"rendered":"\n<p><strong>\u00c9v Alkot\u00e1sa D\u00edj\u00e1tad\u00f3 \u00e9s K\u00f6z\u00f6ns\u00e9gszavaz\u00e1s &#8211; 2023 &#8211;<\/strong> <strong><strong>Megvannak a nyertesek!<\/strong><\/strong><\/p>\n\n\n\n<p>Az <a rel=\"noreferrer noopener\" href=\"https:\/\/fb.me\/e\/5etGw1FuE\" target=\"_blank\">\u00c9v Alkot\u00e1sa D\u00edj\u00e1tad\u00f3<\/a>, mely a Fed\u00e9l N\u00e9lk\u00fcl utcalap legnagyobb \u00e9ves m\u0171v\u00e9szeti esem\u00e9nye, id\u00e9n 18. alkalommal, 2024. m\u00e1jus 25-\u00e9n, a Pincesz\u00ednh\u00e1zban ker\u00fclt megrendez\u00e9sre.<\/p>\n\n\n\n<p>A <a rel=\"noreferrer noopener\" href=\"https:\/\/www.facebook.com\/FedelNelkul\" target=\"_blank\">Fed\u00e9l N\u00e9lk\u00fcl Facebook oldal\u00e1n<\/a>&nbsp;\u00e1prilis 15. \u2013m\u00e1jus 15. k\u00f6z\u00f6tt zajl\u00f3 k\u00f6z\u00f6ns\u00e9gszavaz\u00e1s sor\u00e1n n\u00e9h\u00e1ny naponta tett\u00fcnk k\u00f6zz\u00e9 a versenyz\u0151 m\u0171veket a <a href=\"https:\/\/loupe.hu\/\" target=\"_blank\" rel=\"noreferrer noopener\">LOUPE Sz\u00ednh\u00e1zi T\u00e1rsul\u00e1s<\/a> tagjai, F\u00f6ldes Eszter, Lengyel Tam\u00e1s, Moln\u00e1r \u00c1ron, Sodr\u00f3 Eliza \u00e9s Ullmann M\u00f3nika el\u0151ad\u00e1s\u00e1ban. A nyertes m\u0171veket a Fed\u00e9l N\u00e9lk\u00fcl j\u00fanius 13-i lapsz\u00e1m\u00e1ban ismerhetik meg a lap olvas\u00f3i. A sajt\u00f3 sz\u00e1m\u00e1ra <a href=\"https:\/\/drive.google.com\/drive\/folders\/1-jDF8v9VLP9ppXVM9F06da4p4ykhJfc_?usp=drive_link\" target=\"_blank\" rel=\"noreferrer noopener\">el\u00e9rhet\u0151k itt<\/a>.<\/p>\n\n\n\n<p><\/p>\n\n\n\n<h3 class=\"wp-block-heading\"><strong>A szakmai zs\u0171ri tagjai:<\/strong><\/h3>\n\n\n\n<p>eln\u00f6k: <strong>Fekete Andr\u00e1s<\/strong> \u00edr\u00f3, szerkeszt\u0151<\/p>\n\n\n\n<p><strong><strong>Grancsa Gergely<\/strong> <\/strong>\u00edr\u00f3, szerkeszt\u0151<\/p>\n\n\n\n<p><strong>B\u00f3dis Kriszta<\/strong>&nbsp;\u00edr\u00f3<\/p>\n\n\n\n<p><strong>Garaczi L\u00e1szl\u00f3<\/strong> \u00edr\u00f3<\/p>\n\n\n\n<p><strong>N\u00e9meth G\u00e1bor<\/strong>&nbsp;\u00edr\u00f3<\/p>\n\n\n\n<p><strong>Eifert J\u00e1nos<\/strong>&nbsp;fot\u00f3m\u0171v\u00e9sz<\/p>\n\n\n\n<p><strong><strong>Gosztola Kitti<\/strong> <\/strong>k\u00e9pz\u0151m\u0171v\u00e9sz<\/p>\n\n\n\n<p><strong>Puszt Zs\u00f3fia<\/strong>&nbsp;fotogr\u00e1fus<\/p>\n\n\n\n<p><strong><strong>Tarr Annam\u00e1ria<\/strong><\/strong>&nbsp;fot\u00f3m\u0171v\u00e9sz<\/p>\n\n\n\n<p><em>\u201eA Menhely Alap\u00edtv\u00e1ny kiad\u00e1s\u00e1ban m\u0171k\u00f6d\u0151 Fed\u00e9l N\u00e9lk\u00fcl utcalap 2004-ben hirdette meg \u00e9s szervezi az\u00f3ta is m\u0171v\u00e9szeti p\u00e1ly\u00e1zat\u00e1t otthontalan \u00e9s h\u00e1tr\u00e1nyos helyzet\u0171 alkot\u00f3k sz\u00e1m\u00e1ra, a p\u00e9nzd\u00edjakat lakoss\u00e1gi adom\u00e1nyokb\u00f3l finansz\u00edrozva. Arch\u00edvumunkban m\u00e1ra 460 alkot\u00f3 12.000-n\u00e9l t\u00f6bb alkot\u00e1s\u00e1t \u0151rizz\u00fck \u00e9s publik\u00e1ljuk folyamatosan, kiad\u00f3i tev\u00e9kenys\u00e9g\u00fcnk r\u00e9v\u00e9n a Fed\u00e9l N\u00e9lk\u00fcl K\u00f6nyvek sorozat 9 k\u00f6tete jelent m\u00e1r meg.&nbsp;<\/em><\/p>\n\n\n\n<p><em>Az \u00c9v Alkot\u00e1sa D\u00edj\u00e1tad\u00f3 keret\u00e9ben minden \u00e9vben szakmai zs\u0171ri v\u00e1lasztja ki a legjobbakat az el\u0151z\u0151 \u00e9vben beadott p\u00e1lyam\u0171vek k\u00f6z\u00fcl. A d\u00edj l\u00e9trehoz\u00e1s\u00e1val a t\u00f6bbs\u00e9gi t\u00e1rsadalom \u00e9s a m\u0171v\u00e9szeti szf\u00e9ra figyelm\u00e9t az alkot\u00f3k szem\u00e9ly\u00e9re ir\u00e1ny\u00edthatjuk, m\u00e1sfel\u0151l m\u0171v\u00e9szet\u00fck seg\u00edts\u00e9g\u00e9vel az otthontalans\u00e1g, a m\u00e9lyszeg\u00e9nys\u00e9g probl\u00e9m\u00e1j\u00e1ra is.\u201d&nbsp; \u2013 nyilatkozta Bencsik Panna, a Fed\u00e9l N\u00e9lk\u00fcl m\u0171v\u00e9szeti koordin\u00e1tora, az esem\u00e9ny rendez\u0151je.<\/em><\/p>\n\n\n\n<p>A projekt a NIOK Alap\u00edtv\u00e1ny &#8211; Nonprofit.hu Stronger Roots programj\u00e1nak keret\u00e9ben val\u00f3sul meg, az Eur\u00f3pai Uni\u00f3 Polg\u00e1rok, Es\u00e9lyegyenl\u0151s\u00e9g, Jogok \u00e9s \u00c9rt\u00e9kek (CERV) programj\u00e1nak finansz\u00edroz\u00e1s\u00e1val<em>.<\/em><\/p>\n\n\n\n<figure class=\"wp-block-image size-large\"><img loading=\"lazy\" decoding=\"async\" width=\"1024\" height=\"108\" src=\"https:\/\/fedelnelkul.hu\/wp-content\/uploads\/2024\/06\/Stronger-Roots-logosor_szines-1024x108.png\" alt=\"\" class=\"wp-image-12982\" srcset=\"https:\/\/fedelnelkul.hu\/wp-content\/uploads\/2024\/06\/Stronger-Roots-logosor_szines-1024x108.png 1024w, https:\/\/fedelnelkul.hu\/wp-content\/uploads\/2024\/06\/Stronger-Roots-logosor_szines-300x32.png 300w, https:\/\/fedelnelkul.hu\/wp-content\/uploads\/2024\/06\/Stronger-Roots-logosor_szines-768x81.png 768w, https:\/\/fedelnelkul.hu\/wp-content\/uploads\/2024\/06\/Stronger-Roots-logosor_szines-1536x162.png 1536w, https:\/\/fedelnelkul.hu\/wp-content\/uploads\/2024\/06\/Stronger-Roots-logosor_szines-2048x215.png 2048w\" sizes=\"auto, (max-width: 1024px) 100vw, 1024px\" \/><\/figure>\n\n\n\n<h3 class=\"wp-block-heading\"><strong>\u00c9v Alkot\u00e1sa D\u00edjas m\u0171vek list\u00e1ja:<\/strong><\/h3>\n\n\n\n<p><strong>\u00c9v Verse 2023:<\/strong><\/p>\n\n\n\n<p><em><a href=\"https:\/\/fedelnelkul.hu\/2024\/05\/22\/gimnasztika\/\" target=\"_blank\" rel=\"noreferrer noopener\">Szam\u00f3cza: Gimnasztika<\/a><\/em><\/p>\n\n\n\n<p><strong>Irodalmi szakmai k\u00fcl\u00f6nd\u00edj:<\/strong><\/p>\n\n\n\n<p><em><a href=\"https:\/\/fedelnelkul.hu\/2024\/05\/22\/csokonai-parodia-a-kenyerhez\" target=\"_blank\" rel=\"noreferrer noopener\">\u00c1d\u00e1m Orsolya M\u00e1ria: Csokonai par\u00f3dia, A keny\u00e9rhez<\/a><\/em><\/p>\n\n\n\n<p><em><a href=\"https:\/\/fedelnelkul.hu\/2024\/05\/22\/szenvtelenseg\/\" target=\"_blank\" rel=\"noreferrer noopener\"><em>\u00c1d\u00e1m Orsolya M\u00e1ria: <\/em>Szenvtelens\u00e9g<\/a><\/em><\/p>\n\n\n\n<p><em><a href=\"https:\/\/fedelnelkul.hu\/2024\/05\/22\/tevuton\/\" target=\"_blank\" rel=\"noreferrer noopener\">KIES: T\u00e9v\u00faton<\/a><\/em><\/p>\n\n\n\n<p><strong>\u00c9v Pr\u00f3z\u00e1ja 2023:<\/strong><\/p>\n\n\n\n<p><em><a href=\"https:\/\/fedelnelkul.hu\/2024\/05\/18\/avatas\/\" target=\"_blank\" rel=\"noreferrer noopener\">Antal Boldizs\u00e1r: Avat\u00e1s<\/a><\/em><\/p>\n\n\n\n<p><\/p>\n\n\n\n<p><strong>\u00c9v K\u00e9pe 2023:&nbsp;<\/strong><\/p>\n\n\n\n<p><em>NF: \u00c1rny\u00e9k a m\u00faltb\u00f3l<\/em><\/p>\n\n\n\n<figure class=\"wp-block-image size-large\"><a href=\"https:\/\/fedelnelkul.hu\/wp-content\/uploads\/2024\/05\/szakmaifodij_nf_arnyekamultbol-scaled.jpg\" target=\"_blank\" rel=\"noreferrer noopener\"><img loading=\"lazy\" decoding=\"async\" width=\"854\" height=\"1024\" src=\"https:\/\/fedelnelkul.hu\/wp-content\/uploads\/2024\/05\/szakmaifodij_nf_arnyekamultbol-854x1024.jpg\" alt=\"\" class=\"wp-image-12191\" srcset=\"https:\/\/fedelnelkul.hu\/wp-content\/uploads\/2024\/05\/szakmaifodij_nf_arnyekamultbol-854x1024.jpg 854w, https:\/\/fedelnelkul.hu\/wp-content\/uploads\/2024\/05\/szakmaifodij_nf_arnyekamultbol-250x300.jpg 250w, https:\/\/fedelnelkul.hu\/wp-content\/uploads\/2024\/05\/szakmaifodij_nf_arnyekamultbol-768x921.jpg 768w, https:\/\/fedelnelkul.hu\/wp-content\/uploads\/2024\/05\/szakmaifodij_nf_arnyekamultbol-1281x1536.jpg 1281w, https:\/\/fedelnelkul.hu\/wp-content\/uploads\/2024\/05\/szakmaifodij_nf_arnyekamultbol-1708x2048.jpg 1708w\" sizes=\"auto, (max-width: 854px) 100vw, 854px\" \/><\/a><\/figure>\n\n\n\n<p><strong>Szakmai k\u00fcl\u00f6nd\u00edjas k\u00e9p:<\/strong><\/p>\n\n\n\n<p><em>Reno: Pipacs \u00e9s h\u00e1bor\u00fa<\/em><\/p>\n\n\n\n<figure class=\"wp-block-image size-large\"><img loading=\"lazy\" decoding=\"async\" width=\"1024\" height=\"667\" src=\"https:\/\/fedelnelkul.hu\/wp-content\/uploads\/2024\/03\/reno144_pipacseshaboru_2302-1024x667.jpg\" alt=\"\" class=\"wp-image-11600\" srcset=\"https:\/\/fedelnelkul.hu\/wp-content\/uploads\/2024\/03\/reno144_pipacseshaboru_2302-1024x667.jpg 1024w, https:\/\/fedelnelkul.hu\/wp-content\/uploads\/2024\/03\/reno144_pipacseshaboru_2302-300x195.jpg 300w, https:\/\/fedelnelkul.hu\/wp-content\/uploads\/2024\/03\/reno144_pipacseshaboru_2302-768x500.jpg 768w, https:\/\/fedelnelkul.hu\/wp-content\/uploads\/2024\/03\/reno144_pipacseshaboru_2302-1536x1000.jpg 1536w, https:\/\/fedelnelkul.hu\/wp-content\/uploads\/2024\/03\/reno144_pipacseshaboru_2302.jpg 1917w\" sizes=\"auto, (max-width: 1024px) 100vw, 1024px\" \/><\/figure>\n\n\n\n<p><em>Kov\u00e1cs B\u00e9la: C\u00edm n\u00e9lk\u00fcl<\/em><\/p>\n\n\n\n<figure class=\"wp-block-image size-large\"><img loading=\"lazy\" decoding=\"async\" width=\"720\" height=\"1024\" src=\"https:\/\/fedelnelkul.hu\/wp-content\/uploads\/2024\/05\/szakmaikulondij_kovacsbela_cn-720x1024.jpg\" alt=\"\" class=\"wp-image-12190\" srcset=\"https:\/\/fedelnelkul.hu\/wp-content\/uploads\/2024\/05\/szakmaikulondij_kovacsbela_cn-720x1024.jpg 720w, https:\/\/fedelnelkul.hu\/wp-content\/uploads\/2024\/05\/szakmaikulondij_kovacsbela_cn-211x300.jpg 211w, https:\/\/fedelnelkul.hu\/wp-content\/uploads\/2024\/05\/szakmaikulondij_kovacsbela_cn-768x1092.jpg 768w, https:\/\/fedelnelkul.hu\/wp-content\/uploads\/2024\/05\/szakmaikulondij_kovacsbela_cn-1080x1536.jpg 1080w, https:\/\/fedelnelkul.hu\/wp-content\/uploads\/2024\/05\/szakmaikulondij_kovacsbela_cn-1440x2048.jpg 1440w, https:\/\/fedelnelkul.hu\/wp-content\/uploads\/2024\/05\/szakmaikulondij_kovacsbela_cn-scaled.jpg 1800w\" sizes=\"auto, (max-width: 720px) 100vw, 720px\" \/><\/figure>\n\n\n\n<p><strong>K\u00f6z\u00f6ns\u00e9gd\u00edjasok:<\/strong><\/p>\n\n\n\n<p>Vers: <em><a href=\"https:\/\/fedelnelkul.hu\/2024\/05\/22\/azt-kene\/\" target=\"_blank\" rel=\"noreferrer noopener\">N\u00e9meth Anik\u00f3 K\u00f6dmad\u00e1r: Azt k\u00e9ne\u2026<\/a><\/em><\/p>\n\n\n\n<p>Pr\u00f3za:&nbsp;<em><a href=\"https:\/\/fedelnelkul.hu\/2024\/05\/17\/a-kis-herceg-es-a-roka\/\" target=\"_blank\" rel=\"noreferrer noopener\">( ~ odorik ~ ): A&nbsp;kis&nbsp;herceg&nbsp;\u00e9s&nbsp;a&nbsp;r\u00f3ka<\/a><\/em><\/p>\n\n\n\n<p>K\u00e9p:&nbsp;<em>Joe Taylor Zolt\u00e1n: C\u00edm n\u00e9lk\u00fcl<\/em><\/p>\n\n\n\n<figure class=\"wp-block-image size-large\"><a href=\"https:\/\/fedelnelkul.hu\/wp-content\/uploads\/2024\/03\/joetaylorzoltan_cn4_2308-scaled.jpeg\" target=\"_blank\" rel=\"noreferrer noopener\"><img loading=\"lazy\" decoding=\"async\" width=\"907\" height=\"1024\" src=\"https:\/\/fedelnelkul.hu\/wp-content\/uploads\/2024\/03\/joetaylorzoltan_cn4_2308-907x1024.jpeg\" alt=\"\" class=\"wp-image-11605\" srcset=\"https:\/\/fedelnelkul.hu\/wp-content\/uploads\/2024\/03\/joetaylorzoltan_cn4_2308-907x1024.jpeg 907w, https:\/\/fedelnelkul.hu\/wp-content\/uploads\/2024\/03\/joetaylorzoltan_cn4_2308-266x300.jpeg 266w, https:\/\/fedelnelkul.hu\/wp-content\/uploads\/2024\/03\/joetaylorzoltan_cn4_2308-768x867.jpeg 768w, https:\/\/fedelnelkul.hu\/wp-content\/uploads\/2024\/03\/joetaylorzoltan_cn4_2308-1361x1536.jpeg 1361w, https:\/\/fedelnelkul.hu\/wp-content\/uploads\/2024\/03\/joetaylorzoltan_cn4_2308-1814x2048.jpeg 1814w\" sizes=\"auto, (max-width: 907px) 100vw, 907px\" \/><\/a><\/figure>\n\n\n\n<h2 class=\"wp-block-heading\">K\u00e9pgal\u00e9ria a ki\u00e1ll\u00edt\u00e1smegnyit\u00f3r\u00f3l \u00e9s d\u00edj\u00e1tad\u00f3r\u00f3l<\/h2>\n\n\n\n<div class=\"wp-block-cover is-light\"><span aria-hidden=\"true\" class=\"wp-block-cover__background has-background-dim\"><\/span><div class=\"wp-block-cover__inner-container is-layout-flow wp-block-cover-is-layout-flow\">\n<div class=\"wp-block-group\"><div class=\"wp-block-group__inner-container is-layout-flow wp-block-group-is-layout-flow\">\n<div class=\"wp-block-columns is-layout-flex wp-container-core-columns-is-layout-1 wp-block-columns-is-layout-flex\">\n<div class=\"wp-block-column is-layout-flow wp-block-column-is-layout-flow\" style=\"flex-basis:100%\">\n<div class=\"wp-block-group\"><div class=\"wp-block-group__inner-container is-layout-flow wp-block-group-is-layout-flow\">\n<figure class=\"wp-block-gallery has-nested-images columns-default is-cropped wp-block-gallery-1 is-layout-flex wp-block-gallery-is-layout-flex\">\n<figure class=\"wp-block-image size-large is-style-default\"><img loading=\"lazy\" decoding=\"async\" width=\"2560\" height=\"1703\" src=\"https:\/\/fedelnelkul.hu\/wp-content\/uploads\/2024\/05\/Eifert-Janos-megnyitja-a-Fedel-Nelkul-kiallitast-scaled.jpg\" alt=\"\" class=\"wp-image-12337\" srcset=\"https:\/\/fedelnelkul.hu\/wp-content\/uploads\/2024\/05\/Eifert-Janos-megnyitja-a-Fedel-Nelkul-kiallitast-scaled.jpg 2560w, https:\/\/fedelnelkul.hu\/wp-content\/uploads\/2024\/05\/Eifert-Janos-megnyitja-a-Fedel-Nelkul-kiallitast-300x200.jpg 300w, https:\/\/fedelnelkul.hu\/wp-content\/uploads\/2024\/05\/Eifert-Janos-megnyitja-a-Fedel-Nelkul-kiallitast-1024x681.jpg 1024w, https:\/\/fedelnelkul.hu\/wp-content\/uploads\/2024\/05\/Eifert-Janos-megnyitja-a-Fedel-Nelkul-kiallitast-768x511.jpg 768w, https:\/\/fedelnelkul.hu\/wp-content\/uploads\/2024\/05\/Eifert-Janos-megnyitja-a-Fedel-Nelkul-kiallitast-1536x1022.jpg 1536w, https:\/\/fedelnelkul.hu\/wp-content\/uploads\/2024\/05\/Eifert-Janos-megnyitja-a-Fedel-Nelkul-kiallitast-2048x1363.jpg 2048w\" sizes=\"auto, (max-width: 2560px) 100vw, 2560px\" \/><figcaption>Eifert J\u00e1nos megnyitja a Fed\u00e9l N\u00e9lk\u00fcl ki\u00e1ll\u00edt\u00e1st<\/figcaption><\/figure>\n\n\n\n<figure class=\"wp-block-image size-large\"><img loading=\"lazy\" decoding=\"async\" width=\"2560\" height=\"1703\" src=\"https:\/\/fedelnelkul.hu\/wp-content\/uploads\/2024\/05\/SZR7207-scaled.jpg\" alt=\"\" class=\"wp-image-12340\" srcset=\"https:\/\/fedelnelkul.hu\/wp-content\/uploads\/2024\/05\/SZR7207-scaled.jpg 2560w, https:\/\/fedelnelkul.hu\/wp-content\/uploads\/2024\/05\/SZR7207-300x200.jpg 300w, https:\/\/fedelnelkul.hu\/wp-content\/uploads\/2024\/05\/SZR7207-1024x681.jpg 1024w, https:\/\/fedelnelkul.hu\/wp-content\/uploads\/2024\/05\/SZR7207-768x511.jpg 768w, https:\/\/fedelnelkul.hu\/wp-content\/uploads\/2024\/05\/SZR7207-1536x1022.jpg 1536w, https:\/\/fedelnelkul.hu\/wp-content\/uploads\/2024\/05\/SZR7207-2048x1362.jpg 2048w\" sizes=\"auto, (max-width: 2560px) 100vw, 2560px\" \/><figcaption>Ki\u00e1ll\u00edt\u00e1s megnyit\u00f3<\/figcaption><\/figure>\n\n\n\n<figure class=\"wp-block-image size-large\"><img loading=\"lazy\" decoding=\"async\" width=\"1024\" height=\"681\" src=\"https:\/\/fedelnelkul.hu\/wp-content\/uploads\/2024\/05\/a-szakmai-zsuri-es-a-szinmuveszek-1024x681.jpg\" alt=\"\" class=\"wp-image-12329\" srcset=\"https:\/\/fedelnelkul.hu\/wp-content\/uploads\/2024\/05\/a-szakmai-zsuri-es-a-szinmuveszek-1024x681.jpg 1024w, https:\/\/fedelnelkul.hu\/wp-content\/uploads\/2024\/05\/a-szakmai-zsuri-es-a-szinmuveszek-300x200.jpg 300w, https:\/\/fedelnelkul.hu\/wp-content\/uploads\/2024\/05\/a-szakmai-zsuri-es-a-szinmuveszek-768x511.jpg 768w, https:\/\/fedelnelkul.hu\/wp-content\/uploads\/2024\/05\/a-szakmai-zsuri-es-a-szinmuveszek-1536x1022.jpg 1536w, https:\/\/fedelnelkul.hu\/wp-content\/uploads\/2024\/05\/a-szakmai-zsuri-es-a-szinmuveszek-2048x1363.jpg 2048w\" sizes=\"auto, (max-width: 1024px) 100vw, 1024px\" \/><figcaption>Szakmai zs\u0171ri \u00e9s a sz\u00ednm\u0171v\u00e9szek<\/figcaption><\/figure>\n\n\n\n<figure class=\"wp-block-image size-large\"><img loading=\"lazy\" decoding=\"async\" width=\"1024\" height=\"681\" src=\"https:\/\/fedelnelkul.hu\/wp-content\/uploads\/2024\/05\/Sodro-Eliza-1024x681.jpg\" alt=\"\" class=\"wp-image-12338\" srcset=\"https:\/\/fedelnelkul.hu\/wp-content\/uploads\/2024\/05\/Sodro-Eliza-1024x681.jpg 1024w, https:\/\/fedelnelkul.hu\/wp-content\/uploads\/2024\/05\/Sodro-Eliza-300x200.jpg 300w, https:\/\/fedelnelkul.hu\/wp-content\/uploads\/2024\/05\/Sodro-Eliza-768x511.jpg 768w, https:\/\/fedelnelkul.hu\/wp-content\/uploads\/2024\/05\/Sodro-Eliza-1536x1022.jpg 1536w, https:\/\/fedelnelkul.hu\/wp-content\/uploads\/2024\/05\/Sodro-Eliza-2048x1363.jpg 2048w\" sizes=\"auto, (max-width: 1024px) 100vw, 1024px\" \/><figcaption>Sodr\u00f3 Eliza<\/figcaption><\/figure>\n\n\n\n<figure class=\"wp-block-image size-large\"><img loading=\"lazy\" decoding=\"async\" width=\"1024\" height=\"681\" src=\"https:\/\/fedelnelkul.hu\/wp-content\/uploads\/2024\/05\/Mohai-Tamas-1024x681.jpg\" alt=\"\" class=\"wp-image-12332\" srcset=\"https:\/\/fedelnelkul.hu\/wp-content\/uploads\/2024\/05\/Mohai-Tamas-1024x681.jpg 1024w, https:\/\/fedelnelkul.hu\/wp-content\/uploads\/2024\/05\/Mohai-Tamas-300x200.jpg 300w, https:\/\/fedelnelkul.hu\/wp-content\/uploads\/2024\/05\/Mohai-Tamas-768x511.jpg 768w, https:\/\/fedelnelkul.hu\/wp-content\/uploads\/2024\/05\/Mohai-Tamas-1536x1022.jpg 1536w, https:\/\/fedelnelkul.hu\/wp-content\/uploads\/2024\/05\/Mohai-Tamas-2048x1363.jpg 2048w\" sizes=\"auto, (max-width: 1024px) 100vw, 1024px\" \/><figcaption>Mohai Tam\u00e1s<\/figcaption><\/figure>\n\n\n\n<figure class=\"wp-block-image size-large\"><img loading=\"lazy\" decoding=\"async\" width=\"1024\" height=\"681\" src=\"https:\/\/fedelnelkul.hu\/wp-content\/uploads\/2024\/05\/Adam-Orsolya-Maria-1024x681.jpg\" alt=\"\" class=\"wp-image-12334\" srcset=\"https:\/\/fedelnelkul.hu\/wp-content\/uploads\/2024\/05\/Adam-Orsolya-Maria-1024x681.jpg 1024w, https:\/\/fedelnelkul.hu\/wp-content\/uploads\/2024\/05\/Adam-Orsolya-Maria-300x200.jpg 300w, https:\/\/fedelnelkul.hu\/wp-content\/uploads\/2024\/05\/Adam-Orsolya-Maria-768x511.jpg 768w\" sizes=\"auto, (max-width: 1024px) 100vw, 1024px\" \/><figcaption>\u00c1d\u00e1m Orsolya M\u00e1ria<\/figcaption><\/figure>\n\n\n\n<figure class=\"wp-block-image size-large\"><img loading=\"lazy\" decoding=\"async\" width=\"1024\" height=\"681\" src=\"https:\/\/fedelnelkul.hu\/wp-content\/uploads\/2024\/05\/Joe-Taylor-Zoltan-1024x681.jpg\" alt=\"\" class=\"wp-image-12333\" srcset=\"https:\/\/fedelnelkul.hu\/wp-content\/uploads\/2024\/05\/Joe-Taylor-Zoltan-1024x681.jpg 1024w, https:\/\/fedelnelkul.hu\/wp-content\/uploads\/2024\/05\/Joe-Taylor-Zoltan-300x200.jpg 300w, https:\/\/fedelnelkul.hu\/wp-content\/uploads\/2024\/05\/Joe-Taylor-Zoltan-768x511.jpg 768w, https:\/\/fedelnelkul.hu\/wp-content\/uploads\/2024\/05\/Joe-Taylor-Zoltan-1536x1022.jpg 1536w, https:\/\/fedelnelkul.hu\/wp-content\/uploads\/2024\/05\/Joe-Taylor-Zoltan-2048x1363.jpg 2048w\" sizes=\"auto, (max-width: 1024px) 100vw, 1024px\" \/><figcaption>Joe Taylor Zolt\u00e1n<\/figcaption><\/figure>\n\n\n\n<figure class=\"wp-block-image size-large\"><img loading=\"lazy\" decoding=\"async\" width=\"1024\" height=\"681\" src=\"https:\/\/fedelnelkul.hu\/wp-content\/uploads\/2024\/05\/KIES-1024x681.jpg\" alt=\"\" class=\"wp-image-12330\" srcset=\"https:\/\/fedelnelkul.hu\/wp-content\/uploads\/2024\/05\/KIES-1024x681.jpg 1024w, https:\/\/fedelnelkul.hu\/wp-content\/uploads\/2024\/05\/KIES-300x200.jpg 300w, https:\/\/fedelnelkul.hu\/wp-content\/uploads\/2024\/05\/KIES-768x511.jpg 768w, https:\/\/fedelnelkul.hu\/wp-content\/uploads\/2024\/05\/KIES-1536x1022.jpg 1536w, https:\/\/fedelnelkul.hu\/wp-content\/uploads\/2024\/05\/KIES-2048x1362.jpg 2048w\" sizes=\"auto, (max-width: 1024px) 100vw, 1024px\" \/><figcaption>KIES<\/figcaption><\/figure>\n\n\n\n<figure class=\"wp-block-image size-large\"><img loading=\"lazy\" decoding=\"async\" width=\"1024\" height=\"681\" src=\"https:\/\/fedelnelkul.hu\/wp-content\/uploads\/2024\/05\/NF-1024x681.jpg\" alt=\"\" class=\"wp-image-12335\" srcset=\"https:\/\/fedelnelkul.hu\/wp-content\/uploads\/2024\/05\/NF-1024x681.jpg 1024w, https:\/\/fedelnelkul.hu\/wp-content\/uploads\/2024\/05\/NF-300x200.jpg 300w, https:\/\/fedelnelkul.hu\/wp-content\/uploads\/2024\/05\/NF-768x511.jpg 768w, https:\/\/fedelnelkul.hu\/wp-content\/uploads\/2024\/05\/NF-1536x1022.jpg 1536w, https:\/\/fedelnelkul.hu\/wp-content\/uploads\/2024\/05\/NF-2048x1363.jpg 2048w\" sizes=\"auto, (max-width: 1024px) 100vw, 1024px\" \/><figcaption>NF<\/figcaption><\/figure>\n\n\n\n<figure class=\"wp-block-image size-large\"><img loading=\"lazy\" decoding=\"async\" width=\"1024\" height=\"681\" src=\"https:\/\/fedelnelkul.hu\/wp-content\/uploads\/2024\/05\/Reno-1024x681.jpg\" alt=\"\" class=\"wp-image-12331\" srcset=\"https:\/\/fedelnelkul.hu\/wp-content\/uploads\/2024\/05\/Reno-1024x681.jpg 1024w, https:\/\/fedelnelkul.hu\/wp-content\/uploads\/2024\/05\/Reno-300x200.jpg 300w, https:\/\/fedelnelkul.hu\/wp-content\/uploads\/2024\/05\/Reno-768x511.jpg 768w, https:\/\/fedelnelkul.hu\/wp-content\/uploads\/2024\/05\/Reno-1536x1022.jpg 1536w, https:\/\/fedelnelkul.hu\/wp-content\/uploads\/2024\/05\/Reno-2048x1362.jpg 2048w\" sizes=\"auto, (max-width: 1024px) 100vw, 1024px\" \/><figcaption>Reno<\/figcaption><\/figure>\n\n\n\n<figure class=\"wp-block-image size-large\"><img loading=\"lazy\" decoding=\"async\" width=\"1024\" height=\"681\" src=\"https:\/\/fedelnelkul.hu\/wp-content\/uploads\/2024\/05\/Szamocza-1024x681.jpg\" alt=\"\" class=\"wp-image-12336\" srcset=\"https:\/\/fedelnelkul.hu\/wp-content\/uploads\/2024\/05\/Szamocza-1024x681.jpg 1024w, https:\/\/fedelnelkul.hu\/wp-content\/uploads\/2024\/05\/Szamocza-300x200.jpg 300w, https:\/\/fedelnelkul.hu\/wp-content\/uploads\/2024\/05\/Szamocza-768x511.jpg 768w, https:\/\/fedelnelkul.hu\/wp-content\/uploads\/2024\/05\/Szamocza-1536x1022.jpg 1536w, https:\/\/fedelnelkul.hu\/wp-content\/uploads\/2024\/05\/Szamocza-2048x1363.jpg 2048w\" sizes=\"auto, (max-width: 1024px) 100vw, 1024px\" \/><figcaption>Szam\u00f3cza<\/figcaption><\/figure>\n\n\n\n<figure class=\"wp-block-image size-large\"><img loading=\"lazy\" decoding=\"async\" width=\"2560\" height=\"1703\" src=\"https:\/\/fedelnelkul.hu\/wp-content\/uploads\/2024\/05\/zsuri-szineszek-dijazottak-1-scaled.jpg\" alt=\"\" class=\"wp-image-12339\" srcset=\"https:\/\/fedelnelkul.hu\/wp-content\/uploads\/2024\/05\/zsuri-szineszek-dijazottak-1-scaled.jpg 2560w, https:\/\/fedelnelkul.hu\/wp-content\/uploads\/2024\/05\/zsuri-szineszek-dijazottak-1-300x200.jpg 300w, https:\/\/fedelnelkul.hu\/wp-content\/uploads\/2024\/05\/zsuri-szineszek-dijazottak-1-1024x681.jpg 1024w, https:\/\/fedelnelkul.hu\/wp-content\/uploads\/2024\/05\/zsuri-szineszek-dijazottak-1-768x511.jpg 768w, https:\/\/fedelnelkul.hu\/wp-content\/uploads\/2024\/05\/zsuri-szineszek-dijazottak-1-1536x1022.jpg 1536w, https:\/\/fedelnelkul.hu\/wp-content\/uploads\/2024\/05\/zsuri-szineszek-dijazottak-1-2048x1362.jpg 2048w\" sizes=\"auto, (max-width: 2560px) 100vw, 2560px\" \/><figcaption>zs\u0171ri, sz\u00edn\u00e9szek, d\u00edjazottak<\/figcaption><\/figure>\n<\/figure>\n<\/div><\/div>\n<\/div>\n<\/div>\n<\/div><\/div>\n<\/div><\/div>\n<div class='watch-action'><div class='watch-position align-left'><div class='action-like'><a class='lbg-style1 like-12187 jlk' href='javascript:void(0)' data-task='like' data-post_id='12187' data-nonce='24627af277' rel='nofollow'><img class='wti-pixel' src='https:\/\/fedelnelkul.hu\/wp-content\/plugins\/wti-like-post\/images\/pixel.gif' title='Like' \/><span class='lc-12187 lc'>0<\/span><\/a><\/div><\/div> <div class='status-12187 status align-left'><\/div><\/div><div class='wti-clear'><\/div>","protected":false},"excerpt":{"rendered":"<p>\u00c9v Alkot\u00e1sa D\u00edj\u00e1tad\u00f3 \u00e9s K\u00f6z\u00f6ns\u00e9gszavaz\u00e1s &#8211; 2023 &#8211; Megvannak a nyertesek! Az \u00c9v Alkot\u00e1sa D\u00edj\u00e1tad\u00f3, mely a Fed\u00e9l N\u00e9lk\u00fcl utcalap legnagyobb \u00e9ves m\u0171v\u00e9szeti esem\u00e9nye, id\u00e9n 18. alkalommal, 2024. m\u00e1jus 25-\u00e9n, a Pincesz\u00ednh\u00e1zban ker\u00fclt megrendez\u00e9sre. A Fed\u00e9l N\u00e9lk\u00fcl Facebook oldal\u00e1n&nbsp;\u00e1prilis 15. \u2013m\u00e1jus 15. k\u00f6z\u00f6tt zajl\u00f3 k\u00f6z\u00f6ns\u00e9gszavaz\u00e1s sor\u00e1n n\u00e9h\u00e1ny naponta tett\u00fcnk k\u00f6zz\u00e9 a versenyz\u0151 m\u0171veket a LOUPE &hellip; <a href=\"https:\/\/fedelnelkul.hu\/en\/2024\/05\/22\/ev-alkotasa-2023\/\" class=\"more-link\">Continue reading <span class=\"screen-reader-text\">\u00c9v Alkot\u00e1sa 2023 Sajt\u00f3h\u00edr<\/span><\/a><\/p>\n","protected":false},"author":9195,"featured_media":12325,"comment_status":"closed","ping_status":"open","sticky":false,"template":"","format":"standard","meta":{"footnotes":""},"categories":[499,310],"tags":[],"class_list":["post-12187","post","type-post","status-publish","format-standard","has-post-thumbnail","hentry","category-uj","category-ev-alkotasa"],"_links":{"self":[{"href":"https:\/\/fedelnelkul.hu\/en\/wp-json\/wp\/v2\/posts\/12187","targetHints":{"allow":["GET"]}}],"collection":[{"href":"https:\/\/fedelnelkul.hu\/en\/wp-json\/wp\/v2\/posts"}],"about":[{"href":"https:\/\/fedelnelkul.hu\/en\/wp-json\/wp\/v2\/types\/post"}],"author":[{"embeddable":true,"href":"https:\/\/fedelnelkul.hu\/en\/wp-json\/wp\/v2\/users\/9195"}],"replies":[{"embeddable":true,"href":"https:\/\/fedelnelkul.hu\/en\/wp-json\/wp\/v2\/comments?post=12187"}],"version-history":[{"count":42,"href":"https:\/\/fedelnelkul.hu\/en\/wp-json\/wp\/v2\/posts\/12187\/revisions"}],"predecessor-version":[{"id":13782,"href":"https:\/\/fedelnelkul.hu\/en\/wp-json\/wp\/v2\/posts\/12187\/revisions\/13782"}],"wp:featuredmedia":[{"embeddable":true,"href":"https:\/\/fedelnelkul.hu\/en\/wp-json\/wp\/v2\/media\/12325"}],"wp:attachment":[{"href":"https:\/\/fedelnelkul.hu\/en\/wp-json\/wp\/v2\/media?parent=12187"}],"wp:term":[{"taxonomy":"category","embeddable":true,"href":"https:\/\/fedelnelkul.hu\/en\/wp-json\/wp\/v2\/categories?post=12187"},{"taxonomy":"post_tag","embeddable":true,"href":"https:\/\/fedelnelkul.hu\/en\/wp-json\/wp\/v2\/tags?post=12187"}],"curies":[{"name":"wp","href":"https:\/\/api.w.org\/{rel}","templated":true}]}}