{"id":1179,"date":"2018-02-10T20:33:37","date_gmt":"2018-02-10T20:33:37","guid":{"rendered":"http:\/\/fedelnelkul.hu\/2018\/02\/10\/nem-elado\/"},"modified":"2018-02-10T20:33:37","modified_gmt":"2018-02-10T20:33:37","slug":"nem-elado","status":"publish","type":"post","link":"https:\/\/fedelnelkul.hu\/en\/2018\/02\/10\/nem-elado\/","title":{"rendered":"&#8220;Nem elad\u00f3&#8221;"},"content":{"rendered":"<p>\nNincsen ap\u00e1m, se any\u00e1m.<br \/>\nSoha nem is volt.<br \/>\nCsak a farkastork\u00fa hegy.<br \/>\nCsak a k\u00e1ba Hold.<br \/>\n\u00a0<br \/>\nSe istenem, se haz\u00e1m.<br \/>\nEny\u00e9m ez a F\u00f6ld.<br \/>\nAngyalok vigy\u00e1znak r\u00e1m.<br \/>\nMeg a rep\u00fcl\u0151k.<\/p>\n<p>Se b\u00f6lcs\u0151m, se szemfed\u0151m.<br \/>\nNa \u00e9s, megszoktam.<br \/>\nVisszasz\u00f3rnak majd a sz\u00e9lbe.<br \/>\nR\u00f6h\u00f6gj, hontalan.<\/p>\n<p>Se cs\u00f3kom, se szeret\u0151m.<br \/>\nUt\u00e1l aki volt.<br \/>\nMeglesett a hever\u0151n.<br \/>\n\u0150 is meglakolt.<\/p>\n<p>Embert most m\u00e1r nem \u00f6l\u00f6k.<br \/>\nNem t\u00fal nagy \u00f6r\u00f6m.<br \/>\nBratyizhatsz az \u00f6rd\u00f6ggel:<br \/>\n\u0151 v\u00e1g f\u00fclt\u00f6v\u00f6n.<\/p>\n<p>Harmadnapja nem eszek.<br \/>\nNem is akarok.<br \/>\nM\u00e9g egy h\u00e9tig b\u00f6jt\u00f6l\u00f6k.<br \/>\n\u00c9n \u00edgy tisztulok.<\/p>\n<p>H\u00e1ny esztend\u0151m? Nem tudom.<br \/>\nRezeg a l\u00e9lek.<br \/>\nNemtelen \u00e9s kortalan.<br \/>\nB\u00fcr\u00f6k. Csend. \u00c9let.<\/p>\n<div class='watch-action'><div class='watch-position align-left'><div class='action-like'><a class='lbg-style1 like-1179 jlk' href='javascript:void(0)' data-task='like' data-post_id='1179' data-nonce='333e2b5e1c' rel='nofollow'><img class='wti-pixel' src='https:\/\/fedelnelkul.hu\/wp-content\/plugins\/wti-like-post\/images\/pixel.gif' title='Like' \/><span class='lc-1179 lc'>0<\/span><\/a><\/div><\/div> <div class='status-1179 status align-left'><\/div><\/div><div class='wti-clear'><\/div>","protected":false},"excerpt":{"rendered":"<p>Nincsen ap\u00e1m, se any\u00e1m. Soha nem is volt. Csak a farkastork\u00fa hegy. Csak a k\u00e1ba Hold. \u00a0 Se istenem, se haz\u00e1m. Eny\u00e9m ez a F\u00f6ld. Angyalok vigy\u00e1znak r\u00e1m. Meg a rep\u00fcl\u0151k. Se b\u00f6lcs\u0151m, se szemfed\u0151m. Na \u00e9s, megszoktam. Visszasz\u00f3rnak majd a sz\u00e9lbe. R\u00f6h\u00f6gj, hontalan. Se cs\u00f3kom, se szeret\u0151m. Ut\u00e1l aki volt. Meglesett a hever\u0151n. \u0150 &hellip; <a href=\"https:\/\/fedelnelkul.hu\/en\/2018\/02\/10\/nem-elado\/\" class=\"more-link\">Continue reading <span class=\"screen-reader-text\">&#8220;Nem elad\u00f3&#8221;<\/span><\/a><\/p>\n","protected":false},"author":254,"featured_media":0,"comment_status":"closed","ping_status":"open","sticky":false,"template":"","format":"standard","meta":{"footnotes":""},"categories":[85,10],"tags":[],"class_list":["post-1179","post","type-post","status-publish","format-standard","hentry","category-85","category-vers"],"_links":{"self":[{"href":"https:\/\/fedelnelkul.hu\/en\/wp-json\/wp\/v2\/posts\/1179","targetHints":{"allow":["GET"]}}],"collection":[{"href":"https:\/\/fedelnelkul.hu\/en\/wp-json\/wp\/v2\/posts"}],"about":[{"href":"https:\/\/fedelnelkul.hu\/en\/wp-json\/wp\/v2\/types\/post"}],"author":[{"embeddable":true,"href":"https:\/\/fedelnelkul.hu\/en\/wp-json\/wp\/v2\/users\/254"}],"replies":[{"embeddable":true,"href":"https:\/\/fedelnelkul.hu\/en\/wp-json\/wp\/v2\/comments?post=1179"}],"version-history":[{"count":0,"href":"https:\/\/fedelnelkul.hu\/en\/wp-json\/wp\/v2\/posts\/1179\/revisions"}],"wp:attachment":[{"href":"https:\/\/fedelnelkul.hu\/en\/wp-json\/wp\/v2\/media?parent=1179"}],"wp:term":[{"taxonomy":"category","embeddable":true,"href":"https:\/\/fedelnelkul.hu\/en\/wp-json\/wp\/v2\/categories?post=1179"},{"taxonomy":"post_tag","embeddable":true,"href":"https:\/\/fedelnelkul.hu\/en\/wp-json\/wp\/v2\/tags?post=1179"}],"curies":[{"name":"wp","href":"https:\/\/api.w.org\/{rel}","templated":true}]}}