{"id":1175,"date":"2018-02-10T20:33:37","date_gmt":"2018-02-10T20:33:37","guid":{"rendered":"http:\/\/fedelnelkul.hu\/2018\/02\/10\/babits-meg-en\/"},"modified":"2018-02-10T20:33:37","modified_gmt":"2018-02-10T20:33:37","slug":"babits-meg-en","status":"publish","type":"post","link":"https:\/\/fedelnelkul.hu\/en\/2018\/02\/10\/babits-meg-en\/","title":{"rendered":"Babits meg \u00e9n"},"content":{"rendered":"<p>\n&#8222;A szemedet, arcod m\u00e9lys\u00e9ges, s\u00f6t\u00e9t&#8221; barn\u00e1s &#8222;tav\u00e1t<br \/>\nhomlokod havasa alatt, homlokod hav\u00e1t<br \/>\nelfeledtet\u0151 f\u00e9nyes ny\u00e1ri szemed sz\u00e9d\u00fclet\u00e9t<br \/>\nszeretem, \u00e9s \u00e9neklem e sz\u00e9d\u00fclet szeretet\u00e9t.<\/p>\n<p>M\u00e9lys\u00e9ges \u00e9rct\u00f3, \u00e9rct\u00fck\u00f6r, f\u00e9mt\u00fck\u00f6r, mesebeli,<br \/>\nsz\u00e9d\u00fclsz, ha belevillansz? ki tudja, mivel van m\u00e9lye teli?<br \/>\nSzellemek \u00e9rctava: dr\u00e1ga \u00e9rcek nemes szellemei<br \/>\nf\u00e9mlenek villan\u00e1saiban; de mily ritka f\u00e9m<br \/>\nszelleme tudhat \u00edgy f\u00e9nyleni?<\/p>\n<p>M\u00e9ly,&#8221; r\u00e9zf\u00e9ny\u0171, barna, &#8222;sz\u00e9psz\u00edn\u0171 szemedben, \u00e9desem,<br \/>\ncsod\u00e1latos csillog\u00f3 cseng\u0151k csilingelnek cs\u00f6ndesen,<br \/>\ncsendesen, &#8211; hallani nem lehet, tal\u00e1n l\u00e1tni sem:<br \/>\naz l\u00e1tja csak, aki \u00fagy szeret, mint \u00e9n, \u00e9desem!&#8221;<\/p>\n<p>\nHasad alj\u00e1n, az alatt, r\u00e9ztavadnak \u00e9des \u00edz\u00e9t,<br \/>\nsz\u00e1dnak, nyelved m\u00e9ly\u00e9t, \u00f6lel\u00e9sed t\u0171zforr\u00f3 \u00e9h\u00e9t&#8230;<br \/>\nahogy f\u00e1z\u00e1sb\u00f3l hev\u00edtett \u00e1lomba ringatsz &#8211;<br \/>\n\u00e9bren is \u00e9s alva: Te vagy farkasodnak a tajga&#8230;<br \/>\n\u00a0<br \/>\nha nem vagy vele, oly nagyon \u00e9ri hi\u00e1nyod sajgva<br \/>\negyfolyt\u00e1ban z\u00e1rva \u00f6nmag\u00e1ban \u00fcv\u00f6lt az \u00e9gre <br \/>\n\u00e9gve-fagyva f\u00e1zottan \u00e1z ottan rejtelmeid<br \/>\nn\u00e9lk\u00fcl olyannyira boldogtalan m\u00e1r szeg\u00e9ny megint&#8230;<br \/>\nha nem l\u00e1t egyszer\u0171en v\u00e9ge v\u00e9gtelen \u00fccs\u00f6rg v\u00e9rtelen<br \/>\n\u00e9rted sz\u00f3tlan s\u00f3talan s\u00edrdog\u00e1lva k\u00f6nnyesen.<\/p>\n<div class='watch-action'><div class='watch-position align-left'><div class='action-like'><a class='lbg-style1 like-1175 jlk' href='javascript:void(0)' data-task='like' data-post_id='1175' data-nonce='0fc93b1003' rel='nofollow'><img class='wti-pixel' src='https:\/\/fedelnelkul.hu\/wp-content\/plugins\/wti-like-post\/images\/pixel.gif' title='Like' \/><span class='lc-1175 lc'>0<\/span><\/a><\/div><\/div> <div class='status-1175 status align-left'><\/div><\/div><div class='wti-clear'><\/div>","protected":false},"excerpt":{"rendered":"<p>&#8222;A szemedet, arcod m\u00e9lys\u00e9ges, s\u00f6t\u00e9t&#8221; barn\u00e1s &#8222;tav\u00e1t homlokod havasa alatt, homlokod hav\u00e1t elfeledtet\u0151 f\u00e9nyes ny\u00e1ri szemed sz\u00e9d\u00fclet\u00e9t szeretem, \u00e9s \u00e9neklem e sz\u00e9d\u00fclet szeretet\u00e9t. M\u00e9lys\u00e9ges \u00e9rct\u00f3, \u00e9rct\u00fck\u00f6r, f\u00e9mt\u00fck\u00f6r, mesebeli, sz\u00e9d\u00fclsz, ha belevillansz? ki tudja, mivel van m\u00e9lye teli? Szellemek \u00e9rctava: dr\u00e1ga \u00e9rcek nemes szellemei f\u00e9mlenek villan\u00e1saiban; de mily ritka f\u00e9m szelleme tudhat \u00edgy f\u00e9nyleni? M\u00e9ly,&#8221; r\u00e9zf\u00e9ny\u0171, &hellip; <a href=\"https:\/\/fedelnelkul.hu\/en\/2018\/02\/10\/babits-meg-en\/\" class=\"more-link\">Continue reading <span class=\"screen-reader-text\">Babits meg \u00e9n<\/span><\/a><\/p>\n","protected":false},"author":96,"featured_media":0,"comment_status":"closed","ping_status":"open","sticky":false,"template":"","format":"standard","meta":{"footnotes":""},"categories":[85,10],"tags":[],"class_list":["post-1175","post","type-post","status-publish","format-standard","hentry","category-85","category-vers"],"_links":{"self":[{"href":"https:\/\/fedelnelkul.hu\/en\/wp-json\/wp\/v2\/posts\/1175","targetHints":{"allow":["GET"]}}],"collection":[{"href":"https:\/\/fedelnelkul.hu\/en\/wp-json\/wp\/v2\/posts"}],"about":[{"href":"https:\/\/fedelnelkul.hu\/en\/wp-json\/wp\/v2\/types\/post"}],"author":[{"embeddable":true,"href":"https:\/\/fedelnelkul.hu\/en\/wp-json\/wp\/v2\/users\/96"}],"replies":[{"embeddable":true,"href":"https:\/\/fedelnelkul.hu\/en\/wp-json\/wp\/v2\/comments?post=1175"}],"version-history":[{"count":0,"href":"https:\/\/fedelnelkul.hu\/en\/wp-json\/wp\/v2\/posts\/1175\/revisions"}],"wp:attachment":[{"href":"https:\/\/fedelnelkul.hu\/en\/wp-json\/wp\/v2\/media?parent=1175"}],"wp:term":[{"taxonomy":"category","embeddable":true,"href":"https:\/\/fedelnelkul.hu\/en\/wp-json\/wp\/v2\/categories?post=1175"},{"taxonomy":"post_tag","embeddable":true,"href":"https:\/\/fedelnelkul.hu\/en\/wp-json\/wp\/v2\/tags?post=1175"}],"curies":[{"name":"wp","href":"https:\/\/api.w.org\/{rel}","templated":true}]}}