{"id":1173,"date":"2018-02-10T20:33:37","date_gmt":"2018-02-10T20:33:37","guid":{"rendered":"http:\/\/fedelnelkul.hu\/2018\/02\/10\/toltott-kaposzta\/"},"modified":"2018-02-10T20:33:37","modified_gmt":"2018-02-10T20:33:37","slug":"toltott-kaposzta","status":"publish","type":"post","link":"https:\/\/fedelnelkul.hu\/en\/2018\/02\/10\/toltott-kaposzta\/","title":{"rendered":"T\u00f6lt\u00f6tt k\u00e1poszta"},"content":{"rendered":"<p>\nD\u00fch\u00f6s voltam a vil\u00e1gra. Lehet, hogy az utaz\u00e1s tette a kombin\u00f3n, a nagy meleg, ahogyan a f\u00e9rfiak \u00e9s n\u0151k \u00f6sszepr\u00e9sel\u0151dtek, sz\u00edvt\u00e1k egym\u00e1s neh\u00e9z szag\u00e1t, a d\u00e9lut\u00e1nra maradt mosdatlans\u00e1g \u00e9rz\u0151d\u00f6tt r\u00f3luk. A villamos mellett j\u00f3l \u00f6lt\u00f6z\u00f6tt urak \u00e9s h\u00f6lgyek, tiszt\u00e1n \u00e9s nyugodtan vitt\u00e9k el\u0151re a kocsijukat a dug\u00f3ban, ki tudja hov\u00e1 igyekeztek a nagy h\u0151s\u00e9gben, merev volt az arcuk, d\u00f6bbenten lestem le r\u00e1juk ebb\u0151l a szard\u00edni\u00e1s dobozb\u00f3l, amit &#8222;t\u00f6megk\u00f6zleked\u00e9si eszk\u00f6znek&#8221; h\u00edvtak.<br \/>\nKed\u00e9lyemet tov\u00e1bb borzolta, hogy a napokban belem\u00e1sztam egy hitelbe, de egy h\u00e9t ut\u00e1n felmondtam a banknak, ne rajtam gazdagodjanak meg! A v\u00e9ge az lett, hogy \u00fajra egyik napr\u00f3l a m\u00e1sikra \u00e9ltem, j\u00f3form\u00e1n mindig \u00fcres h\u0171t\u0151vel. Kil\u00e1t\u00e1som sem volt nagyobb \u00f6sszegre, egyed\u00fcl annak \u00f6r\u00fcltem, hogy a negyven fokos meleget ventil\u00e1tor mellett \/l\u00e9gkondim nem volt\/ hideg vizes borogat\u00e1ssal a sz\u00edvemen t\u00fal\u00e9ltem. J\u00f3zsival, a p\u00e1rommal, v\u00e1rtuk a nyugd\u00edjat.<br \/>\nSzerd\u00e1n hajnali \u00f6tkor J\u00f3zsival lement\u00fcnk cigi\u00e9rt, mostan\u00e1ban k\u00e9t dobozzal sz\u00edvott, \u00e9n r\u00e9gen letettem. &#8230;\u00c9s l\u00e1ssatok csud\u00e1t! Kuk\u00e1ztam egy nyolc literes piros zom\u00e1ncos fazekat! Feh\u00e9r f\u00f6d\u0151vel, vadi \u00faj volt, csak bel\u00fcl l\u00e1tszott egy par\u00e1nyi s\u00f6t\u00e9tebb folt, annak jel\u00e9\u00fcl, hogy haszn\u00e1lt\u00e1k! Azt gondoltam, hogy valaki direkt odatehette a kuk\u00e1ban a szemetes zacsk\u00f3k tetej\u00e9re, hogy nyomor\u00fas\u00e1gomat enyh\u00edtsem. M\u00e1ris t\u00f6lt\u00f6tt k\u00e1poszt\u00e1t l\u00e1ttam benne, meg finom aranyl\u00f3 ty\u00fakh\u00faslevest c\u00e9rnamet\u00e9lttel! \u00c1lmaimat f\u00e9lig megval\u00f3s\u00edtottam, mert aznap \/nyugd\u00edj l\u00e9v\u00e9n\/ vettem f\u00e9l kil\u00f3 dar\u00e1lt h\u00fast, meg t\u00edz savany\u00fa k\u00e1poszta levelet a Hunyadin, hozz\u00e1 f\u00e9l kil\u00f3 sz\u00e1las savany\u00fa k\u00e1poszt\u00e1t. Annyit, ami \u00e9pp hogy el\u00e9g. A piros paprik\u00e1mon valamilyen \u00e1tok \u00fclhetett, mert apr\u00f3 kis bogarak jelentek meg benne, ki kellett dobjam, \u00e9s m\u00e1sikat kellett vegyek. P\u00e1r szem v\u00f6r\u00f6shagym\u00e1m, \u00e9s negyed kil\u00f3 rizsem volt otthon, beruh\u00e1ztam m\u00e9g egy kis darab f\u00fcst\u00f6lt oldalasra is, hogy az eg\u00e9szet megbolond\u00edtsa!\u00a0 J\u00f3zsit leszalasztottam egy kis poh\u00e1r tejf\u00f6l\u00e9rt, mert ez kiment a fejemb\u0151l.<br \/>\nD\u00e9lben ott rotyogott a t\u00f6lt\u00f6tt k\u00e1poszta a g\u00e1zt\u0171zhelyen, felavatv\u00e1n a piros fazekat, amit el\u0151tte j\u00f3l kis\u00faroltam. Mondtam is a J\u00f3zsinak, hogy hajnalban lej\u00e1rok majd kuk\u00e1zni, h\u00e1tha m\u00e9g egyszer ilyen szerencs\u00e9m lesz, de lebesz\u00e9lt r\u00f3la.<br \/>\n\u00c1lmainkat pedig eltett\u00fck a k\u00f6vetkez\u0151 nyugd\u00edjig, amikor is majd az &#8222;aranyl\u00f3 ty\u00fakh\u00faslevesre&#8221; ker\u00fclhet sor, ami csak szeg\u00e9ny \u00e9desany\u00e1m megfejthetetlen tudom\u00e1nya volt, titk\u00e1t mag\u00e1val is vitte a temet\u0151be, amikor \u00f6r\u00f6kre itt hagyott benn\u00fcnket.<\/p>\n<div class='watch-action'><div class='watch-position align-left'><div class='action-like'><a class='lbg-style1 like-1173 jlk' href='javascript:void(0)' data-task='like' data-post_id='1173' data-nonce='07417c0bc1' rel='nofollow'><img class='wti-pixel' src='https:\/\/fedelnelkul.hu\/wp-content\/plugins\/wti-like-post\/images\/pixel.gif' title='Like' \/><span class='lc-1173 lc'>+1<\/span><\/a><\/div><\/div> <div class='status-1173 status align-left'><\/div><\/div><div class='wti-clear'><\/div>","protected":false},"excerpt":{"rendered":"<p>D\u00fch\u00f6s voltam a vil\u00e1gra. Lehet, hogy az utaz\u00e1s tette a kombin\u00f3n, a nagy meleg, ahogyan a f\u00e9rfiak \u00e9s n\u0151k \u00f6sszepr\u00e9sel\u0151dtek, sz\u00edvt\u00e1k egym\u00e1s neh\u00e9z szag\u00e1t, a d\u00e9lut\u00e1nra maradt mosdatlans\u00e1g \u00e9rz\u0151d\u00f6tt r\u00f3luk. A villamos mellett j\u00f3l \u00f6lt\u00f6z\u00f6tt urak \u00e9s h\u00f6lgyek, tiszt\u00e1n \u00e9s nyugodtan vitt\u00e9k el\u0151re a kocsijukat a dug\u00f3ban, ki tudja hov\u00e1 igyekeztek a nagy h\u0151s\u00e9gben, merev &hellip; <a href=\"https:\/\/fedelnelkul.hu\/en\/2018\/02\/10\/toltott-kaposzta\/\" class=\"more-link\">Continue reading <span class=\"screen-reader-text\">T\u00f6lt\u00f6tt k\u00e1poszta<\/span><\/a><\/p>\n","protected":false},"author":242,"featured_media":0,"comment_status":"closed","ping_status":"open","sticky":false,"template":"","format":"standard","meta":{"footnotes":""},"categories":[85,9],"tags":[],"class_list":["post-1173","post","type-post","status-publish","format-standard","hentry","category-85","category-szepproza"],"_links":{"self":[{"href":"https:\/\/fedelnelkul.hu\/en\/wp-json\/wp\/v2\/posts\/1173","targetHints":{"allow":["GET"]}}],"collection":[{"href":"https:\/\/fedelnelkul.hu\/en\/wp-json\/wp\/v2\/posts"}],"about":[{"href":"https:\/\/fedelnelkul.hu\/en\/wp-json\/wp\/v2\/types\/post"}],"author":[{"embeddable":true,"href":"https:\/\/fedelnelkul.hu\/en\/wp-json\/wp\/v2\/users\/242"}],"replies":[{"embeddable":true,"href":"https:\/\/fedelnelkul.hu\/en\/wp-json\/wp\/v2\/comments?post=1173"}],"version-history":[{"count":0,"href":"https:\/\/fedelnelkul.hu\/en\/wp-json\/wp\/v2\/posts\/1173\/revisions"}],"wp:attachment":[{"href":"https:\/\/fedelnelkul.hu\/en\/wp-json\/wp\/v2\/media?parent=1173"}],"wp:term":[{"taxonomy":"category","embeddable":true,"href":"https:\/\/fedelnelkul.hu\/en\/wp-json\/wp\/v2\/categories?post=1173"},{"taxonomy":"post_tag","embeddable":true,"href":"https:\/\/fedelnelkul.hu\/en\/wp-json\/wp\/v2\/tags?post=1173"}],"curies":[{"name":"wp","href":"https:\/\/api.w.org\/{rel}","templated":true}]}}