{"id":11597,"date":"2022-03-27T12:28:23","date_gmt":"2022-03-27T10:28:23","guid":{"rendered":"https:\/\/fedelnelkul.hu\/?p=11597"},"modified":"2024-04-03T13:21:40","modified_gmt":"2024-04-03T11:21:40","slug":"ev-alkotasa-2021","status":"publish","type":"post","link":"https:\/\/fedelnelkul.hu\/en\/2022\/03\/27\/ev-alkotasa-2021\/","title":{"rendered":"\u00c9v Alkot\u00e1sa 2021"},"content":{"rendered":"\n<p><strong>\u00c9v Alkot\u00e1sa D\u00edj\u00e1tad\u00f3 \u00e9s K\u00f6z\u00f6ns\u00e9gszavaz\u00e1s &#8211; 2021 <\/strong>&#8211; <strong><strong>Megvannak a nyertesek!<\/strong><\/strong><\/p>\n\n\n\n<p><\/p>\n\n\n\n<p>Az \u00c9v Alkot\u00e1sa D\u00edj\u00e1tad\u00f3, mely a Fed\u00e9l N\u00e9lk\u00fcl utcalap legnagyobb \u00e9ves m\u0171v\u00e9szeti esem\u00e9nye, k\u00e9t<br>pand\u00e9mi\u00e1s \u00e9v ut\u00e1n ism\u00e9t szem\u00e9lyes r\u00e9szv\u00e9tel\u0171 esem\u00e9nyk\u00e9nt ker\u00fclhetett megrendez\u00e9sre.<\/p>\n\n\n\n<p><br>A Fed\u00e9l N\u00e9lk\u00fcl <a href=\"https:\/\/www.facebook.com\/FedelNelkul\">facebook oldal\u00e1n<\/a> \u00e1prilis 12. \u2013\u00e1prilis 27. k\u00f6z\u00f6tt zajl\u00f3 \u00c9v Alkot\u00e1sa k\u00f6z\u00f6ns\u00e9gszavaz\u00e1s<br>sor\u00e1n naponta tett\u00fcnk k\u00f6zz\u00e9 a versenyz\u0151 m\u0171veket jeles sz\u00ednm\u0171v\u00e9szek el\u0151ad\u00e1s\u00e1ban. <\/p>\n\n\n\n<p>Csatlakozott hozz\u00e1nk <strong>B\u00edr\u00f3 Kriszta, Fullajt\u00e1r Andrea, F\u00fcr Anik\u00f3, K\u00e1lid Art\u00far, Lengyel Tam\u00e1s <\/strong>\u00e9s <strong>Nagy Zsolt.<\/strong><br>A szakmai zs\u0171ri tagjai:<br><strong>Garaczi L\u00e1szl\u00f3<\/strong> \u00edr\u00f3<br><strong>Balogh Tibor<\/strong> k\u00e9pz\u0151m\u0171v\u00e9sz<br><strong>Sz\u00e1sz Lilla<\/strong> fot\u00f3m\u0171v\u00e9sz<br><strong>N\u00e9meth G\u00e1bor<\/strong> \u00edr\u00f3<br><strong>Eifert J\u00e1nos<\/strong> fot\u00f3m\u0171v\u00e9sz<br><strong>Fekete Andr\u00e1s<\/strong>, a Pagony kiad\u00f3 munkat\u00e1rsa, a zs\u0171ri eln\u00f6ke<\/p>\n\n\n\n<p>A szavaz\u00f3k k\u00f6zt kisorsoljuk a Fed\u00e9l N\u00e9lk\u00fcl K\u00f6nyvek k\u00f6nyvcsomagj\u00e1t, melyben R\u00f6hrig G\u00e9za<br>angyalvakond c. k\u00f6tete \u00e9s a FN 25. sz\u00fclet\u00e9snapja alkalm\u00e1b\u00f3l kiadott antol\u00f3gia is benne lesz.<\/p>\n\n\n\n<p>A nyertes m\u0171veket a Fed\u00e9l N\u00e9lk\u00fcl m\u00e1jus 19-ei \u00e9s j\u00fanius 2-ai lapsz\u00e1m\u00e1ban tett\u00fck k\u00f6zz\u00e9.<br>A Menhely Alap\u00edtv\u00e1ny kiad\u00e1s\u00e1ban m\u0171k\u00f6d\u0151 Fed\u00e9l N\u00e9lk\u00fcl utcalap 2004 \u00f3ta hirdeti meg folyamatosan<br>m\u0171v\u00e9szeti p\u00e1ly\u00e1zat\u00e1t otthontalan emberek sz\u00e1m\u00e1ra vers, pr\u00f3za \u00e9s k\u00e9p kateg\u00f3ri\u00e1kban.<br>Arch\u00edvumunkban m\u00e1ra 450 alkot\u00f3 11.000-n\u00e9l t\u00f6bb alkot\u00e1s\u00e1t \u0151rizz\u00fck \u00e9s publik\u00e1ljuk folyamatosan,<br>kiad\u00f3i tev\u00e9kenys\u00e9g\u00fcnk r\u00e9v\u00e9n a Fed\u00e9l N\u00e9lk\u00fcl K\u00f6nyvek 8 k\u00f6tete jelent m\u00e1r meg. Az \u00c9v Alkot\u00e1sa D\u00edj\u00e1tad\u00f3<br>keret\u00e9ben minden \u00e9vben szakmai zs\u0171ri adja \u00e1t az el\u0151z\u0151 \u00e9vben beadott m\u0171vek legjobbjainak j\u00e1r\u00f3<br>d\u00edjakat, r\u00e1ir\u00e1ny\u00edtva a figyelmet az otthontalan m\u0171v\u00e9szek tehets\u00e9g\u00e9re \u00e9s elismert szerezve sz\u00e1mukra a<br>kort\u00e1rs m\u0171v\u00e9szeti szf\u00e9r\u00e1ban \u00e9s t\u00f6bbs\u00e9gi t\u00e1rsadalomban egyar\u00e1nt. <\/p>\n\n\n\n<p>Mott\u00f3nk: \u201eAz alkot\u00e1s \u00e9rt\u00e9ket teremt.\u201d<\/p>\n\n\n\n<p><\/p>\n\n\n\n<h5 class=\"wp-block-heading\">\u00c9v Alkot\u00e1sa D\u00edjas m\u0171vek list\u00e1ja:<\/h5>\n\n\n\n<p>\u00c9v Verse 2021:<\/p>\n\n\n\n<p><a href=\"https:\/\/fedelnelkul.hu\/2024\/03\/27\/hagyepe-tocsaban\/\">h\u00e1gy\u00e9p\u00e9: T\u00f3cs\u00e1ban<\/a><\/p>\n\n\n\n<p>\u00c9v Pr\u00f3z\u00e1ja 2021:<\/p>\n\n\n\n<p><a href=\"https:\/\/fedelnelkul.hu\/2024\/03\/27\/buksika-a-halal-mosolya\/\">Buksika: A hal\u00e1l mosolya<\/a><\/p>\n\n\n\n<p>Irodalmi szakmai k\u00fcl\u00f6nd\u00edj:<\/p>\n\n\n\n<p><a href=\"https:\/\/fedelnelkul.hu\/2021\/05\/20\/taj\/\">Bursztyn Budapeszt Bernstein Emil: T\u00c1J<\/a><\/p>\n\n\n\n<p>\u00c9v K\u00e9pe 2021:&nbsp;<\/p>\n\n\n\n<p>Kov\u00e1cs B\u00e9la: C\u00edm n\u00e9lk\u00fcl<\/p>\n\n\n\n<figure class=\"wp-block-image size-large\"><a href=\"https:\/\/fedelnelkul.hu\/wp-content\/uploads\/2024\/03\/evkepe_kovacsbela_cn_2110.jpg\" target=\"_blank\" rel=\"noreferrer noopener\"><img loading=\"lazy\" decoding=\"async\" width=\"1024\" height=\"722\" src=\"https:\/\/fedelnelkul.hu\/wp-content\/uploads\/2024\/03\/evkepe_kovacsbela_cn_2110-1024x722.jpg\" alt=\"\" class=\"wp-image-11629\" srcset=\"https:\/\/fedelnelkul.hu\/wp-content\/uploads\/2024\/03\/evkepe_kovacsbela_cn_2110-1024x722.jpg 1024w, https:\/\/fedelnelkul.hu\/wp-content\/uploads\/2024\/03\/evkepe_kovacsbela_cn_2110-300x211.jpg 300w, https:\/\/fedelnelkul.hu\/wp-content\/uploads\/2024\/03\/evkepe_kovacsbela_cn_2110-768x541.jpg 768w, https:\/\/fedelnelkul.hu\/wp-content\/uploads\/2024\/03\/evkepe_kovacsbela_cn_2110-1536x1083.jpg 1536w, https:\/\/fedelnelkul.hu\/wp-content\/uploads\/2024\/03\/evkepe_kovacsbela_cn_2110-2048x1443.jpg 2048w\" sizes=\"auto, (max-width: 1024px) 100vw, 1024px\" \/><\/a><figcaption>Kov\u00e1cs B\u00e9la<br>C\u00edm n\u00e9lk\u00fcl<\/figcaption><\/figure>\n\n\n\n<p>K\u00f6z\u00f6ns\u00e9gd\u00edjasok:<\/p>\n\n\n\n<p>Vers: <a href=\"https:\/\/fedelnelkul.hu\/2021\/03\/25\/pepita\/\">N\u00e9meth Anik\u00f3 K\u00f6dmad\u00e1r: Pepita<\/a><\/p>\n\n\n\n<p>Pr\u00f3za: <a href=\"https:\/\/fedelnelkul.hu\/2024\/03\/27\/buksika-a-halal-mosolya\/\">Buksika: A hal\u00e1l mosolya<\/a><\/p>\n\n\n\n<p>K\u00e9p:&nbsp;Juhi: C\u00edm n\u00e9lk\u00fcl<\/p>\n\n\n\n<figure class=\"wp-block-image size-large\"><a href=\"https:\/\/fedelnelkul.hu\/wp-content\/uploads\/2024\/03\/kozonsegdijas_kep_juhi_cn_2104-scaled.jpg\" target=\"_blank\" rel=\"noreferrer noopener\"><img loading=\"lazy\" decoding=\"async\" width=\"705\" height=\"1024\" src=\"https:\/\/fedelnelkul.hu\/wp-content\/uploads\/2024\/03\/kozonsegdijas_kep_juhi_cn_2104-705x1024.jpg\" alt=\"\" class=\"wp-image-11630\" srcset=\"https:\/\/fedelnelkul.hu\/wp-content\/uploads\/2024\/03\/kozonsegdijas_kep_juhi_cn_2104-705x1024.jpg 705w, https:\/\/fedelnelkul.hu\/wp-content\/uploads\/2024\/03\/kozonsegdijas_kep_juhi_cn_2104-207x300.jpg 207w, https:\/\/fedelnelkul.hu\/wp-content\/uploads\/2024\/03\/kozonsegdijas_kep_juhi_cn_2104-768x1115.jpg 768w, https:\/\/fedelnelkul.hu\/wp-content\/uploads\/2024\/03\/kozonsegdijas_kep_juhi_cn_2104-1058x1536.jpg 1058w, https:\/\/fedelnelkul.hu\/wp-content\/uploads\/2024\/03\/kozonsegdijas_kep_juhi_cn_2104-1410x2048.jpg 1410w, https:\/\/fedelnelkul.hu\/wp-content\/uploads\/2024\/03\/kozonsegdijas_kep_juhi_cn_2104-scaled.jpg 1763w\" sizes=\"auto, (max-width: 705px) 100vw, 705px\" \/><\/a><figcaption>Juhi<br>C\u00edm n\u00e9lk\u00fcl<\/figcaption><\/figure>\n\n\n<figure class=\"wp-block-post-featured-image\"><img loading=\"lazy\" decoding=\"async\" width=\"825\" height=\"510\" src=\"https:\/\/fedelnelkul.hu\/wp-content\/uploads\/2024\/04\/20220504_BM_0052-1-825x510.jpg\" class=\"attachment-post-thumbnail size-post-thumbnail wp-post-image\" alt=\"\" style=\"object-fit:cover;\" \/><\/figure><div class='watch-action'><div class='watch-position align-left'><div class='action-like'><a class='lbg-style1 like-11597 jlk' href='javascript:void(0)' data-task='like' data-post_id='11597' data-nonce='63bf5167ec' rel='nofollow'><img class='wti-pixel' src='https:\/\/fedelnelkul.hu\/wp-content\/plugins\/wti-like-post\/images\/pixel.gif' title='Like' \/><span class='lc-11597 lc'>0<\/span><\/a><\/div><\/div> <div class='status-11597 status align-left'><\/div><\/div><div class='wti-clear'><\/div>","protected":false},"excerpt":{"rendered":"<p>\u00c9v Alkot\u00e1sa D\u00edj\u00e1tad\u00f3 \u00e9s K\u00f6z\u00f6ns\u00e9gszavaz\u00e1s &#8211; 2021 &#8211; Megvannak a nyertesek! Az \u00c9v Alkot\u00e1sa D\u00edj\u00e1tad\u00f3, mely a Fed\u00e9l N\u00e9lk\u00fcl utcalap legnagyobb \u00e9ves m\u0171v\u00e9szeti esem\u00e9nye, k\u00e9tpand\u00e9mi\u00e1s \u00e9v ut\u00e1n ism\u00e9t szem\u00e9lyes r\u00e9szv\u00e9tel\u0171 esem\u00e9nyk\u00e9nt ker\u00fclhetett megrendez\u00e9sre. A Fed\u00e9l N\u00e9lk\u00fcl facebook oldal\u00e1n \u00e1prilis 12. \u2013\u00e1prilis 27. k\u00f6z\u00f6tt zajl\u00f3 \u00c9v Alkot\u00e1sa k\u00f6z\u00f6ns\u00e9gszavaz\u00e1ssor\u00e1n naponta tett\u00fcnk k\u00f6zz\u00e9 a versenyz\u0151 m\u0171veket jeles sz\u00ednm\u0171v\u00e9szek &hellip; <a href=\"https:\/\/fedelnelkul.hu\/en\/2022\/03\/27\/ev-alkotasa-2021\/\" class=\"more-link\">Continue reading <span class=\"screen-reader-text\">\u00c9v Alkot\u00e1sa 2021<\/span><\/a><\/p>\n","protected":false},"author":9195,"featured_media":11685,"comment_status":"closed","ping_status":"open","sticky":false,"template":"","format":"standard","meta":{"footnotes":""},"categories":[499,310],"tags":[512],"class_list":["post-11597","post","type-post","status-publish","format-standard","has-post-thumbnail","hentry","category-uj","category-ev-alkotasa","tag-ev-alkotasa-2021"],"_links":{"self":[{"href":"https:\/\/fedelnelkul.hu\/en\/wp-json\/wp\/v2\/posts\/11597","targetHints":{"allow":["GET"]}}],"collection":[{"href":"https:\/\/fedelnelkul.hu\/en\/wp-json\/wp\/v2\/posts"}],"about":[{"href":"https:\/\/fedelnelkul.hu\/en\/wp-json\/wp\/v2\/types\/post"}],"author":[{"embeddable":true,"href":"https:\/\/fedelnelkul.hu\/en\/wp-json\/wp\/v2\/users\/9195"}],"replies":[{"embeddable":true,"href":"https:\/\/fedelnelkul.hu\/en\/wp-json\/wp\/v2\/comments?post=11597"}],"version-history":[{"count":17,"href":"https:\/\/fedelnelkul.hu\/en\/wp-json\/wp\/v2\/posts\/11597\/revisions"}],"predecessor-version":[{"id":11687,"href":"https:\/\/fedelnelkul.hu\/en\/wp-json\/wp\/v2\/posts\/11597\/revisions\/11687"}],"wp:featuredmedia":[{"embeddable":true,"href":"https:\/\/fedelnelkul.hu\/en\/wp-json\/wp\/v2\/media\/11685"}],"wp:attachment":[{"href":"https:\/\/fedelnelkul.hu\/en\/wp-json\/wp\/v2\/media?parent=11597"}],"wp:term":[{"taxonomy":"category","embeddable":true,"href":"https:\/\/fedelnelkul.hu\/en\/wp-json\/wp\/v2\/categories?post=11597"},{"taxonomy":"post_tag","embeddable":true,"href":"https:\/\/fedelnelkul.hu\/en\/wp-json\/wp\/v2\/tags?post=11597"}],"curies":[{"name":"wp","href":"https:\/\/api.w.org\/{rel}","templated":true}]}}