{"id":1142,"date":"2018-02-10T20:33:36","date_gmt":"2018-02-10T20:33:36","guid":{"rendered":"http:\/\/fedelnelkul.hu\/2018\/02\/10\/szonett-a-tavaszhoz\/"},"modified":"2018-02-10T20:33:36","modified_gmt":"2018-02-10T20:33:36","slug":"szonett-a-tavaszhoz","status":"publish","type":"post","link":"https:\/\/fedelnelkul.hu\/en\/2018\/02\/10\/szonett-a-tavaszhoz\/","title":{"rendered":"Szonett a tavaszhoz"},"content":{"rendered":"<p>\n\u00c1m\u00edtani fogsz csak, tudom j\u00f3l,<br \/>\nm\u00e9gis topogva v\u00e1rlak;<br \/>\n\u00e9vente ki\u00fajul bennem ez a k\u00f3r,<br \/>\nalig \u00f6lelt\u00e9l, m\u00e1r s\u00edrhatok ut\u00e1nad;<br \/>\nk\u00f6vet a ny\u00e1r: n\u00e1ladn\u00e1l nagyobb csal\u00f3,<br \/>\nnevet, ha sz\u00f6kik, nevet pimaszul;<br \/>\nmeleg pul\u00f3ver kell, vastag takar\u00f3,<br \/>\nsok\u00e1ra k\u00e9l a Nap, hamarabb alkonyul;<br \/>\nolyankor n\u00e9m\u00e1bb a m\u00e1skor besz\u00e9des \u00e9jjel.<br \/>\nFinoman b\u00fajik mell\u00e9m be az \u00e1gyba,<br \/>\nm\u00edg alszom, sok-sok \u00e1lmot \u00f6sszef\u00e9rcel,<br \/>\ns hajnalhasad\u00e1sig hegeim vigy\u00e1zza.<br \/>\nBolond\u00edt illatod, t\u00e9ged v\u00e1gylak tavasz,<br \/>\nak\u00e1r \u00e9rett n\u0151 ut\u00e1n fordul\u00f3 \u00e9retlen kamasz.<\/p>\n<div class='watch-action'><div class='watch-position align-left'><div class='action-like'><a class='lbg-style1 like-1142 jlk' href='javascript:void(0)' data-task='like' data-post_id='1142' data-nonce='0fc93b1003' rel='nofollow'><img class='wti-pixel' src='https:\/\/fedelnelkul.hu\/wp-content\/plugins\/wti-like-post\/images\/pixel.gif' title='Like' \/><span class='lc-1142 lc'>0<\/span><\/a><\/div><\/div> <div class='status-1142 status align-left'><\/div><\/div><div class='wti-clear'><\/div>","protected":false},"excerpt":{"rendered":"<p>\u00c1m\u00edtani fogsz csak, tudom j\u00f3l, m\u00e9gis topogva v\u00e1rlak; \u00e9vente ki\u00fajul bennem ez a k\u00f3r, alig \u00f6lelt\u00e9l, m\u00e1r s\u00edrhatok ut\u00e1nad; k\u00f6vet a ny\u00e1r: n\u00e1ladn\u00e1l nagyobb csal\u00f3, nevet, ha sz\u00f6kik, nevet pimaszul; meleg pul\u00f3ver kell, vastag takar\u00f3, sok\u00e1ra k\u00e9l a Nap, hamarabb alkonyul; olyankor n\u00e9m\u00e1bb a m\u00e1skor besz\u00e9des \u00e9jjel. Finoman b\u00fajik mell\u00e9m be az \u00e1gyba, m\u00edg alszom, &hellip; <a href=\"https:\/\/fedelnelkul.hu\/en\/2018\/02\/10\/szonett-a-tavaszhoz\/\" class=\"more-link\">Continue reading <span class=\"screen-reader-text\">Szonett a tavaszhoz<\/span><\/a><\/p>\n","protected":false},"author":352,"featured_media":0,"comment_status":"closed","ping_status":"open","sticky":false,"template":"","format":"standard","meta":{"footnotes":""},"categories":[82,10],"tags":[],"class_list":["post-1142","post","type-post","status-publish","format-standard","hentry","category-82","category-vers"],"_links":{"self":[{"href":"https:\/\/fedelnelkul.hu\/en\/wp-json\/wp\/v2\/posts\/1142","targetHints":{"allow":["GET"]}}],"collection":[{"href":"https:\/\/fedelnelkul.hu\/en\/wp-json\/wp\/v2\/posts"}],"about":[{"href":"https:\/\/fedelnelkul.hu\/en\/wp-json\/wp\/v2\/types\/post"}],"author":[{"embeddable":true,"href":"https:\/\/fedelnelkul.hu\/en\/wp-json\/wp\/v2\/users\/352"}],"replies":[{"embeddable":true,"href":"https:\/\/fedelnelkul.hu\/en\/wp-json\/wp\/v2\/comments?post=1142"}],"version-history":[{"count":0,"href":"https:\/\/fedelnelkul.hu\/en\/wp-json\/wp\/v2\/posts\/1142\/revisions"}],"wp:attachment":[{"href":"https:\/\/fedelnelkul.hu\/en\/wp-json\/wp\/v2\/media?parent=1142"}],"wp:term":[{"taxonomy":"category","embeddable":true,"href":"https:\/\/fedelnelkul.hu\/en\/wp-json\/wp\/v2\/categories?post=1142"},{"taxonomy":"post_tag","embeddable":true,"href":"https:\/\/fedelnelkul.hu\/en\/wp-json\/wp\/v2\/tags?post=1142"}],"curies":[{"name":"wp","href":"https:\/\/api.w.org\/{rel}","templated":true}]}}