{"id":1138,"date":"2018-02-10T20:33:36","date_gmt":"2018-02-10T20:33:36","guid":{"rendered":"http:\/\/fedelnelkul.hu\/2018\/02\/10\/mar-csak\/"},"modified":"2018-02-10T20:33:36","modified_gmt":"2018-02-10T20:33:36","slug":"mar-csak","status":"publish","type":"post","link":"https:\/\/fedelnelkul.hu\/en\/2018\/02\/10\/mar-csak\/","title":{"rendered":"M\u00e1r csak&#8230;"},"content":{"rendered":"<p>\nM\u00e1r csak irgalmatlan s\u00f6t\u00e9t van<br \/>\nKiford\u00edtott f\u00e9ny a hi\u00e1ny<br \/>\nMegnyugv\u00e1s itt nincs a hal\u00e1lban<br \/>\nK\u00f6t\u00e9len folyik r\u00e1d a ny\u00e1l<br \/>\n\u00a0<br \/>\n\u00c9lelmedb\u0151l j\u00f6n a hal\u00e1l<br \/>\n\u00e9s gy\u00f3gyszeredt\u0151l ered a k\u00f3r &#8211;<br \/>\nnem is sz\u00fclethett\u00e9l t\u00e1n jobbkor<br \/>\nide, ha csak szenvedni v\u00e1gysz&#8230;<br \/>\n\u00a0<br \/>\nLopnak itt mindent s nemcsak halkan<br \/>\nV\u00e1mp\u00edrok sz\u00edvj\u00e1k v\u00e9redet<br \/>\nGyorsan t\u00e1pl\u00e1ld a f\u00e9rgeket<br \/>\n\u00a0<br \/>\nS t\u00f6bbnyire csak \u0171r van a dalban<br \/>\nB\u00e1rmely hatalom ha m\u00e9reget &#8211;<br \/>\na kopors\u00f3dhoz vesz m\u00e9retet<\/p>\n<div class='watch-action'><div class='watch-position align-left'><div class='action-like'><a class='lbg-style1 like-1138 jlk' href='javascript:void(0)' data-task='like' data-post_id='1138' data-nonce='0fc93b1003' rel='nofollow'><img class='wti-pixel' src='https:\/\/fedelnelkul.hu\/wp-content\/plugins\/wti-like-post\/images\/pixel.gif' title='Like' \/><span class='lc-1138 lc'>0<\/span><\/a><\/div><\/div> <div class='status-1138 status align-left'><\/div><\/div><div class='wti-clear'><\/div>","protected":false},"excerpt":{"rendered":"<p>M\u00e1r csak irgalmatlan s\u00f6t\u00e9t van Kiford\u00edtott f\u00e9ny a hi\u00e1ny Megnyugv\u00e1s itt nincs a hal\u00e1lban K\u00f6t\u00e9len folyik r\u00e1d a ny\u00e1l \u00a0 \u00c9lelmedb\u0151l j\u00f6n a hal\u00e1l \u00e9s gy\u00f3gyszeredt\u0151l ered a k\u00f3r &#8211; nem is sz\u00fclethett\u00e9l t\u00e1n jobbkor ide, ha csak szenvedni v\u00e1gysz&#8230; \u00a0 Lopnak itt mindent s nemcsak halkan V\u00e1mp\u00edrok sz\u00edvj\u00e1k v\u00e9redet Gyorsan t\u00e1pl\u00e1ld a f\u00e9rgeket \u00a0 &hellip; <a href=\"https:\/\/fedelnelkul.hu\/en\/2018\/02\/10\/mar-csak\/\" class=\"more-link\">Continue reading <span class=\"screen-reader-text\">M\u00e1r csak&#8230;<\/span><\/a><\/p>\n","protected":false},"author":96,"featured_media":0,"comment_status":"closed","ping_status":"open","sticky":false,"template":"","format":"standard","meta":{"footnotes":""},"categories":[82,10],"tags":[],"class_list":["post-1138","post","type-post","status-publish","format-standard","hentry","category-82","category-vers"],"_links":{"self":[{"href":"https:\/\/fedelnelkul.hu\/en\/wp-json\/wp\/v2\/posts\/1138","targetHints":{"allow":["GET"]}}],"collection":[{"href":"https:\/\/fedelnelkul.hu\/en\/wp-json\/wp\/v2\/posts"}],"about":[{"href":"https:\/\/fedelnelkul.hu\/en\/wp-json\/wp\/v2\/types\/post"}],"author":[{"embeddable":true,"href":"https:\/\/fedelnelkul.hu\/en\/wp-json\/wp\/v2\/users\/96"}],"replies":[{"embeddable":true,"href":"https:\/\/fedelnelkul.hu\/en\/wp-json\/wp\/v2\/comments?post=1138"}],"version-history":[{"count":0,"href":"https:\/\/fedelnelkul.hu\/en\/wp-json\/wp\/v2\/posts\/1138\/revisions"}],"wp:attachment":[{"href":"https:\/\/fedelnelkul.hu\/en\/wp-json\/wp\/v2\/media?parent=1138"}],"wp:term":[{"taxonomy":"category","embeddable":true,"href":"https:\/\/fedelnelkul.hu\/en\/wp-json\/wp\/v2\/categories?post=1138"},{"taxonomy":"post_tag","embeddable":true,"href":"https:\/\/fedelnelkul.hu\/en\/wp-json\/wp\/v2\/tags?post=1138"}],"curies":[{"name":"wp","href":"https:\/\/api.w.org\/{rel}","templated":true}]}}