{"id":1111,"date":"2018-02-10T20:33:36","date_gmt":"2018-02-10T20:33:36","guid":{"rendered":"http:\/\/fedelnelkul.hu\/2018\/02\/10\/mindennapi-bevasarlas\/"},"modified":"2018-02-10T20:33:36","modified_gmt":"2018-02-10T20:33:36","slug":"mindennapi-bevasarlas","status":"publish","type":"post","link":"https:\/\/fedelnelkul.hu\/en\/2018\/02\/10\/mindennapi-bevasarlas\/","title":{"rendered":"Mindennapi bev\u00e1s\u00e1rl\u00e1s"},"content":{"rendered":"<p>\nMint minden nap, ma is lementem a boltba f\u0151znival\u00f3\u00e9rt, e boltba j\u00e1rok majdnem minden nap, ez van k\u00f6zel. Tegnap az eladott \u00fajs\u00e1gaim\u00e9rt t\u00f6bb v\u00e1s\u00e1rl\u00f3t\u00f3l is eur\u00f3t kaptam, \u00e9s mivel e boltban le lehet v\u00e1s\u00e1rolni, vettem ezt azt. A p\u00e9nzt\u00e1ros h\u00f6lgy id\u0151s nyugd\u00edjas asszony, ki igaz\u00e1n nem \u00e9rtett az eur\u00f3s v\u00e1s\u00e1rl\u00e1shoz, \u00edgy csak seg\u00edts\u00e9g ut\u00e1n fizethettem vele. <br \/>\nMa is lementem r\u00e9gi kedvenc boltomba, amit sajnos m\u00e1r kb. 5 h\u00f3napja m\u00e1sik C\u00e9g vett \u00e1t (2 h\u00f3napi bez\u00e1r\u00e1s, \u00e1talak\u00edt\u00e1s-fel\u00faj\u00edt\u00e1s ut\u00e1n). Gy\u00f6ny\u00f6r\u0171en kifestve, t\u00f6bb polccal, nagyobb \u00e1ruk\u00e9szlettel, de kevesebb hellyel, \u00edgy a v\u00e1s\u00e1rl\u00f3 bev\u00e1s\u00e1rl\u00f3kocsival nagyon nehezen tud k\u00f6zlekedni. Hurr\u00e1, akci\u00f3s tej, m\u00e9g k\u00e9t napig j\u00f3, \u00e9n meg \u00e9pp tejberizst akartam k\u00e9sz\u00edteni. Hipp-hopp k\u00e9t liter meg egy kis dar\u00e1lt h\u00fas holnapra s robog\u00e1s a p\u00e9nzt\u00e1rakhoz. \u00c1ltal\u00e1ban kett\u0151 m\u0171k\u00f6dik, de most olyan sokan voltak, hogy be\u00e1llt egy harmadik h\u00f6lgy is. Lassan \u00e9n is sorra ker\u00fcltem, s megint a f\u00f6nt eml\u00edtett h\u00f6lgy volt. Remeg\u0151 k\u00e9zzel nyomogatja a szuper p\u00e9nzt\u00e1rg\u00e9pet. Miut\u00e1n jeleztem, hogy nem j\u00f3l \u00fct\u00f6tte a tejet, nagy szenved\u00e9s, sztorn\u00f3z\u00e1s, stb&#8230; ut\u00e1n 55 ft-tal megint t\u00f6bb lett az \u00f6sszeg. \u00c9szrevettem, mert \u00e9n m\u00e1r kisz\u00e1moltam, de mivel a m\u00f6g\u00f6ttem lev\u0151 vev\u0151k nem d\u00edjazt\u00e1k, kifizettem gyorsan m\u00e9g az 55 ft t\u00f6bbletet. De j\u00f6tt a szint\u00e9n nyugd\u00edjas \u0150r, aki nagyon seg\u00edt\u0151 k\u00e9sz volt, igazat adott, volt sz\u00edves kih\u00edvni a f\u0151n\u00f6k\u00f6t &#8211; aki egy nagyon fiatal ember volt, de seg\u00edt\u0151k\u00e9sz &#8211; s a v\u00e9g\u00e9n visszakaptam mind az 55 ft-ot. <br \/>\nNem tudom, a c\u00e9g \u00fczletpolitik\u00e1j\u00e1nak r\u00e9sze-e, hogy a modern technik\u00e1t\u00f3l idegenked\u0151 nyugd\u00edjasokat alkalmaz (szerintem ezzel is elveszi a munkak\u00e9pes akt\u00edv kor\u00faakt\u00f3l a munk\u00e1t), de ha m\u00e1r alkalmazza, legal\u00e1bb ne a p\u00e9nzt\u00e1rba, mert nem hiszem, hogy csak velem teszi ezt. \u00cdgy csak a v\u00e1s\u00e1rl\u00f3kat fogj\u00e1k elvesz\u00edteni a boltosok. A sok bossz\u00fas\u00e1gr\u00f3l nem is besz\u00e9lve. Nem az az 55 ft a l\u00e9nyeg (b\u00e1r a mai gazdas\u00e1gi helyzetben a napi 55 ft is sokat sz\u00e1m\u00edt).<br \/>\nJ\u00f3 lenne, ha ez az \u00edr\u00e1s meghallgat\u00e1sra tal\u00e1lna, hiszen nagyon sok helyen vannak alkalmaz\u00e1sban t\u00e9nylegesen nyugd\u00edjasok ( akik koruk miatt azok s nem a rokkantakra \u00e9rtem). B\u00e1r igaz, j\u00f3 \u00fczlet a c\u00e9gnek, bejelentik 4 \u00f3r\u00e1ra, kevesebb ad\u00f3, j\u00e1rul\u00e9k, \u0151 meg 8 \u00f3r\u00e1t mel\u00f3zik. Mindenestre \u00e9n sz\u00edvesebben fogom ink\u00e1bb olyan helyen k\u00f6lteni a p\u00e9nzem ami esetleg messzebb\u00a0 van, de ahonnan nem\u00a0 bossz\u00fas\u00e1ggal j\u00f6v\u00f6k haza.<\/p>\n<p>\u00dcdv: Csurika, a 029-es<\/p>\n<div class='watch-action'><div class='watch-position align-left'><div class='action-like'><a class='lbg-style1 like-1111 jlk' href='javascript:void(0)' data-task='like' data-post_id='1111' data-nonce='a4559c5496' rel='nofollow'><img class='wti-pixel' src='https:\/\/fedelnelkul.hu\/wp-content\/plugins\/wti-like-post\/images\/pixel.gif' title='Like' \/><span class='lc-1111 lc'>0<\/span><\/a><\/div><\/div> <div class='status-1111 status align-left'><\/div><\/div><div class='wti-clear'><\/div>","protected":false},"excerpt":{"rendered":"<p>Mint minden nap, ma is lementem a boltba f\u0151znival\u00f3\u00e9rt, e boltba j\u00e1rok majdnem minden nap, ez van k\u00f6zel. Tegnap az eladott \u00fajs\u00e1gaim\u00e9rt t\u00f6bb v\u00e1s\u00e1rl\u00f3t\u00f3l is eur\u00f3t kaptam, \u00e9s mivel e boltban le lehet v\u00e1s\u00e1rolni, vettem ezt azt. A p\u00e9nzt\u00e1ros h\u00f6lgy id\u0151s nyugd\u00edjas asszony, ki igaz\u00e1n nem \u00e9rtett az eur\u00f3s v\u00e1s\u00e1rl\u00e1shoz, \u00edgy csak seg\u00edts\u00e9g ut\u00e1n fizethettem &hellip; <a href=\"https:\/\/fedelnelkul.hu\/en\/2018\/02\/10\/mindennapi-bevasarlas\/\" class=\"more-link\">Continue reading <span class=\"screen-reader-text\">Mindennapi bev\u00e1s\u00e1rl\u00e1s<\/span><\/a><\/p>\n","protected":false},"author":81,"featured_media":0,"comment_status":"closed","ping_status":"open","sticky":false,"template":"","format":"standard","meta":{"footnotes":""},"categories":[80,9],"tags":[],"class_list":["post-1111","post","type-post","status-publish","format-standard","hentry","category-80","category-szepproza"],"_links":{"self":[{"href":"https:\/\/fedelnelkul.hu\/en\/wp-json\/wp\/v2\/posts\/1111","targetHints":{"allow":["GET"]}}],"collection":[{"href":"https:\/\/fedelnelkul.hu\/en\/wp-json\/wp\/v2\/posts"}],"about":[{"href":"https:\/\/fedelnelkul.hu\/en\/wp-json\/wp\/v2\/types\/post"}],"author":[{"embeddable":true,"href":"https:\/\/fedelnelkul.hu\/en\/wp-json\/wp\/v2\/users\/81"}],"replies":[{"embeddable":true,"href":"https:\/\/fedelnelkul.hu\/en\/wp-json\/wp\/v2\/comments?post=1111"}],"version-history":[{"count":0,"href":"https:\/\/fedelnelkul.hu\/en\/wp-json\/wp\/v2\/posts\/1111\/revisions"}],"wp:attachment":[{"href":"https:\/\/fedelnelkul.hu\/en\/wp-json\/wp\/v2\/media?parent=1111"}],"wp:term":[{"taxonomy":"category","embeddable":true,"href":"https:\/\/fedelnelkul.hu\/en\/wp-json\/wp\/v2\/categories?post=1111"},{"taxonomy":"post_tag","embeddable":true,"href":"https:\/\/fedelnelkul.hu\/en\/wp-json\/wp\/v2\/tags?post=1111"}],"curies":[{"name":"wp","href":"https:\/\/api.w.org\/{rel}","templated":true}]}}