{"id":1091,"date":"2018-02-10T20:33:35","date_gmt":"2018-02-10T20:33:35","guid":{"rendered":"http:\/\/fedelnelkul.hu\/2018\/02\/10\/beguboztam\/"},"modified":"2018-02-10T20:33:35","modified_gmt":"2018-02-10T20:33:35","slug":"beguboztam","status":"publish","type":"post","link":"https:\/\/fedelnelkul.hu\/en\/2018\/02\/10\/beguboztam\/","title":{"rendered":"Begub\u00f3ztam&#8230;"},"content":{"rendered":"<p>\nBegub\u00f3ztam magamb\u00f3l<br \/>\nkivetkezve bel\u00fcl h\u0151s\u00e9g<br \/>\nkint tombol\u00f3 fagy felfekve<br \/>\naz \u00e1gyra fel-le dob\u00e1l a v\u00e1gy<br \/>\ntajt\u00e9kzik a v\u00e9r szoros g\u00fazsba<br \/>\nk\u00e9ts\u00e9gbeesetten b\u00e1mulom a<br \/>\nmennyezetet szerelmed rajtam<br \/>\na p\u00f3kfon\u00e1l fel nem lazul<br \/>\nel nem enged \u0151rj\u00edt\u0151 ez a hi\u00e1ny<br \/>\n\u00e9s a cs\u00f6nd a cs\u00f6nded<br \/>\nver\u00edt\u00e9kben \u00faszik a vil\u00e1g<br \/>\nmint f\u00e9lm\u00e9teres h\u00f3<br \/>\nf\u00e1jdalomb\u00f3l a takar\u00f3<br \/>\negy k\u00e9sd\u00f6f\u00e9s<br \/>\nhogyha itt hozz\u00e1m sz\u00f3lnak&#8230;<br \/>\nel\u0151ttem m\u00faltba vesz\u0151<br \/>\negyre s\u00f6t\u00e9tebb tegnapok<br \/>\nnem tudok gondolni m\u00e1sra:<br \/>\nveled nem vagyok&#8230;<br \/>\nTele van takonnyal<br \/>\naz orrom eml\u00e9k\u00e9t\u0151l is<br \/>\nelszakadt az illatod oly<br \/>\nmesszire j\u00e1r m\u00e1r mint<br \/>\nNairobit\u00f3l valamennyi rozm\u00e1r<br \/>\nmert mikor is voltam<br \/>\nutolj\u00e1ra r\u00e9szeg? Mikor a<br \/>\nsz\u00e1m el\u0151sz\u00f6r a sz\u00e1dra<br \/>\nr\u00e9vedt (s eny\u00e9mre a ti\u00e9d&#8230;)<br \/>\nAz\u00f3ta nincs j\u00f3zans\u00e1g csak<br \/>\nh\u0151hull\u00e1m &#8211; arra meg d\u00e9r<br \/>\n(Hangy\u00e1b\u00f3l e fejbe<br \/>\nhogy mennyi f\u00e9r&#8230;)<\/p>\n<div class='watch-action'><div class='watch-position align-left'><div class='action-like'><a class='lbg-style1 like-1091 jlk' href='javascript:void(0)' data-task='like' data-post_id='1091' data-nonce='0fc93b1003' rel='nofollow'><img class='wti-pixel' src='https:\/\/fedelnelkul.hu\/wp-content\/plugins\/wti-like-post\/images\/pixel.gif' title='Like' \/><span class='lc-1091 lc'>0<\/span><\/a><\/div><\/div> <div class='status-1091 status align-left'><\/div><\/div><div class='wti-clear'><\/div>","protected":false},"excerpt":{"rendered":"<p>Begub\u00f3ztam magamb\u00f3l kivetkezve bel\u00fcl h\u0151s\u00e9g kint tombol\u00f3 fagy felfekve az \u00e1gyra fel-le dob\u00e1l a v\u00e1gy tajt\u00e9kzik a v\u00e9r szoros g\u00fazsba k\u00e9ts\u00e9gbeesetten b\u00e1mulom a mennyezetet szerelmed rajtam a p\u00f3kfon\u00e1l fel nem lazul el nem enged \u0151rj\u00edt\u0151 ez a hi\u00e1ny \u00e9s a cs\u00f6nd a cs\u00f6nded ver\u00edt\u00e9kben \u00faszik a vil\u00e1g mint f\u00e9lm\u00e9teres h\u00f3 f\u00e1jdalomb\u00f3l a takar\u00f3 egy k\u00e9sd\u00f6f\u00e9s &hellip; <a href=\"https:\/\/fedelnelkul.hu\/en\/2018\/02\/10\/beguboztam\/\" class=\"more-link\">Continue reading <span class=\"screen-reader-text\">Begub\u00f3ztam&#8230;<\/span><\/a><\/p>\n","protected":false},"author":96,"featured_media":0,"comment_status":"closed","ping_status":"open","sticky":false,"template":"","format":"standard","meta":{"footnotes":""},"categories":[78,10],"tags":[],"class_list":["post-1091","post","type-post","status-publish","format-standard","hentry","category-78","category-vers"],"_links":{"self":[{"href":"https:\/\/fedelnelkul.hu\/en\/wp-json\/wp\/v2\/posts\/1091","targetHints":{"allow":["GET"]}}],"collection":[{"href":"https:\/\/fedelnelkul.hu\/en\/wp-json\/wp\/v2\/posts"}],"about":[{"href":"https:\/\/fedelnelkul.hu\/en\/wp-json\/wp\/v2\/types\/post"}],"author":[{"embeddable":true,"href":"https:\/\/fedelnelkul.hu\/en\/wp-json\/wp\/v2\/users\/96"}],"replies":[{"embeddable":true,"href":"https:\/\/fedelnelkul.hu\/en\/wp-json\/wp\/v2\/comments?post=1091"}],"version-history":[{"count":0,"href":"https:\/\/fedelnelkul.hu\/en\/wp-json\/wp\/v2\/posts\/1091\/revisions"}],"wp:attachment":[{"href":"https:\/\/fedelnelkul.hu\/en\/wp-json\/wp\/v2\/media?parent=1091"}],"wp:term":[{"taxonomy":"category","embeddable":true,"href":"https:\/\/fedelnelkul.hu\/en\/wp-json\/wp\/v2\/categories?post=1091"},{"taxonomy":"post_tag","embeddable":true,"href":"https:\/\/fedelnelkul.hu\/en\/wp-json\/wp\/v2\/tags?post=1091"}],"curies":[{"name":"wp","href":"https:\/\/api.w.org\/{rel}","templated":true}]}}