{"id":10906,"date":"2021-06-25T10:43:42","date_gmt":"2021-06-25T08:43:42","guid":{"rendered":"https:\/\/fedelnelkul.hu\/?p=10906"},"modified":"2021-06-25T10:43:44","modified_gmt":"2021-06-25T08:43:44","slug":"schneider-maria","status":"publish","type":"post","link":"https:\/\/fedelnelkul.hu\/en\/2021\/06\/25\/schneider-maria\/","title":{"rendered":"Schneider M\u00e1ria"},"content":{"rendered":"<p><a href=\"http:\/\/fedelnelkul.hu\/kik-a-terjesztok\/\">Terjeszt\u0151<\/a><\/p>\n<p><!--more--><\/p>\n<p><b>Fed\u00e9l N\u00e9lk\u00fcl 2021. j\u00fanius 03. 700. sz\u00e1m<\/b><\/p>\n<h3 style=\"text-align: center;\">\u00c9LNI kell!<\/h3>\n<p><em>Marival a 15. ker\u00fclet f\u0151ter\u00e9n tal\u00e1lkozunk, szerencs\u00e9re csod\u00e1s id\u0151 van m\u00e9g este 7-kor is. Amikor megjelenik, egy szuperkedves h\u00f6lgyet l\u00e1tok, akinek az az els\u0151 k\u00e9rd\u00e9se, hogy megh\u00edvjon-e fagyizni. Sug\u00e1rzik bel\u0151le az \u00e9letigenl\u00e9s, \u00edgy \u00fcl\u00fcnk le egy k\u00f6zeli padra, \u00e9n felteszem a besz\u00e9lget\u00e9sind\u00edt\u00f3 k\u00e9rd\u00e9sem, \u0151 pedig mes\u00e9lni kezdi az \u00e9let\u00e9t.<\/em><\/p>\n<p>Barany\u00e1ban sz\u00fclettem, az \u00e9desap\u00e1m bogn\u00e1r volt, \u00e9n pedig j\u00f3 tanul\u00f3 r\u00e9v\u00e9n Szigetv\u00e1rra j\u00e1rtam m\u00e1r gimn\u00e1ziumba, majd P\u00e9csre ker\u00fcltem, ut\u00e1na pedig Szegedre mentem, ahol megismertem a k\u00e9s\u0151bbi f\u00e9rjemet \u00e9s megsz\u00fcletett a kisfiam. Id\u0151vel elv\u00e1ltunk a f\u00e9rjemmel egym\u00e1st\u00f3l \u00e9s Sziks\u00f3sf\u00fcrd\u0151re k\u00f6lt\u00f6ztem a fiammal. Akik ismerik a v\u00e1rost, tudj\u00e1k, hogy ez a k\u00f6rny\u00e9k akkor egy sokkal ritk\u00e1bban lakott r\u00e9sze volt a v\u00e1rosnak, mint most. Nagyon mag\u00e1nyos \u00e9let volt ez sz\u00e1momra akkor a fiammal.<\/p>\n<blockquote>\n<p>2006-ban k\u00f6lt\u00f6ztem fel Budapestre egy bar\u00e1tommal \u00e9s akkor kezd\u0151d\u00f6tt a tulajdonk\u00e9ppeni hajl\u00e9ktalan \u00e9letem.<\/p>\n<\/blockquote>\n<p>A D\u00f3zsa sz\u00e1ll\u00f3n kaptunk helyet \u00e9s sok-sok \u00e9v ott \u00e9l\u00e9s ut\u00e1n most m\u00e1r itt \u00e9lek a 15. ker\u00fcletben, miut\u00e1n 4 \u00e9ve megp\u00e1ly\u00e1ztam a szobab\u00e9rl\u0151k h\u00e1z\u00e1ban egy lehet\u0151s\u00e9get. Id\u0151k\u00f6zben B\u00e9csben is pr\u00f3b\u00e1ltunk letelepedni, de gyorsan kider\u00fclt, hogy Budapest jobb d\u00f6nt\u00e9s mindenf\u00e9le szempontb\u00f3l. Szerencs\u00e9s vagyok, hiszen utazhattam, ez fontos volt sz\u00e1momra \u00e9s most is az. J\u00e1rtam Olaszorsz\u00e1gban, G\u00f6r\u00f6gorsz\u00e1gban \u00e9s nagy \u00e1lmom, hogy a fiamhoz N\u00e9metorsz\u00e1gba is ell\u00e1togassak.<\/p>\n<p>Az utaz\u00e1son k\u00edv\u00fcl nagyon szeretem a n\u00f6v\u00e9nyeket, a szoban\u00f6v\u00e9nyeken t\u00fal cseresznyef\u00e1t is \u00fcltettem a h\u00e1z m\u00f6g\u00f6tti kiskertbe, ami ha id\u00e9n m\u00e9g nem is, j\u00f6v\u0151re tal\u00e1n m\u00e1r lehet, hogy term\u00e9st is hoz. Egy szak\u00e1csk\u00e9pz\u0151t is elv\u00e9geztem, nagyon szeretek f\u0151zni is, ezt pr\u00f3b\u00e1lom a h\u00e9tk\u00f6znapokban kamatoztatni. Emellett \u00e9rdekel a fot\u00f3z\u00e1s, de ez csak a saj\u00e1t sz\u00f3rakoztat\u00e1somra, minden sz\u00e1momra \u00e9rdekes dolgot lefot\u00f3zok.<\/p>\n<blockquote>\n<p>Az eredeti foglalkoz\u00e1som pedig t\u00e9rk\u00e9prajzol\u00f3 volt, 12 \u00e9vig dolgoztam benne.<\/p>\n<\/blockquote>\n<p>2013 \u00f3ta veszek r\u00e9szt terjeszt\u0151k\u00e9nt a Fed\u00e9l N\u00e9lk\u00fcl \u00e9let\u00e9ben. A Stadionokn\u00e1l \u00e1rulom a lapot, amit nagyon szeretek, mindenki kedves velem, j\u00f3 \u00e9rz\u00e9s kimozdulni \u00e9s kicsit a ny\u00fczsg\u0151 v\u00e1ros forgalm\u00e1t l\u00e1tni, emberek k\u00f6z\u00f6tt lenni.<\/p>\n<p>A Covid j\u00e1rv\u00e1ny annyiban v\u00e1ltoztatta meg az \u00e9letem, hogy terjeszt\u00e9s k\u00f6zben kevesebb embert l\u00e1tok az utc\u00e1n \u00e9s kicsit tart\u00f3zkod\u00f3bbak lettek. Ezen k\u00edv\u00fcl nem igaz\u00e1n v\u00e1ltoztatta meg az \u00e9letem a v\u00edrus szerencs\u00e9re.<\/p>\n<blockquote>\n<p>Viszont nagyon h\u00e1l\u00e1s vagyok a vev\u0151imnek, mert minden egyes eladott lappal k\u00f6zelebb visznek a probl\u00e9m\u00e1im megold\u00e1s\u00e1hoz.<\/p>\n<\/blockquote>\n<p>Az eg\u00e9szs\u00e9gemmel sajnos vannak gondjaim, sok kr\u00f3nikus betegs\u00e9gem van, de igyekszem term\u00e9szetes m\u00f3don, gy\u00f3gyte\u00e1kkal kezelni a betegs\u00e9geimet, amelyekr\u0151l folyamatosan t\u00e1j\u00e9koz\u00f3dom, \u00edgy otthon sz\u00e1mos gy\u00f3gyn\u00f6v\u00e9nyekb\u0151l k\u00e9sz\u00fclt te\u00e1t tartok.<\/p>\n<p><em>A legfontosabb tan\u00e1cs, amit kaptam M\u00e1ri\u00e1t\u00f3l a besz\u00e9lget\u00e9s\u00fcnk v\u00e9g\u00e9n, hogy az \u00e9let gyorsan eltelik \u00e9s \u00c9LNI kell, \u00edgy nagybet\u0171vel, \u00fagyhogy ezt most itt is hagyom mindenkinek&#8230;<\/em><\/p>\n<p>sz\u00f6veg: Szab\u00f3 Andrea<br \/>olvas\u00f3szerkeszt\u0151: Nuszer Mirjam<br \/>fot\u00f3: K\u00f3sa Kriszti\u00e1n<\/p>\n<p><em>Terjeszt\u0151i sorsz\u00e1m: 2042<\/em><br \/><em>terjeszt\u0151: 2013 \u00f3ta<\/em><br \/><em>p\u00e1lya: Stadionok<\/em><\/p>\n<p>\u00a0<\/p>\n<p>\u00a0<\/p>\n\n\n<iframe src=\"https:\/\/www.google.com\/maps\/embed?pb=!1m16!1m12!1m3!1d2695.4160887026887!2d19.106665616650897!3d47.501287439968365!2m3!1f0!2f0!3f0!3m2!1i1024!2i768!4f13.1!2m1!1sStadionok!5e0!3m2!1shu!2shu!4v1624610465935!5m2!1shu!2shu\" width=\"600\" height=\"450\" style=\"border:0;\" allowfullscreen=\"\" loading=\"lazy\"><\/iframe>\n<div class='watch-action'><div class='watch-position align-left'><div class='action-like'><a class='lbg-style1 like-10906 jlk' href='javascript:void(0)' data-task='like' data-post_id='10906' data-nonce='63bf5167ec' rel='nofollow'><img class='wti-pixel' src='https:\/\/fedelnelkul.hu\/wp-content\/plugins\/wti-like-post\/images\/pixel.gif' title='Like' \/><span class='lc-10906 lc'>0<\/span><\/a><\/div><\/div> <div class='status-10906 status align-left'><\/div><\/div><div class='wti-clear'><\/div>","protected":false},"excerpt":{"rendered":"<p>Terjeszt\u0151 0<\/p>\n","protected":false},"author":9209,"featured_media":10907,"comment_status":"closed","ping_status":"open","sticky":false,"template":"","format":"standard","meta":{"footnotes":""},"categories":[490,289],"tags":[],"class_list":["post-10906","post","type-post","status-publish","format-standard","has-post-thumbnail","hentry","category-490","category-a_mi_kis_csaladunk"],"_links":{"self":[{"href":"https:\/\/fedelnelkul.hu\/en\/wp-json\/wp\/v2\/posts\/10906","targetHints":{"allow":["GET"]}}],"collection":[{"href":"https:\/\/fedelnelkul.hu\/en\/wp-json\/wp\/v2\/posts"}],"about":[{"href":"https:\/\/fedelnelkul.hu\/en\/wp-json\/wp\/v2\/types\/post"}],"author":[{"embeddable":true,"href":"https:\/\/fedelnelkul.hu\/en\/wp-json\/wp\/v2\/users\/9209"}],"replies":[{"embeddable":true,"href":"https:\/\/fedelnelkul.hu\/en\/wp-json\/wp\/v2\/comments?post=10906"}],"version-history":[{"count":2,"href":"https:\/\/fedelnelkul.hu\/en\/wp-json\/wp\/v2\/posts\/10906\/revisions"}],"predecessor-version":[{"id":10909,"href":"https:\/\/fedelnelkul.hu\/en\/wp-json\/wp\/v2\/posts\/10906\/revisions\/10909"}],"wp:featuredmedia":[{"embeddable":true,"href":"https:\/\/fedelnelkul.hu\/en\/wp-json\/wp\/v2\/media\/10907"}],"wp:attachment":[{"href":"https:\/\/fedelnelkul.hu\/en\/wp-json\/wp\/v2\/media?parent=10906"}],"wp:term":[{"taxonomy":"category","embeddable":true,"href":"https:\/\/fedelnelkul.hu\/en\/wp-json\/wp\/v2\/categories?post=10906"},{"taxonomy":"post_tag","embeddable":true,"href":"https:\/\/fedelnelkul.hu\/en\/wp-json\/wp\/v2\/tags?post=10906"}],"curies":[{"name":"wp","href":"https:\/\/api.w.org\/{rel}","templated":true}]}}